{"id":8978,"date":"2025-04-01T09:56:31","date_gmt":"2025-04-01T07:56:31","guid":{"rendered":"https:\/\/unescochair-ghe.org\/?p=8978"},"modified":"2026-04-09T12:11:03","modified_gmt":"2026-04-09T10:11:03","slug":"8-april-2025-popular-education-and-education-policies-in-the-field-of-health","status":"publish","type":"post","link":"https:\/\/unescochair-ghe.org\/fa\/8-april-2025-popular-education-and-education-policies-in-the-field-of-health\/","title":{"rendered":"8 April 2025 &#8211; Popular Education and Education Policies in the Field of Health"},"content":{"rendered":"<p>Informaci\u00f3n\u00a0en\u00a0<a href=\"https:\/\/unescochair-ghe.org\/fa\/8-de-abril-2025-la-educacion-popular-y-las-politicas-de-educacion-en-el-campo-de-la-salud\/\">espa\u00f1ol<\/a>, Informa\u00e7\u00f5es\u00a0em\u00a0<a href=\"https:\/\/unescochair-ghe.org\/fa\/8-de-abril-de-2025-educacao-popular-e-politicas-educacionais-no-campo-da-saude\/\">portugu\u00eas<\/a><\/p>\n\n\n\n<hr class=\"wp-block-separator has-alpha-channel-opacity is-style-wide\" \/>\n\n\n\n<h3 class=\"wp-block-heading\">\u0633\u062e\u0646\u0631\u0627\u0646\u0627\u0646<\/h3>\n\n\n\n<div class=\"wp-block-columns is-layout-flex wp-container-core-columns-is-layout-9d6595d7 wp-block-columns-is-layout-flex\">\n<div class=\"wp-block-column is-vertically-aligned-center is-layout-flow wp-block-column-is-layout-flow\" style=\"flex-basis:33.33%\"><div class=\"wp-block-image is-style-rounded\">\n<figure class=\"aligncenter size-large is-resized\"><img decoding=\"async\" width=\"781\" height=\"781\" data-src=\"https:\/\/unescochair-ghe.org\/wp-content\/uploads\/2025\/04\/Vera-edited-1.jpg\" alt=\"\" class=\"wp-image-8975 lazyload\" style=\"--smush-placeholder-width: 781px; --smush-placeholder-aspect-ratio: 781\/781;object-fit:cover;width:225px;height:225px\" data-srcset=\"https:\/\/unescochair-ghe.org\/wp-content\/uploads\/2025\/04\/Vera-edited-1.jpg 781w, https:\/\/unescochair-ghe.org\/wp-content\/uploads\/2025\/04\/Vera-edited-1-300x300.jpg 300w, https:\/\/unescochair-ghe.org\/wp-content\/uploads\/2025\/04\/Vera-edited-1-150x150.jpg 150w, https:\/\/unescochair-ghe.org\/wp-content\/uploads\/2025\/04\/Vera-edited-1-768x768.jpg 768w, https:\/\/unescochair-ghe.org\/wp-content\/uploads\/2025\/04\/Vera-edited-1-12x12.jpg 12w, https:\/\/unescochair-ghe.org\/wp-content\/uploads\/2025\/04\/Vera-edited-1-512x512.jpg 512w\" data-sizes=\"(max-width: 781px) 100vw, 781px\" src=\"data:image\/svg+xml;base64,PHN2ZyB3aWR0aD0iMSIgaGVpZ2h0PSIxIiB4bWxucz0iaHR0cDovL3d3dy53My5vcmcvMjAwMC9zdmciPjwvc3ZnPg==\" \/><\/figure>\n<\/div><\/div>\n\n\n\n<div class=\"wp-block-column is-vertically-aligned-center is-layout-flow wp-block-column-is-layout-flow\" style=\"flex-basis:66.66%\">\n<h4 class=\"wp-block-heading\">Moderator<\/h4>\n\n\n\n<p><strong>Vera Bornstein<\/strong>, Member of the Brazilian Popular Education Network<\/p>\n<\/div>\n<\/div>\n\n\n\n<div style=\"height:10px\" aria-hidden=\"true\" class=\"wp-block-spacer\"><\/div>\n\n\n\n<div class=\"wp-block-columns is-layout-flex wp-container-core-columns-is-layout-9d6595d7 wp-block-columns-is-layout-flex\">\n<div class=\"wp-block-column is-vertically-aligned-center is-layout-flow wp-block-column-is-layout-flow\" style=\"flex-basis:33.33%\"><div class=\"wp-block-image is-style-rounded\">\n<figure class=\"aligncenter size-full is-resized\"><img decoding=\"async\" width=\"474\" height=\"474\" data-src=\"https:\/\/unescochair-ghe.org\/wp-content\/uploads\/2025\/03\/Adriana-edited.jpeg\" alt=\"\" class=\"wp-image-8963 lazyload\" style=\"--smush-placeholder-width: 474px; --smush-placeholder-aspect-ratio: 474\/474;object-fit:cover;width:225px;height:225px\" data-srcset=\"https:\/\/unescochair-ghe.org\/wp-content\/uploads\/2025\/03\/Adriana-edited.jpeg 474w, https:\/\/unescochair-ghe.org\/wp-content\/uploads\/2025\/03\/Adriana-edited-300x300.jpeg 300w, https:\/\/unescochair-ghe.org\/wp-content\/uploads\/2025\/03\/Adriana-edited-150x150.jpeg 150w, https:\/\/unescochair-ghe.org\/wp-content\/uploads\/2025\/03\/Adriana-edited-12x12.jpeg 12w\" data-sizes=\"(max-width: 474px) 100vw, 474px\" src=\"data:image\/svg+xml;base64,PHN2ZyB3aWR0aD0iMSIgaGVpZ2h0PSIxIiB4bWxucz0iaHR0cDovL3d3dy53My5vcmcvMjAwMC9zdmciPjwvc3ZnPg==\" \/><\/figure>\n<\/div><\/div>\n\n\n\n<div class=\"wp-block-column is-vertically-aligned-center is-layout-flow wp-block-column-is-layout-flow\" style=\"flex-basis:66.66%\">\n<p><strong>Prof. Adriana Prestes do Nascimento Pal\u00fa <\/strong>has a degree in Dentistry and a Master&#8217;s degree in Collective Health. She is currently an official of the Municipal Health Authority of Apucarana &#8211; Paran\u00e1, where she is director of the Department of Health Education and Research and coordinator of the Multiprofessional Residency Commission. She is the state coordinator of the Training Programme for Popular Health Agents (AgPopSUS) and of the Improvement Course in Popular Health Education (EdPopSUS), and is a member of the National Articulation of Movements and Practices of Popular Education and Health &#8211; ANEPS, of the Popular Education Network and of the National Movement of Health Residencies.<\/p>\n<\/div>\n<\/div>\n\n\n\n<div class=\"wp-block-columns is-layout-flex wp-container-core-columns-is-layout-9d6595d7 wp-block-columns-is-layout-flex\">\n<div class=\"wp-block-column is-vertically-aligned-center is-layout-flow wp-block-column-is-layout-flow\" style=\"flex-basis:33.33%\"><div class=\"wp-block-image is-style-rounded\">\n<figure class=\"aligncenter size-large is-resized\"><img decoding=\"async\" width=\"504\" height=\"504\" data-src=\"https:\/\/unescochair-ghe.org\/wp-content\/uploads\/2025\/03\/Vanderleia-edited.jpeg\" alt=\"\" class=\"wp-image-8965 lazyload\" style=\"--smush-placeholder-width: 504px; --smush-placeholder-aspect-ratio: 504\/504;object-fit:cover;width:225px;height:225px\" data-srcset=\"https:\/\/unescochair-ghe.org\/wp-content\/uploads\/2025\/03\/Vanderleia-edited.jpeg 504w, https:\/\/unescochair-ghe.org\/wp-content\/uploads\/2025\/03\/Vanderleia-edited-300x300.jpeg 300w, https:\/\/unescochair-ghe.org\/wp-content\/uploads\/2025\/03\/Vanderleia-edited-150x150.jpeg 150w, https:\/\/unescochair-ghe.org\/wp-content\/uploads\/2025\/03\/Vanderleia-edited-12x12.jpeg 12w\" data-sizes=\"(max-width: 504px) 100vw, 504px\" src=\"data:image\/svg+xml;base64,PHN2ZyB3aWR0aD0iMSIgaGVpZ2h0PSIxIiB4bWxucz0iaHR0cDovL3d3dy53My5vcmcvMjAwMC9zdmciPjwvc3ZnPg==\" \/><\/figure>\n<\/div><\/div>\n\n\n\n<div class=\"wp-block-column is-vertically-aligned-center is-layout-flow wp-block-column-is-layout-flow\" style=\"flex-basis:66.66%\">\n<p><strong>Prof. Dr. Vanderl\u00e9ia Pulga<\/strong>, Bachelor in Philosophy, Master and Doctor in Education, winner of 1st place in the Research and Systematisation category in the 2nd edition of the Victor Valla Award, Professor of Collective Health at UFFS\/Campus Passo Fundo\/RS in the undergraduate course of Medicine. Vice-coordinator of the Multiprofessional Health Residency Programme. Member of the Innovation in Collective Health Research Group. Researcher and guest lecturer of the International Network of Education and Research in Education and Work in Health Systems and Services (RED SALUD UNICA) and of the Master&#8217;s and Doctorate Programme in Public Health of the Catholic University Redemptoris Mater (UNICA) and of PAHO. Member of the Popular Education and Health WG of ABRASCO. Member of the Brazilian Association of Rede Unida. Member of the National Articulation of Movements and Practices of Popular Education and Health.<\/p>\n<\/div>\n<\/div>\n\n\n\n<div class=\"wp-block-columns is-layout-flex wp-container-core-columns-is-layout-9d6595d7 wp-block-columns-is-layout-flex\">\n<div class=\"wp-block-column is-vertically-aligned-center is-layout-flow wp-block-column-is-layout-flow\" style=\"flex-basis:33.33%\"><div class=\"wp-block-image is-style-rounded\">\n<figure class=\"aligncenter size-large is-resized\"><img decoding=\"async\" width=\"990\" height=\"990\" data-src=\"https:\/\/unescochair-ghe.org\/wp-content\/uploads\/2025\/03\/Monica-Genith-Castro-edited.jpeg\" alt=\"\" class=\"wp-image-8967 lazyload\" style=\"--smush-placeholder-width: 990px; --smush-placeholder-aspect-ratio: 990\/990;object-fit:cover;width:225px;height:auto\" data-srcset=\"https:\/\/unescochair-ghe.org\/wp-content\/uploads\/2025\/03\/Monica-Genith-Castro-edited.jpeg 990w, https:\/\/unescochair-ghe.org\/wp-content\/uploads\/2025\/03\/Monica-Genith-Castro-edited-300x300.jpeg 300w, https:\/\/unescochair-ghe.org\/wp-content\/uploads\/2025\/03\/Monica-Genith-Castro-edited-150x150.jpeg 150w, https:\/\/unescochair-ghe.org\/wp-content\/uploads\/2025\/03\/Monica-Genith-Castro-edited-768x768.jpeg 768w, https:\/\/unescochair-ghe.org\/wp-content\/uploads\/2025\/03\/Monica-Genith-Castro-edited-12x12.jpeg 12w, https:\/\/unescochair-ghe.org\/wp-content\/uploads\/2025\/03\/Monica-Genith-Castro-edited-512x512.jpeg 512w\" data-sizes=\"(max-width: 990px) 100vw, 990px\" src=\"data:image\/svg+xml;base64,PHN2ZyB3aWR0aD0iMSIgaGVpZ2h0PSIxIiB4bWxucz0iaHR0cDovL3d3dy53My5vcmcvMjAwMC9zdmciPjwvc3ZnPg==\" \/><\/figure>\n<\/div><\/div>\n\n\n\n<div class=\"wp-block-column is-vertically-aligned-center is-layout-flow wp-block-column-is-layout-flow\" style=\"flex-basis:66.66%\">\n<p><strong>Dr. Monica Genith Castro Hernandez<\/strong>, Surgeon and Master in Public Health from the National University of Colombia, Coordinator of the life course group of the Promotion and Prevention Directorate of the Ministry of Health and Social Protection of Colombia.<\/p>\n<\/div>\n<\/div>\n\n\n\n<hr class=\"wp-block-separator has-alpha-channel-opacity is-style-wide\" \/>\n\n\n\n<h3 class=\"wp-block-heading\">\u062e\u0644\u0627\u0635\u0647<\/h3>\n\n\n\n<p>The webinar aims to analyse how popular education or part of its pedagogical and political principles have been introduced\/assumed in health education policies in different countries of the region. There will be a theoretical introduction on the foundations and principles of popular education and afterwards, two speakers will talk about educational policies and experiences in Colombia and Brazil. The questions we will address during the webinar are:<\/p>\n\n\n\n<ul class=\"wp-block-list\">\n<li>How have Latin American countries adopted the perspective of popular education, its pedagogical and political principles, in educational policies in the field of health?<\/li>\n\n\n\n<li>What training initiatives on popular health education are implemented with community members and health professionals in Latin American countries?<\/li>\n<\/ul>\n\n\n\n<hr class=\"wp-block-separator has-alpha-channel-opacity is-style-wide\" \/>\n\n\n\n<h3 class=\"wp-block-heading\">Our speaker\u2019s contributions<\/h3>\n\n\n\n<p>The recording of the webinar:<\/p>\n\n\n\n<div class=\"wp-block-columns is-layout-flex wp-container-core-columns-is-layout-9d6595d7 wp-block-columns-is-layout-flex\">\n<div class=\"wp-block-column is-layout-flow wp-block-column-is-layout-flow\" style=\"flex-basis:33.33%\">\n<figure class=\"wp-block-embed is-type-video is-provider-youtube wp-block-embed-youtube wp-embed-aspect-16-9 wp-has-aspect-ratio\"><div class=\"wp-block-embed__wrapper\">\n<iframe title=\"Webinario: La Educaci\u00f3n Popular y las Pol\u00edticas de Educaci\u00f3n en el campo de la salud\" width=\"1233\" height=\"694\" data-src=\"https:\/\/www.youtube.com\/embed\/zWpr4eqWqYQ?feature=oembed\" frameborder=\"0\" allow=\"accelerometer; autoplay; clipboard-write; encrypted-media; gyroscope; picture-in-picture; web-share\" referrerpolicy=\"strict-origin-when-cross-origin\" allowfullscreen src=\"data:image\/svg+xml;base64,PHN2ZyB3aWR0aD0iMSIgaGVpZ2h0PSIxIiB4bWxucz0iaHR0cDovL3d3dy53My5vcmcvMjAwMC9zdmciPjwvc3ZnPg==\" class=\"lazyload\" data-load-mode=\"1\"><\/iframe>\n<\/div><\/figure>\n<\/div>\n\n\n\n<div class=\"wp-block-column is-layout-flow wp-block-column-is-layout-flow\" style=\"flex-basis:66.66%\"><\/div>\n<\/div>\n\n\n\n<div style=\"height:10px\" aria-hidden=\"true\" class=\"wp-block-spacer\"><\/div>\n\n\n\n<div class=\"wp-block-columns is-layout-flex wp-container-core-columns-is-layout-9d6595d7 wp-block-columns-is-layout-flex\">\n<div class=\"wp-block-column is-layout-flow wp-block-column-is-layout-flow\" style=\"flex-basis:33.33%\">\n<figure class=\"wp-block-image size-large\"><img decoding=\"async\" width=\"1024\" height=\"576\" data-src=\"https:\/\/unescochair-ghe.org\/wp-content\/uploads\/2025\/03\/Adriana-ppt-1024x576.png\" alt=\"\" class=\"wp-image-9590 lazyload\" data-srcset=\"https:\/\/unescochair-ghe.org\/wp-content\/uploads\/2025\/03\/Adriana-ppt-1024x576.png 1024w, https:\/\/unescochair-ghe.org\/wp-content\/uploads\/2025\/03\/Adriana-ppt-300x169.png 300w, https:\/\/unescochair-ghe.org\/wp-content\/uploads\/2025\/03\/Adriana-ppt-768x432.png 768w, https:\/\/unescochair-ghe.org\/wp-content\/uploads\/2025\/03\/Adriana-ppt-1536x863.png 1536w, https:\/\/unescochair-ghe.org\/wp-content\/uploads\/2025\/03\/Adriana-ppt-18x10.png 18w, https:\/\/unescochair-ghe.org\/wp-content\/uploads\/2025\/03\/Adriana-ppt-494x278.png 494w, https:\/\/unescochair-ghe.org\/wp-content\/uploads\/2025\/03\/Adriana-ppt.png 1681w\" data-sizes=\"(max-width: 1024px) 100vw, 1024px\" src=\"data:image\/svg+xml;base64,PHN2ZyB3aWR0aD0iMSIgaGVpZ2h0PSIxIiB4bWxucz0iaHR0cDovL3d3dy53My5vcmcvMjAwMC9zdmciPjwvc3ZnPg==\" style=\"--smush-placeholder-width: 1024px; --smush-placeholder-aspect-ratio: 1024\/576;\" \/><\/figure>\n<\/div>\n\n\n\n<div class=\"wp-block-column is-vertically-aligned-center is-layout-flow wp-block-column-is-layout-flow\" style=\"flex-basis:66.66%\">\n<p><a href=\"https:\/\/unescochair-ghe.org\/wp-content\/uploads\/2025\/08\/Adriana-Prestes-do-Nascimento-Palu-Educacao-Popular-em-Saude.pdf\">Download the presentation of Prof. Adriana Prestes do Nascimento Pal\u00fa<\/a><\/p>\n<\/div>\n<\/div>\n\n\n\n<div style=\"height:10px\" aria-hidden=\"true\" class=\"wp-block-spacer\"><\/div>\n\n\n\n<div class=\"wp-block-columns is-layout-flex wp-container-core-columns-is-layout-9d6595d7 wp-block-columns-is-layout-flex\">\n<div class=\"wp-block-column is-layout-flow wp-block-column-is-layout-flow\" style=\"flex-basis:33.33%\">\n<figure class=\"wp-block-image size-large\"><img decoding=\"async\" width=\"1024\" height=\"574\" data-src=\"https:\/\/unescochair-ghe.org\/wp-content\/uploads\/2025\/03\/Vanderleia-Pulga-PPT-1024x574.png\" alt=\"\" class=\"wp-image-9591 lazyload\" data-srcset=\"https:\/\/unescochair-ghe.org\/wp-content\/uploads\/2025\/03\/Vanderleia-Pulga-PPT-1024x574.png 1024w, https:\/\/unescochair-ghe.org\/wp-content\/uploads\/2025\/03\/Vanderleia-Pulga-PPT-300x168.png 300w, https:\/\/unescochair-ghe.org\/wp-content\/uploads\/2025\/03\/Vanderleia-Pulga-PPT-768x430.png 768w, https:\/\/unescochair-ghe.org\/wp-content\/uploads\/2025\/03\/Vanderleia-Pulga-PPT-18x10.png 18w, https:\/\/unescochair-ghe.org\/wp-content\/uploads\/2025\/03\/Vanderleia-Pulga-PPT-494x277.png 494w, https:\/\/unescochair-ghe.org\/wp-content\/uploads\/2025\/03\/Vanderleia-Pulga-PPT.png 1499w\" data-sizes=\"(max-width: 1024px) 100vw, 1024px\" src=\"data:image\/svg+xml;base64,PHN2ZyB3aWR0aD0iMSIgaGVpZ2h0PSIxIiB4bWxucz0iaHR0cDovL3d3dy53My5vcmcvMjAwMC9zdmciPjwvc3ZnPg==\" style=\"--smush-placeholder-width: 1024px; --smush-placeholder-aspect-ratio: 1024\/574;\" \/><\/figure>\n<\/div>\n\n\n\n<div class=\"wp-block-column is-vertically-aligned-center is-layout-flow wp-block-column-is-layout-flow\" style=\"flex-basis:66.66%\">\n<p><a href=\"https:\/\/unescochair-ghe.org\/wp-content\/uploads\/2025\/08\/Profa-Vanderleia-Webnario-Estrategias-para-implementar-a-Educacao-em-Saude-em-diferentes-contextos-na-America-Latina.pdf\">Download the presentation of Prof. Dr. Vanderl\u00e9ia Pulga<\/a><\/p>\n<\/div>\n<\/div>\n\n\n\n<div style=\"height:10px\" aria-hidden=\"true\" class=\"wp-block-spacer\"><\/div>\n\n\n\n<div style=\"height:10px\" aria-hidden=\"true\" class=\"wp-block-spacer\"><\/div>\n\n\n\n<div class=\"wp-block-columns is-layout-flex wp-container-core-columns-is-layout-9d6595d7 wp-block-columns-is-layout-flex\">\n<div class=\"wp-block-column is-layout-flow wp-block-column-is-layout-flow\" style=\"flex-basis:33.33%\">\n<figure class=\"wp-block-image size-large\"><img decoding=\"async\" width=\"1024\" height=\"577\" data-src=\"https:\/\/unescochair-ghe.org\/wp-content\/uploads\/2025\/03\/Monica-Genith-Castro-Hernandez-ppt-1024x577.png\" alt=\"\" class=\"wp-image-9592 lazyload\" data-srcset=\"https:\/\/unescochair-ghe.org\/wp-content\/uploads\/2025\/03\/Monica-Genith-Castro-Hernandez-ppt-1024x577.png 1024w, https:\/\/unescochair-ghe.org\/wp-content\/uploads\/2025\/03\/Monica-Genith-Castro-Hernandez-ppt-300x169.png 300w, https:\/\/unescochair-ghe.org\/wp-content\/uploads\/2025\/03\/Monica-Genith-Castro-Hernandez-ppt-768x433.png 768w, https:\/\/unescochair-ghe.org\/wp-content\/uploads\/2025\/03\/Monica-Genith-Castro-Hernandez-ppt-18x10.png 18w, https:\/\/unescochair-ghe.org\/wp-content\/uploads\/2025\/03\/Monica-Genith-Castro-Hernandez-ppt-494x278.png 494w, https:\/\/unescochair-ghe.org\/wp-content\/uploads\/2025\/03\/Monica-Genith-Castro-Hernandez-ppt.png 1500w\" data-sizes=\"(max-width: 1024px) 100vw, 1024px\" src=\"data:image\/svg+xml;base64,PHN2ZyB3aWR0aD0iMSIgaGVpZ2h0PSIxIiB4bWxucz0iaHR0cDovL3d3dy53My5vcmcvMjAwMC9zdmciPjwvc3ZnPg==\" style=\"--smush-placeholder-width: 1024px; --smush-placeholder-aspect-ratio: 1024\/577;\" \/><\/figure>\n<\/div>\n\n\n\n<div class=\"wp-block-column is-vertically-aligned-center is-layout-flow wp-block-column-is-layout-flow\" style=\"flex-basis:66.66%\">\n<p><a href=\"https:\/\/unescochair-ghe.org\/wp-content\/uploads\/2025\/08\/Monica-Genith-Castro-Hernandez-EpS-en-la-Atencion-integral-en-salud.pdf\">Download the presentation of Dr. Monica Genith Castro Hernandez<\/a><\/p>\n<\/div>\n<\/div>\n\n\n\n<hr class=\"wp-block-separator has-alpha-channel-opacity is-style-wide\" \/>\n\n\n\n<h3 class=\"wp-block-heading\">Latin American Network for the Revitalisation of Health Education<\/h3>\n\n\n\n<p>This webinar is a part of the \u201cLatin American Network for the Revitalisation of Health Education\u201d.&nbsp;This initiative is being promoted with the participation of the UNESCO Chair on Global Health and Education, the Inter-American Consortium of Universities and Training Centers for Health Education and Health Promotion (CIUEPS), the Brazilian Network of Popular Health Education, the Colombian Network of Health Education and the Regional Office for Latin America of the International Union of Health Promotion and Education (IUHPE\/ORLA), with the following objectives:<\/p>\n\n\n\n<ul class=\"wp-block-list\">\n<li>Promote health education at national and international levels, as a fundamental dimension of the health disciplines, the educational sciences and the social and human sciences.<\/li>\n\n\n\n<li>To recuperate the Latin American production and position it in the regional level, which implies promoting its critical and decolonial approaches. A health education that advocates for social transformation towards a more just and equitable society that guarantees well-being and a life with dignity.<\/li>\n\n\n\n<li>Promote the articulation of the education and health sectors to strengthen the actions of each of these sectors to promote health education, by recognizing education and health as two inalienable, synergistic and interdependent human rights.<\/li>\n\n\n\n<li>Strengthen the theoretical, political and ethical foundations of health education as a requirement for a responsible, productive and ethical pedagogical practice.<\/li>\n\n\n\n<li>To generate a setting for the articulation of academia and civil society that allows Latin American integration in order to share experiences, knowledge and aspirations framed in a collective purpose.<\/li>\n\n\n\n<li>To promote national and international integration with respect to health education as a means for mutual learning and solidarity, and to facilitate cooperative actions in the development of academic-scientific events, research and training processes.<\/li>\n<\/ul>\n\n\n\n<p>The webinars, open to all interested stakeholders, are a component of the program. They are experiential sessions, lasting 60-90 minutes, with guest speakers who present their reflections on two or three problematic questions to encourage audience participation. Five webinars have been scheduled for this first stage of the program, with an interval of 2 months between each one.<\/p>\n\n\n\n<p>Watch the recordings of previous webinars:<\/p>\n\n\n\n<ul class=\"wp-block-list\">\n<li><a href=\"https:\/\/unescochair-ghe.org\/fa\/11-february-2025-strategies-for-implementing-health-education-in-different-latin-american-settings\/\">11 February 2025 &#8211; Strategies for implementing Health Education in different Latin American settings<\/a><\/li>\n\n\n\n<li><a href=\"https:\/\/unescochair-ghe.org\/fa\/26-november-2024-the-invisibilization-of-health-education-and-how-it-can-be-revitalized-also-recovering-latin-american-experiences-and-productions\/\">26 November 2024 \u2013 The invisibilization of health education and how it can be revitalized, also recovering Latin American experiences and productions<\/a><\/li>\n\n\n\n<li><a href=\"https:\/\/unescochair-ghe.org\/fa\/17-september-2024-theoretical-and-political-debates-on-health-education-in-latin-america\/\">17 September 2024 \u2013 Theoretical and political debates on Health Education in Latin America<\/a><\/li>\n<\/ul>\n\n\n\n<hr class=\"wp-block-separator has-alpha-channel-opacity is-style-wide\" \/>\n\n\n\n<figure class=\"wp-block-image size-large\"><img decoding=\"async\" width=\"1024\" height=\"536\" data-src=\"https:\/\/unescochair-ghe.org\/wp-content\/uploads\/2025\/04\/EN-La-Educacion-Popular-y-las-Politicas-de-Educacion-en-el-campo-de-la-salud-1024x536.png\" alt=\"\" class=\"wp-image-8980 lazyload\" data-srcset=\"https:\/\/unescochair-ghe.org\/wp-content\/uploads\/2025\/04\/EN-La-Educacion-Popular-y-las-Politicas-de-Educacion-en-el-campo-de-la-salud-1024x536.png 1024w, https:\/\/unescochair-ghe.org\/wp-content\/uploads\/2025\/04\/EN-La-Educacion-Popular-y-las-Politicas-de-Educacion-en-el-campo-de-la-salud-300x157.png 300w, https:\/\/unescochair-ghe.org\/wp-content\/uploads\/2025\/04\/EN-La-Educacion-Popular-y-las-Politicas-de-Educacion-en-el-campo-de-la-salud-768x402.png 768w, https:\/\/unescochair-ghe.org\/wp-content\/uploads\/2025\/04\/EN-La-Educacion-Popular-y-las-Politicas-de-Educacion-en-el-campo-de-la-salud-18x9.png 18w, https:\/\/unescochair-ghe.org\/wp-content\/uploads\/2025\/04\/EN-La-Educacion-Popular-y-las-Politicas-de-Educacion-en-el-campo-de-la-salud-494x259.png 494w, https:\/\/unescochair-ghe.org\/wp-content\/uploads\/2025\/04\/EN-La-Educacion-Popular-y-las-Politicas-de-Educacion-en-el-campo-de-la-salud.png 1200w\" data-sizes=\"(max-width: 1024px) 100vw, 1024px\" src=\"data:image\/svg+xml;base64,PHN2ZyB3aWR0aD0iMSIgaGVpZ2h0PSIxIiB4bWxucz0iaHR0cDovL3d3dy53My5vcmcvMjAwMC9zdmciPjwvc3ZnPg==\" style=\"--smush-placeholder-width: 1024px; --smush-placeholder-aspect-ratio: 1024\/536;\" \/><\/figure>","protected":false},"excerpt":{"rendered":"<p>Informaci\u00f3n\u00a0en\u00a0espa\u00f1ol, Informa\u00e7\u00f5es\u00a0em\u00a0portugu\u00eas Speakers Moderator Vera Bornstein, Member of the Brazilian Popular Education Network Prof. Adriana Prestes do Nascimento Pal\u00fa has a degree in Dentistry and a Master&#8217;s degree in Collective &hellip;<\/p>","protected":false},"author":3,"featured_media":8980,"comment_status":"closed","ping_status":"closed","sticky":false,"template":"","format":"standard","meta":{"footnotes":"","_links_to":"","_links_to_target":""},"categories":[1],"tags":[193,9,31,159,197,27],"class_list":["post-8978","post","type-post","status-publish","format-standard","has-post-thumbnail","hentry","category-news","tag-educacion-popular-en-salud","tag-education","tag-health","tag-latin-america","tag-popular-health-education","tag-webinar"],"_links":{"self":[{"href":"https:\/\/unescochair-ghe.org\/fa\/wp-json\/wp\/v2\/posts\/8978","targetHints":{"allow":["GET"]}}],"collection":[{"href":"https:\/\/unescochair-ghe.org\/fa\/wp-json\/wp\/v2\/posts"}],"about":[{"href":"https:\/\/unescochair-ghe.org\/fa\/wp-json\/wp\/v2\/types\/post"}],"author":[{"embeddable":true,"href":"https:\/\/unescochair-ghe.org\/fa\/wp-json\/wp\/v2\/users\/3"}],"replies":[{"embeddable":true,"href":"https:\/\/unescochair-ghe.org\/fa\/wp-json\/wp\/v2\/comments?post=8978"}],"version-history":[{"count":7,"href":"https:\/\/unescochair-ghe.org\/fa\/wp-json\/wp\/v2\/posts\/8978\/revisions"}],"predecessor-version":[{"id":10201,"href":"https:\/\/unescochair-ghe.org\/fa\/wp-json\/wp\/v2\/posts\/8978\/revisions\/10201"}],"wp:featuredmedia":[{"embeddable":true,"href":"https:\/\/unescochair-ghe.org\/fa\/wp-json\/wp\/v2\/media\/8980"}],"wp:attachment":[{"href":"https:\/\/unescochair-ghe.org\/fa\/wp-json\/wp\/v2\/media?parent=8978"}],"wp:term":[{"taxonomy":"category","embeddable":true,"href":"https:\/\/unescochair-ghe.org\/fa\/wp-json\/wp\/v2\/categories?post=8978"},{"taxonomy":"post_tag","embeddable":true,"href":"https:\/\/unescochair-ghe.org\/fa\/wp-json\/wp\/v2\/tags?post=8978"}],"curies":[{"name":"wp","href":"https:\/\/api.w.org\/{rel}","templated":true}]}}