{"id":8735,"date":"2025-02-03T12:23:23","date_gmt":"2025-02-03T11:23:23","guid":{"rendered":"https:\/\/unescochair-ghe.org\/?p=8735"},"modified":"2026-04-09T12:13:22","modified_gmt":"2026-04-09T10:13:22","slug":"11-febrero-2025-estrategias-para-implementar-la-educacion-para-la-salud-en-diferentes-entornos-de-america-latina","status":"publish","type":"post","link":"https:\/\/unescochair-ghe.org\/fa\/11-febrero-2025-estrategias-para-implementar-la-educacion-para-la-salud-en-diferentes-entornos-de-america-latina\/","title":{"rendered":"11 febrero 2025 &#8211; Estrategias para implementar la Educaci\u00f3n para la Salud en diferentes entornos de Am\u00e9rica Latina"},"content":{"rendered":"<p>Informa\u00e7\u00f5es <a href=\"https:\/\/unescochair-ghe.org\/fa\/11-de-fevereiro-de-2025-estrategias-para-implementar-a-educacao-em-saude-em-diferentes-contextos-na-america-latina\/\">em portugu\u00eas<\/a>, Information <a href=\"https:\/\/unescochair-ghe.org\/fa\/11-february-2025-strategies-for-implementing-health-education-in-different-latin-american-settings\/\">in English<\/a><\/p>\n\n\n\n<hr class=\"wp-block-separator has-alpha-channel-opacity is-style-wide\" \/>\n\n\n\n<h3 class=\"wp-block-heading\">Oradores<\/h3>\n\n\n\n<div class=\"wp-block-columns is-layout-flex wp-container-core-columns-is-layout-9d6595d7 wp-block-columns-is-layout-flex\">\n<div class=\"wp-block-column is-vertically-aligned-center is-layout-flow wp-block-column-is-layout-flow\" style=\"flex-basis:33.33%\"><div class=\"wp-block-image is-style-rounded\">\n<figure class=\"aligncenter size-full is-resized\"><img decoding=\"async\" width=\"376\" height=\"376\" data-src=\"https:\/\/unescochair-ghe.org\/wp-content\/uploads\/2025\/02\/Martin-Zemel-01-edited.jpg\" alt=\"\" class=\"wp-image-8737 lazyload\" style=\"--smush-placeholder-width: 376px; --smush-placeholder-aspect-ratio: 376\/376;object-fit:cover;width:225px;height:225px\" data-srcset=\"https:\/\/unescochair-ghe.org\/wp-content\/uploads\/2025\/02\/Martin-Zemel-01-edited.jpg 376w, https:\/\/unescochair-ghe.org\/wp-content\/uploads\/2025\/02\/Martin-Zemel-01-edited-300x300.jpg 300w, https:\/\/unescochair-ghe.org\/wp-content\/uploads\/2025\/02\/Martin-Zemel-01-edited-150x150.jpg 150w, https:\/\/unescochair-ghe.org\/wp-content\/uploads\/2025\/02\/Martin-Zemel-01-edited-12x12.jpg 12w\" data-sizes=\"(max-width: 376px) 100vw, 376px\" src=\"data:image\/svg+xml;base64,PHN2ZyB3aWR0aD0iMSIgaGVpZ2h0PSIxIiB4bWxucz0iaHR0cDovL3d3dy53My5vcmcvMjAwMC9zdmciPjwvc3ZnPg==\" \/><\/figure>\n<\/div><\/div>\n\n\n\n<div class=\"wp-block-column is-vertically-aligned-center is-layout-flow wp-block-column-is-layout-flow\" style=\"flex-basis:66.66%\">\n<h4 class=\"wp-block-heading\">Moderador<\/h4>\n\n\n\n<p><strong>Prof. Dr. Mart\u00edn Zemel<\/strong> es Odont\u00f3logo, Mag\u00edster en Educaci\u00f3n Odontol\u00f3gica, y cuenta con un doctorado y un posdoctorado en Odontolog\u00eda. Su experiencia se ha centrado en la promoci\u00f3n de la salud y la equidad en la salud desde una perspectiva intercultural e intersectorial basada en los derechos humanos.<br>Es Director de la Escuela de Odontolog\u00eda de la Universidad FASTA (Mar del Plata, Argentina) donde tambi\u00e9n se desempe\u00f1a como Profesor de Salud Comunitaria. Adem\u00e1s, es Profesor de Bio\u00e9tica en la Universidad Nacional de La Plata, Investigador Categor\u00eda I SICADI-UNLP, Acad\u00e9mico de n\u00famero de la Academia Nacional de Odontolog\u00eda, miembro de Comit\u00e9s de diferentes Carreras de Doctorado, y Profesor invitado en diferentes Universidades argentinas y de otros pa\u00edses.<br>En la Uni\u00f3n Internacional para la Promoci\u00f3n de la Salud y la Educaci\u00f3n para la Salud (UIPES) es su actual Vicepresidente regional para Am\u00e9rica Latina, coordina el subcomit\u00e9 en Espa\u00f1ol de la Conferencia Mundial de Promoci\u00f3n de la Salud y es miembro del Comit\u00e9 acad\u00e9mico de la Red latinoamericana para la Educaci\u00f3n para la Salud. Adem\u00e1s, representa a la UIPES en la Comisi\u00f3n de la Sociedad Civil de la OMS, e integra el Grupo de Trabajo de la OMS sobre Enfermedades no transmisibles.<\/p>\n<\/div>\n<\/div>\n\n\n\n<div class=\"wp-block-columns is-layout-flex wp-container-core-columns-is-layout-9d6595d7 wp-block-columns-is-layout-flex\">\n<div class=\"wp-block-column is-vertically-aligned-center is-layout-flow wp-block-column-is-layout-flow\" style=\"flex-basis:33.33%\"><div class=\"wp-block-image is-style-rounded\">\n<figure class=\"aligncenter size-full is-resized\"><img decoding=\"async\" width=\"720\" height=\"723\" data-src=\"https:\/\/unescochair-ghe.org\/wp-content\/uploads\/2021\/04\/Blanca-Patricia-Mantilla.-Perfil.jpg\" alt=\"\" class=\"wp-image-3602 lazyload\" style=\"--smush-placeholder-width: 720px; --smush-placeholder-aspect-ratio: 720\/723;object-fit:cover;width:225px;height:225px\" data-srcset=\"https:\/\/unescochair-ghe.org\/wp-content\/uploads\/2021\/04\/Blanca-Patricia-Mantilla.-Perfil.jpg 720w, https:\/\/unescochair-ghe.org\/wp-content\/uploads\/2021\/04\/Blanca-Patricia-Mantilla.-Perfil-300x300.jpg 300w, https:\/\/unescochair-ghe.org\/wp-content\/uploads\/2021\/04\/Blanca-Patricia-Mantilla.-Perfil-150x150.jpg 150w, https:\/\/unescochair-ghe.org\/wp-content\/uploads\/2021\/04\/Blanca-Patricia-Mantilla.-Perfil-12x12.jpg 12w, https:\/\/unescochair-ghe.org\/wp-content\/uploads\/2021\/04\/Blanca-Patricia-Mantilla.-Perfil-299x300.jpg 299w\" data-sizes=\"(max-width: 720px) 100vw, 720px\" src=\"data:image\/svg+xml;base64,PHN2ZyB3aWR0aD0iMSIgaGVpZ2h0PSIxIiB4bWxucz0iaHR0cDovL3d3dy53My5vcmcvMjAwMC9zdmciPjwvc3ZnPg==\" \/><\/figure>\n<\/div><\/div>\n\n\n\n<div class=\"wp-block-column is-vertically-aligned-center is-layout-flow wp-block-column-is-layout-flow\" style=\"flex-basis:66.66%\">\n<p><strong>Prof. Blanca Patricia Mantilla Uribe<\/strong> es Mag\u00edster en pedagog\u00eda, Especialista en administraci\u00f3n de servicios de salud, docencia universitaria y Enfermera. Con experiencia en primera infancia, programas de atenci\u00f3n primaria en salud con base comunitaria. Experta en programas de educaci\u00f3n y comunicaci\u00f3n para la salud, destac\u00e1ndose entre sus antecedentes su participaci\u00f3n en la creaci\u00f3n y consolidaci\u00f3n de la Red latinoamericana de Escuelas Promotoras de Salud.<br>Es Directora del Instituto PROINAPSA, Centro Colaborador de la Organizaci\u00f3n Mundial de la Salud en Promoci\u00f3n de la Salud y Salud Sexual y Reproductiva, perteneciente a la Facultad de Salud de la Universidad Industrial de Santander, Colombia, desde el a\u00f1o 1997 hasta la fecha.<\/p>\n<\/div>\n<\/div>\n\n\n\n<div style=\"height:10px\" aria-hidden=\"true\" class=\"wp-block-spacer\"><\/div>\n\n\n\n<div class=\"wp-block-columns is-layout-flex wp-container-core-columns-is-layout-9d6595d7 wp-block-columns-is-layout-flex\">\n<div class=\"wp-block-column is-vertically-aligned-center is-layout-flow wp-block-column-is-layout-flow\" style=\"flex-basis:33.33%\"><div class=\"wp-block-image\">\n<figure class=\"aligncenter size-full is-resized\"><img decoding=\"async\" width=\"540\" height=\"540\" data-src=\"https:\/\/unescochair-ghe.org\/wp-content\/uploads\/2025\/02\/Patricia-Zamora-Valdes-round.jpeg.jpg\" alt=\"\" class=\"wp-image-8784 lazyload\" style=\"--smush-placeholder-width: 540px; --smush-placeholder-aspect-ratio: 540\/540;object-fit:cover;width:225px;height:225px\" data-srcset=\"https:\/\/unescochair-ghe.org\/wp-content\/uploads\/2025\/02\/Patricia-Zamora-Valdes-round.jpeg.jpg 540w, https:\/\/unescochair-ghe.org\/wp-content\/uploads\/2025\/02\/Patricia-Zamora-Valdes-round.jpeg-300x300.jpg 300w, https:\/\/unescochair-ghe.org\/wp-content\/uploads\/2025\/02\/Patricia-Zamora-Valdes-round.jpeg-150x150.jpg 150w, https:\/\/unescochair-ghe.org\/wp-content\/uploads\/2025\/02\/Patricia-Zamora-Valdes-round.jpeg-12x12.jpg 12w, https:\/\/unescochair-ghe.org\/wp-content\/uploads\/2025\/02\/Patricia-Zamora-Valdes-round.jpeg-512x512.jpg 512w\" data-sizes=\"(max-width: 540px) 100vw, 540px\" src=\"data:image\/svg+xml;base64,PHN2ZyB3aWR0aD0iMSIgaGVpZ2h0PSIxIiB4bWxucz0iaHR0cDovL3d3dy53My5vcmcvMjAwMC9zdmciPjwvc3ZnPg==\" \/><\/figure>\n<\/div><\/div>\n\n\n\n<div class=\"wp-block-column is-vertically-aligned-center is-layout-flow wp-block-column-is-layout-flow\" style=\"flex-basis:66.66%\">\n<p><strong>Mgter. Patricia Isabel Zamora Vald\u00e9s<\/strong> es Soci\u00f3loga y Mag\u00edster en Gesti\u00f3n y Pol\u00edticas P\u00fablicas. Trabaja en el Ministerio de Salud de Chile desde el a\u00f1o 2012. Inicialmente se desempe\u00f1\u00f3 en el Departamento de Nutrici\u00f3n y Alimentos, y actualmente es la Jefa del Departamento de Promoci\u00f3n de la Salud y Participaci\u00f3n. Ha sido Profesora Universitaria y cuenta con diferentes publicaciones y presentaciones sobre su campo disciplinar.<\/p>\n<\/div>\n<\/div>\n\n\n\n<div style=\"height:10px\" aria-hidden=\"true\" class=\"wp-block-spacer\"><\/div>\n\n\n\n<div class=\"wp-block-columns is-layout-flex wp-container-core-columns-is-layout-9d6595d7 wp-block-columns-is-layout-flex\">\n<div class=\"wp-block-column is-vertically-aligned-center is-layout-flow wp-block-column-is-layout-flow\" style=\"flex-basis:33.33%\"><div class=\"wp-block-image\">\n<figure class=\"aligncenter size-full is-resized\"><img decoding=\"async\" width=\"952\" height=\"951\" data-src=\"https:\/\/unescochair-ghe.org\/wp-content\/uploads\/2025\/02\/Hayda-Alves-round.jpg\" alt=\"\" class=\"wp-image-8758 lazyload\" style=\"--smush-placeholder-width: 952px; --smush-placeholder-aspect-ratio: 952\/951;object-fit:cover;width:225px;height:225px\" data-srcset=\"https:\/\/unescochair-ghe.org\/wp-content\/uploads\/2025\/02\/Hayda-Alves-round.jpg 952w, https:\/\/unescochair-ghe.org\/wp-content\/uploads\/2025\/02\/Hayda-Alves-round-300x300.jpg 300w, https:\/\/unescochair-ghe.org\/wp-content\/uploads\/2025\/02\/Hayda-Alves-round-150x150.jpg 150w, https:\/\/unescochair-ghe.org\/wp-content\/uploads\/2025\/02\/Hayda-Alves-round-768x767.jpg 768w, https:\/\/unescochair-ghe.org\/wp-content\/uploads\/2025\/02\/Hayda-Alves-round-12x12.jpg 12w, https:\/\/unescochair-ghe.org\/wp-content\/uploads\/2025\/02\/Hayda-Alves-round-512x512.jpg 512w\" data-sizes=\"(max-width: 952px) 100vw, 952px\" src=\"data:image\/svg+xml;base64,PHN2ZyB3aWR0aD0iMSIgaGVpZ2h0PSIxIiB4bWxucz0iaHR0cDovL3d3dy53My5vcmcvMjAwMC9zdmciPjwvc3ZnPg==\" \/><\/figure>\n<\/div><\/div>\n\n\n\n<div class=\"wp-block-column is-vertically-aligned-center is-layout-flow wp-block-column-is-layout-flow\" style=\"flex-basis:66.66%\">\n<p><strong>Dra. Hayda Alves<\/strong> es Enfermera, Maestra en Enfermer\u00eda y Doctora en salud p\u00fablica. Posee un Postdoctorado con orientaci\u00f3n del Educador Popular en el Profesor Carlos Rodrigues Brand\u00e3o. Es miembro de la Red de Educaci\u00f3n Popular en Salud, Red Edpop, miembro de la Asociaci\u00f3n Brasile\u00f1a de Investigadores Negros (ABPN) y miembro de la Colaboraci\u00f3n Internacional para la Investigaci\u00f3n Participativa en Salud (ICPHR).<br>Es Profesora Asociada de la Universidad Federal Fluminense (UFF) campus de Rio das Ostras; y colaboradora en el Programa de Postgrado en Salud Colectiva del Instituto de Salud Colectiva (ISC) de la misma Universidad.<\/p>\n<\/div>\n<\/div>\n\n\n\n<hr class=\"wp-block-separator has-alpha-channel-opacity is-style-wide\" \/>\n\n\n\n<h3 class=\"wp-block-heading\">Resumen<\/h3>\n\n\n\n<p>Nuestra Red impulsa el fortalecimiento de la Educaci\u00f3n en el campo de la Salud en Am\u00e9rica Latina. Es por ello que consideramos fundamental revisar las estrategias implementadas, como tambi\u00e9n reconocer la perspectiva pedag\u00f3gica que las sustenta. Esto implica trascender el enfoque biom\u00e9dico e instrumental y promover una educaci\u00f3n que no solo transmita conocimientos, sino que fomente el pensamiento cr\u00edtico, la participaci\u00f3n activa y la emancipaci\u00f3n de las comunidades.<\/p>\n\n\n\n<p>Proponemos una Educaci\u00f3n para la salud transdisciplinar y dial\u00f3gica, y que integre tanto los saberes acad\u00e9micos como los conocimientos populares y ancestrales. No se trata solo de brindar informaci\u00f3n, sino de generar espacios de aprendizaje que empoderen a las personas y les posibiliten participar activamente en la transformaci\u00f3n de sus comunidades, fuertemente signadas en el contexto latinoamericano por la presencia de los Determinantes Sociales de la Salud y sus consecuentes inequidades en salud.<\/p>\n\n\n\n<p>Revisar las estrategias actuales en Am\u00e9rica Latina resultar\u00e1 clave para promover una Educaci\u00f3n en el campo de la Salud que responda a las necesidades reales de las comunidades e incremente su participaci\u00f3n colectiva en salud.<\/p>\n\n\n\n<p>Las preguntas que abordaremos durante el seminario web son :<\/p>\n\n\n\n<ol class=\"wp-block-list\">\n<li>\u00bfCu\u00e1les son Experiencias que se est\u00e1n realizando en el campo de la Educaci\u00f3n para la Salud en diferentes pa\u00edses de Am\u00e9rica Latina?<\/li>\n\n\n\n<li>\u00bfCu\u00e1les son las fortalezas y oportunidades para la Educaci\u00f3n para la Salud?<\/li>\n<\/ol>\n\n\n\n<hr class=\"wp-block-separator has-alpha-channel-opacity is-style-wide\" \/>\n\n\n\n<h3 class=\"wp-block-heading\">Contribuci\u00f3n de nuestros oradores<\/h3>\n\n\n\n<p>La grabaci\u00f3n del webinario<\/p>\n\n\n\n<div class=\"wp-block-columns is-layout-flex wp-container-core-columns-is-layout-9d6595d7 wp-block-columns-is-layout-flex\">\n<div class=\"wp-block-column is-layout-flow wp-block-column-is-layout-flow\" style=\"flex-basis:33.33%\">\n<figure class=\"wp-block-embed is-type-video is-provider-youtube wp-block-embed-youtube wp-embed-aspect-16-9 wp-has-aspect-ratio\"><div class=\"wp-block-embed__wrapper\">\n<iframe title=\"Webinario: Estrategias para implementar la Educaci\u00f3n para la Salud en diferentes entornos de\" width=\"1233\" height=\"694\" data-src=\"https:\/\/www.youtube.com\/embed\/XSfMtJId7C4?feature=oembed\" frameborder=\"0\" allow=\"accelerometer; autoplay; clipboard-write; encrypted-media; gyroscope; picture-in-picture; web-share\" referrerpolicy=\"strict-origin-when-cross-origin\" allowfullscreen src=\"data:image\/svg+xml;base64,PHN2ZyB3aWR0aD0iMSIgaGVpZ2h0PSIxIiB4bWxucz0iaHR0cDovL3d3dy53My5vcmcvMjAwMC9zdmciPjwvc3ZnPg==\" class=\"lazyload\" data-load-mode=\"1\"><\/iframe>\n<\/div><\/figure>\n<\/div>\n\n\n\n<div class=\"wp-block-column is-layout-flow wp-block-column-is-layout-flow\" style=\"flex-basis:66.66%\"><\/div>\n<\/div>\n\n\n\n<div style=\"height:10px\" aria-hidden=\"true\" class=\"wp-block-spacer\"><\/div>\n\n\n\n<div class=\"wp-block-columns is-layout-flex wp-container-core-columns-is-layout-9d6595d7 wp-block-columns-is-layout-flex\">\n<div class=\"wp-block-column is-layout-flow wp-block-column-is-layout-flow\" style=\"flex-basis:33.33%\">\n<figure class=\"wp-block-image size-large\"><a href=\"https:\/\/unescochair-ghe.org\/wp-content\/uploads\/2025\/03\/Seminario-Educacion-para-la-salud-en-la-RLEPS.pdf\" target=\"_blank\" rel=\" noreferrer noopener\"><img decoding=\"async\" width=\"1024\" height=\"576\" data-src=\"https:\/\/unescochair-ghe.org\/wp-content\/uploads\/2025\/02\/Seminario-Educacion-para-la-salud-en-la-RLEPS-002-1024x576.jpg\" alt=\"\" class=\"wp-image-8875 lazyload\" data-srcset=\"https:\/\/unescochair-ghe.org\/wp-content\/uploads\/2025\/02\/Seminario-Educacion-para-la-salud-en-la-RLEPS-002-1024x576.jpg 1024w, https:\/\/unescochair-ghe.org\/wp-content\/uploads\/2025\/02\/Seminario-Educacion-para-la-salud-en-la-RLEPS-002-300x169.jpg 300w, https:\/\/unescochair-ghe.org\/wp-content\/uploads\/2025\/02\/Seminario-Educacion-para-la-salud-en-la-RLEPS-002-768x432.jpg 768w, https:\/\/unescochair-ghe.org\/wp-content\/uploads\/2025\/02\/Seminario-Educacion-para-la-salud-en-la-RLEPS-002-18x10.jpg 18w, https:\/\/unescochair-ghe.org\/wp-content\/uploads\/2025\/02\/Seminario-Educacion-para-la-salud-en-la-RLEPS-002-494x278.jpg 494w, https:\/\/unescochair-ghe.org\/wp-content\/uploads\/2025\/02\/Seminario-Educacion-para-la-salud-en-la-RLEPS-002.jpg 1280w\" data-sizes=\"(max-width: 1024px) 100vw, 1024px\" src=\"data:image\/svg+xml;base64,PHN2ZyB3aWR0aD0iMSIgaGVpZ2h0PSIxIiB4bWxucz0iaHR0cDovL3d3dy53My5vcmcvMjAwMC9zdmciPjwvc3ZnPg==\" style=\"--smush-placeholder-width: 1024px; --smush-placeholder-aspect-ratio: 1024\/576;\" \/><\/a><\/figure>\n<\/div>\n\n\n\n<div class=\"wp-block-column is-layout-flow wp-block-column-is-layout-flow\" style=\"flex-basis:66.66%\">\n<p><br><a href=\"https:\/\/unescochair-ghe.org\/wp-content\/uploads\/2025\/03\/Seminario-Educacion-para-la-salud-en-la-RLEPS.pdf\" target=\"_blank\" rel=\"noreferrer noopener\">Descargar la presentaci\u00f3n de la Prof. Blanca Patricia Mantilla Uribe<\/a><\/p>\n<\/div>\n<\/div>\n\n\n\n<hr class=\"wp-block-separator has-alpha-channel-opacity is-style-wide\" \/>\n\n\n\n<h3 class=\"wp-block-heading\">Red Latinoamericana por la Revitalizaci\u00f3n de la Educaci\u00f3n en el Campo de la Salud<\/h3>\n\n\n\n<p>Este webinario hace parte de la \u201cRed Latinoamericana por la Revitalizaci\u00f3n de la Educaci\u00f3n en el Campo de la Salud\u201d. Esta iniciativa se est\u00e1 proponiendo con la participaci\u00f3n de la C\u00e1tedra de Educaci\u00f3n y Salud de la UNESCO, el Consorcio Interamericano de Universidades y Centros de Formaci\u00f3n de Personal en Educaci\u00f3n para la Salud y Promoci\u00f3n de la Salud (CIUEPS), la Red Brasile\u00f1a de Educaci\u00f3n Popular en Salud, la Red Colombiana de Educaci\u00f3n en el Campo de la Salud y la Oficina Regional para Am\u00e9rica Latina de la&nbsp; Uni\u00f3n Internacional de Promoci\u00f3n de la Salud y de Educaci\u00f3n para la Salud (UIPES\/ORLA). Se han trazado como objetivos los siguientes:<\/p>\n\n\n\n<ul class=\"wp-block-list\">\n<li>Promover la ECS (EpS \u2013 EdPopS) en los \u00e1mbitos nacionales e internacionales, como dimensi\u00f3n fundamental de las disciplinas de la salud, de las ciencias de la educaci\u00f3n y de las ciencias sociales y humanas.<\/li>\n\n\n\n<li>Recuperar la producci\u00f3n latinoamericana y posicionarla en el \u00e1mbito regional, lo que implica promover sus apuestas cr\u00edticas y decoloniales. Una ECS (EpS \u2013 EdPopS) que propenda por la transformaci\u00f3n social hacia una sociedad m\u00e1s justa y equitativa que garantice el bienestar y una vida con dignidad.<\/li>\n\n\n\n<li>Fomentar la articulaci\u00f3n de los sectores de la educaci\u00f3n y la salud para fortalecer las acciones de cada uno de estos sectores para promover la ECS (EpS \u2013 EdPopS), al reconocer la educaci\u00f3n y la salud como dos derechos humanos inalienables, sin\u00e9rgicos e interdependientes.<\/li>\n\n\n\n<li>Fortalecer la fundamentaci\u00f3n te\u00f3rica, pol\u00edtica y \u00e9tica de la ECS (EpS \u2013 EdPopS) como requisito para una praxis pedag\u00f3gica responsable, productiva y \u00e9tica.<\/li>\n\n\n\n<li>Generar un espacio para la articulaci\u00f3n de la academia y la sociedad civil que permita la integraci\u00f3n latinoamericana para compartir experiencias, conocimientos y aspiraciones enmarcadas en un prop\u00f3sito colectivo.<\/li>\n\n\n\n<li>Propiciar la integraci\u00f3n nacional e internacional respecto a la ECS (EpS \u2013 EdPopS) como espacio para el aprendizaje mutuo y solidario, y para facilitar acciones de cooperaci\u00f3n en el desarrollo de eventos acad\u00e9mico-cient\u00edficos, investigaciones y procesos de formaci\u00f3n.<\/li>\n<\/ul>\n\n\n\n<p>Los webinarios, abiertos a la participaci\u00f3n de todos los interesados, hacen parte del programa. Son sesiones vivenciales, de 60 \u2013 90 minutos, con ponentes invitados que presentan sus reflexiones sobre dos o tres preguntas problematizadoras para incentivar la participaci\u00f3n de la audiencia. Para esta primera fase del programa se han programado cinco webinarios, con un intervalo de 2 meses entre cada uno.<\/p>\n\n\n\n<p>Vea las grabaciones de los webinarios anteriores:<\/p>\n\n\n\n<ul class=\"wp-block-list\">\n<li><a href=\"https:\/\/unescochair-ghe.org\/fa\/26-noviembre-2024-la-invisibilizacion-de-la-educacion-en-el-campo-de-la-salud-y-como-se-puede-realizar-su-revitalizacion-recuperando-tambien-las-experiencias-y-producciones-latinoamericanas\/\">26 noviembre 2024 \u2013 La invisibilizaci\u00f3n de la educaci\u00f3n en el campo de la salud y c\u00f3mo se puede realizar su revitalizaci\u00f3n, recuperando tambi\u00e9n las experiencias y producciones latinoamericanas<\/a><\/li>\n\n\n\n<li><a href=\"https:\/\/unescochair-ghe.org\/fa\/17-septiembre-2024-los-debates-teoricos-y-politicos-de-la-educacion-en-el-campo-de-la-salud-eps-y-edpopsal-en-america-latina\/\">17 septiembre 2024 \u2013 Los debates te\u00f3ricos y pol\u00edticos de la Educaci\u00f3n en el Campo de la Salud (EpS y EdPopSal) en Am\u00e9rica Latina<\/a><\/li>\n<\/ul>\n\n\n\n<hr class=\"wp-block-separator has-alpha-channel-opacity is-style-wide\" \/>\n\n\n\n<figure class=\"wp-block-image size-large\"><img decoding=\"async\" width=\"1024\" height=\"536\" data-src=\"https:\/\/unescochair-ghe.org\/wp-content\/uploads\/2025\/02\/ES-Estrategias-para-implementar-la-Educacion-para-la-Salud-en-diferentes-entornos-de-America-Latina-2-1024x536.png\" alt=\"\" class=\"wp-image-8826 lazyload\" data-srcset=\"https:\/\/unescochair-ghe.org\/wp-content\/uploads\/2025\/02\/ES-Estrategias-para-implementar-la-Educacion-para-la-Salud-en-diferentes-entornos-de-America-Latina-2-1024x536.png 1024w, https:\/\/unescochair-ghe.org\/wp-content\/uploads\/2025\/02\/ES-Estrategias-para-implementar-la-Educacion-para-la-Salud-en-diferentes-entornos-de-America-Latina-2-300x157.png 300w, https:\/\/unescochair-ghe.org\/wp-content\/uploads\/2025\/02\/ES-Estrategias-para-implementar-la-Educacion-para-la-Salud-en-diferentes-entornos-de-America-Latina-2-768x402.png 768w, https:\/\/unescochair-ghe.org\/wp-content\/uploads\/2025\/02\/ES-Estrategias-para-implementar-la-Educacion-para-la-Salud-en-diferentes-entornos-de-America-Latina-2-18x9.png 18w, https:\/\/unescochair-ghe.org\/wp-content\/uploads\/2025\/02\/ES-Estrategias-para-implementar-la-Educacion-para-la-Salud-en-diferentes-entornos-de-America-Latina-2-494x259.png 494w, https:\/\/unescochair-ghe.org\/wp-content\/uploads\/2025\/02\/ES-Estrategias-para-implementar-la-Educacion-para-la-Salud-en-diferentes-entornos-de-America-Latina-2.png 1200w\" data-sizes=\"(max-width: 1024px) 100vw, 1024px\" src=\"data:image\/svg+xml;base64,PHN2ZyB3aWR0aD0iMSIgaGVpZ2h0PSIxIiB4bWxucz0iaHR0cDovL3d3dy53My5vcmcvMjAwMC9zdmciPjwvc3ZnPg==\" style=\"--smush-placeholder-width: 1024px; --smush-placeholder-aspect-ratio: 1024\/536;\" \/><\/figure>","protected":false},"excerpt":{"rendered":"<p>Informa\u00e7\u00f5es em portugu\u00eas, Information in English Oradores Moderador Prof. Dr. Mart\u00edn Zemel es Odont\u00f3logo, Mag\u00edster en Educaci\u00f3n Odontol\u00f3gica, y cuenta con un doctorado y un posdoctorado en Odontolog\u00eda. Su experiencia &hellip;<\/p>","protected":false},"author":3,"featured_media":8826,"comment_status":"closed","ping_status":"closed","sticky":false,"template":"","format":"standard","meta":{"footnotes":"","_links_to":"","_links_to_target":""},"categories":[48],"tags":[9,31,115,159,27],"class_list":["post-8735","post","type-post","status-publish","format-standard","has-post-thumbnail","hentry","category-webinar","tag-education","tag-health","tag-implementation","tag-latin-america","tag-webinar"],"_links":{"self":[{"href":"https:\/\/unescochair-ghe.org\/fa\/wp-json\/wp\/v2\/posts\/8735","targetHints":{"allow":["GET"]}}],"collection":[{"href":"https:\/\/unescochair-ghe.org\/fa\/wp-json\/wp\/v2\/posts"}],"about":[{"href":"https:\/\/unescochair-ghe.org\/fa\/wp-json\/wp\/v2\/types\/post"}],"author":[{"embeddable":true,"href":"https:\/\/unescochair-ghe.org\/fa\/wp-json\/wp\/v2\/users\/3"}],"replies":[{"embeddable":true,"href":"https:\/\/unescochair-ghe.org\/fa\/wp-json\/wp\/v2\/comments?post=8735"}],"version-history":[{"count":22,"href":"https:\/\/unescochair-ghe.org\/fa\/wp-json\/wp\/v2\/posts\/8735\/revisions"}],"predecessor-version":[{"id":10202,"href":"https:\/\/unescochair-ghe.org\/fa\/wp-json\/wp\/v2\/posts\/8735\/revisions\/10202"}],"wp:featuredmedia":[{"embeddable":true,"href":"https:\/\/unescochair-ghe.org\/fa\/wp-json\/wp\/v2\/media\/8826"}],"wp:attachment":[{"href":"https:\/\/unescochair-ghe.org\/fa\/wp-json\/wp\/v2\/media?parent=8735"}],"wp:term":[{"taxonomy":"category","embeddable":true,"href":"https:\/\/unescochair-ghe.org\/fa\/wp-json\/wp\/v2\/categories?post=8735"},{"taxonomy":"post_tag","embeddable":true,"href":"https:\/\/unescochair-ghe.org\/fa\/wp-json\/wp\/v2\/tags?post=8735"}],"curies":[{"name":"wp","href":"https:\/\/api.w.org\/{rel}","templated":true}]}}