{"id":8445,"date":"2024-11-18T13:45:22","date_gmt":"2024-11-18T12:45:22","guid":{"rendered":"https:\/\/unescochair-ghe.org\/?p=8445"},"modified":"2026-04-09T12:19:52","modified_gmt":"2026-04-09T10:19:52","slug":"26-noviembre-2024-la-invisibilizacion-de-la-educacion-en-el-campo-de-la-salud-y-como-se-puede-realizar-su-revitalizacion-recuperando-tambien-las-experiencias-y-producciones-latinoamericanas","status":"publish","type":"post","link":"https:\/\/unescochair-ghe.org\/fa\/26-noviembre-2024-la-invisibilizacion-de-la-educacion-en-el-campo-de-la-salud-y-como-se-puede-realizar-su-revitalizacion-recuperando-tambien-las-experiencias-y-producciones-latinoamericanas\/","title":{"rendered":"26 noviembre 2024 &#8211; La invisibilizaci\u00f3n de la educaci\u00f3n en el campo de la salud y c\u00f3mo se puede realizar su revitalizaci\u00f3n, recuperando tambi\u00e9n las experiencias y producciones latinoamericanas"},"content":{"rendered":"<p>Informa\u00e7\u00f5es\u00a0em <a href=\"https:\/\/unescochair-ghe.org\/fa\/a-invisibilizacao-da-educacao-no-campo-da-saude-e-como-ela-pode-ser-revitalizada-recuperando-tambem-as-experiencias-e-producoes-latino-americanas\/\">portugu\u00eas<\/a>, Information\u00a0in <a href=\"https:\/\/unescochair-ghe.org\/fa\/26-november-2024-the-invisibilization-of-health-education-and-how-it-can-be-revitalized-also-recovering-latin-american-experiences-and-productions\/\">English<\/a><\/p>\n\n\n\n<hr class=\"wp-block-separator has-alpha-channel-opacity is-style-wide\" \/>\n\n\n\n<h3 class=\"wp-block-heading\">Oradores<\/h3>\n\n\n\n<div class=\"wp-block-columns is-layout-flex wp-container-core-columns-is-layout-9d6595d7 wp-block-columns-is-layout-flex\">\n<div class=\"wp-block-column is-vertically-aligned-center is-layout-flow wp-block-column-is-layout-flow\" style=\"flex-basis:33.33%\"><div class=\"wp-block-image is-style-rounded\">\n<figure class=\"aligncenter size-full is-resized\"><img decoding=\"async\" width=\"234\" height=\"238\" data-src=\"https:\/\/unescochair-ghe.org\/wp-content\/uploads\/2024\/11\/Foto_Fernando-edited.png\" alt=\"\" class=\"wp-image-8454 lazyload\" style=\"--smush-placeholder-width: 234px; --smush-placeholder-aspect-ratio: 234\/238;object-fit:cover;width:225px;height:225px\" data-srcset=\"https:\/\/unescochair-ghe.org\/wp-content\/uploads\/2024\/11\/Foto_Fernando-edited.png 234w, https:\/\/unescochair-ghe.org\/wp-content\/uploads\/2024\/11\/Foto_Fernando-edited-12x12.png 12w\" data-sizes=\"(max-width: 234px) 100vw, 234px\" src=\"data:image\/svg+xml;base64,PHN2ZyB3aWR0aD0iMSIgaGVpZ2h0PSIxIiB4bWxucz0iaHR0cDovL3d3dy53My5vcmcvMjAwMC9zdmciPjwvc3ZnPg==\" \/><\/figure>\n<\/div><\/div>\n\n\n\n<div class=\"wp-block-column is-vertically-aligned-center is-layout-flow wp-block-column-is-layout-flow\" style=\"flex-basis:66.66%\">\n<h4 class=\"wp-block-heading\">Moderador<\/h4>\n\n\n\n<p><strong>Prof. Dr. Fernando Pe\u00f1aranda Correa<\/strong>&nbsp;es m\u00e9dico, magister en salud p\u00fablica, magister en educaci\u00f3n y desarrollo social y doctor en Ciencias Sociales, Ni\u00f1ez y Juventud. Es profesor titular e investigador senior del grupo de Investigaci\u00f3n Salud y Sociedad de la Facultad Nacional de Salud P\u00fablica de la Universidad de Antioquia. Es el coordinador de \u00e9nfasis en educaci\u00f3n para la salud de la Maestr\u00eda en Salud P\u00fablica. Ha sido profesor en los programas de pregrado y posgrado de la Facultad y en otras universidades del pa\u00eds, en los siguientes temas: epistemolog\u00eda, investigaci\u00f3n cualitativa, \u00e9tica y justicia social, salud p\u00fablica, promoci\u00f3n de la salud y educaci\u00f3n para la salud. Ha escrito numerosos art\u00edculos, cap\u00edtulos de libros y libros en las \u00e1reas de la educaci\u00f3n para la salud, investigaci\u00f3n cualitativa, \u00e9tica y salud p\u00fablica y justicia social.<\/p>\n<\/div>\n<\/div>\n\n\n\n<div class=\"wp-block-columns is-layout-flex wp-container-core-columns-is-layout-9d6595d7 wp-block-columns-is-layout-flex\">\n<div class=\"wp-block-column is-vertically-aligned-center is-layout-flow wp-block-column-is-layout-flow\" style=\"flex-basis:33.33%\"><div class=\"wp-block-image is-style-rounded\">\n<figure class=\"aligncenter size-full is-resized\"><img decoding=\"async\" width=\"515\" height=\"519\" data-src=\"https:\/\/unescochair-ghe.org\/wp-content\/uploads\/2024\/11\/Pilar.jpg\" alt=\"\" class=\"wp-image-8475 lazyload\" style=\"--smush-placeholder-width: 515px; --smush-placeholder-aspect-ratio: 515\/519;object-fit:cover;width:225px;height:225px\" data-srcset=\"https:\/\/unescochair-ghe.org\/wp-content\/uploads\/2024\/11\/Pilar.jpg 515w, https:\/\/unescochair-ghe.org\/wp-content\/uploads\/2024\/11\/Pilar-298x300.jpg 298w, https:\/\/unescochair-ghe.org\/wp-content\/uploads\/2024\/11\/Pilar-150x150.jpg 150w, https:\/\/unescochair-ghe.org\/wp-content\/uploads\/2024\/11\/Pilar-12x12.jpg 12w\" data-sizes=\"(max-width: 515px) 100vw, 515px\" src=\"data:image\/svg+xml;base64,PHN2ZyB3aWR0aD0iMSIgaGVpZ2h0PSIxIiB4bWxucz0iaHR0cDovL3d3dy53My5vcmcvMjAwMC9zdmciPjwvc3ZnPg==\" \/><\/figure>\n<\/div><\/div>\n\n\n\n<div class=\"wp-block-column is-vertically-aligned-center is-layout-flow wp-block-column-is-layout-flow\" style=\"flex-basis:66.66%\">\n<p><strong>Dra. Pilar Campos<\/strong> es asesora Regional de Promoci\u00f3n de la Salud, Organizaci\u00f3n Panamericana de la Salud (OPS), Unidad Promoci\u00f3n de la Salud y Determinantes Sociales de la Salud, Departamento de Familia, Promoci\u00f3n de la Salud y Curso de vida<\/p>\n<\/div>\n<\/div>\n\n\n\n<div class=\"wp-block-columns is-layout-flex wp-container-core-columns-is-layout-9d6595d7 wp-block-columns-is-layout-flex\">\n<div class=\"wp-block-column is-vertically-aligned-center is-layout-flow wp-block-column-is-layout-flow\" style=\"flex-basis:33.33%\"><div class=\"wp-block-image is-style-rounded\">\n<figure class=\"aligncenter size-large is-resized\"><img decoding=\"async\" width=\"2014\" height=\"2014\" data-src=\"https:\/\/unescochair-ghe.org\/wp-content\/uploads\/2024\/11\/583DC931-41BD-4608-85BF-FC433CB12E71_1_201_a-edited-1.jpg\" alt=\"\" class=\"wp-image-8452 lazyload\" style=\"--smush-placeholder-width: 2014px; --smush-placeholder-aspect-ratio: 2014\/2014;object-fit:cover;width:225px;height:225px\" data-srcset=\"https:\/\/unescochair-ghe.org\/wp-content\/uploads\/2024\/11\/583DC931-41BD-4608-85BF-FC433CB12E71_1_201_a-edited-1.jpg 2014w, https:\/\/unescochair-ghe.org\/wp-content\/uploads\/2024\/11\/583DC931-41BD-4608-85BF-FC433CB12E71_1_201_a-edited-1-300x300.jpg 300w, https:\/\/unescochair-ghe.org\/wp-content\/uploads\/2024\/11\/583DC931-41BD-4608-85BF-FC433CB12E71_1_201_a-edited-1-1024x1024.jpg 1024w, https:\/\/unescochair-ghe.org\/wp-content\/uploads\/2024\/11\/583DC931-41BD-4608-85BF-FC433CB12E71_1_201_a-edited-1-150x150.jpg 150w, https:\/\/unescochair-ghe.org\/wp-content\/uploads\/2024\/11\/583DC931-41BD-4608-85BF-FC433CB12E71_1_201_a-edited-1-768x768.jpg 768w, https:\/\/unescochair-ghe.org\/wp-content\/uploads\/2024\/11\/583DC931-41BD-4608-85BF-FC433CB12E71_1_201_a-edited-1-1536x1536.jpg 1536w, https:\/\/unescochair-ghe.org\/wp-content\/uploads\/2024\/11\/583DC931-41BD-4608-85BF-FC433CB12E71_1_201_a-edited-1-12x12.jpg 12w, https:\/\/unescochair-ghe.org\/wp-content\/uploads\/2024\/11\/583DC931-41BD-4608-85BF-FC433CB12E71_1_201_a-edited-1-1920x1920.jpg 1920w, https:\/\/unescochair-ghe.org\/wp-content\/uploads\/2024\/11\/583DC931-41BD-4608-85BF-FC433CB12E71_1_201_a-edited-1-512x512.jpg 512w\" data-sizes=\"(max-width: 2014px) 100vw, 2014px\" src=\"data:image\/svg+xml;base64,PHN2ZyB3aWR0aD0iMSIgaGVpZ2h0PSIxIiB4bWxucz0iaHR0cDovL3d3dy53My5vcmcvMjAwMC9zdmciPjwvc3ZnPg==\" \/><\/figure>\n<\/div><\/div>\n\n\n\n<div class=\"wp-block-column is-vertically-aligned-center is-layout-flow wp-block-column-is-layout-flow\" style=\"flex-basis:66.66%\">\n<p><strong>Dra. Aurin\u00e9s Torres S\u00e1nchez<\/strong> es educadora popular, educadora en salud p\u00fablica y doctora en educaci\u00f3n con m\u00e1s de 30 a\u00f1os de experiencia en programas de salud comunitaria con poblaciones vulnerabilizadas. Su trabajo se caracteriza por la exploraci\u00f3n y el ejercicio de los fundamentos te\u00f3rico-pr\u00e1cticos para metodolog\u00edas y curr\u00edculos liberadores y descolonizadores, y por fomentar enfoques transdisciplinarios inspirados en el&nbsp;<em>Buen Vivir<\/em>.&nbsp;Su pr\u00e1ctica comunitaria y acad\u00e9mica descolonizando la salud p\u00fablica aspira a alcanzar una salud colectiva digna para todes teniendo como gu\u00eda la defensa de los derechos humanos y la justicia social, racial y de g\u00e9nero.&nbsp;De sus diversos aportes, se distingue la cocreaci\u00f3n del primer Modelo Boricua de Formaci\u00f3n de Promotoras de Salud Comunitaria que utiliza la Educaci\u00f3n Popular para fomentar el desarrollo y apoderamiento comunitario hacia una salud colectiva digna y decolonial. En el 2019, fund\u00f3 \u201cAula Comunitaria PR\u201d la cual provee acompa\u00f1amiento formativo e investigativo en salud decolonial a personas y grupos que asumen liderazgo comunitario en el archipi\u00e9lago de Puerto Rico. Aurin\u00e9s es profesora universitaria de cursos de salud p\u00fablica, educaci\u00f3n popular en salud, salud comunitaria, investigaci\u00f3n acci\u00f3n participativa y dise\u00f1o curricular en la Universidad de Puerto Rico, recintos de Ciencias M\u00e9dicas, Cayey y R\u00edo Piedras. Actualmente, es presidenta de la Junta Directiva de La Colmena Cimarrona en Vieques e integrante del Fideicomiso para la Agroecolog\u00eda de Puerto Rico. La Dra. Torres S\u00e1nchez ha presentado sus trabajos en conferencias cient\u00edficas y encuentros de base comunitaria de la comunidad local e internacional y participa de movimientos de justicia social en Latinoam\u00e9rica, Puerto Rico y EEUU.&nbsp;<\/p>\n<\/div>\n<\/div>\n\n\n\n<div class=\"wp-block-columns is-layout-flex wp-container-core-columns-is-layout-9d6595d7 wp-block-columns-is-layout-flex\">\n<div class=\"wp-block-column is-vertically-aligned-center is-layout-flow wp-block-column-is-layout-flow\" style=\"flex-basis:33.33%\"><div class=\"wp-block-image is-style-rounded\">\n<figure class=\"aligncenter size-large is-resized\"><img decoding=\"async\" width=\"1981\" height=\"1980\" data-src=\"https:\/\/unescochair-ghe.org\/wp-content\/uploads\/2024\/11\/DORA-CARDACI-FOTO-edited-1.jpg\" alt=\"\" class=\"wp-image-8449 lazyload\" style=\"--smush-placeholder-width: 1981px; --smush-placeholder-aspect-ratio: 1981\/1980;object-fit:cover;width:225px;height:225px\" data-srcset=\"https:\/\/unescochair-ghe.org\/wp-content\/uploads\/2024\/11\/DORA-CARDACI-FOTO-edited-1.jpg 1981w, https:\/\/unescochair-ghe.org\/wp-content\/uploads\/2024\/11\/DORA-CARDACI-FOTO-edited-1-300x300.jpg 300w, https:\/\/unescochair-ghe.org\/wp-content\/uploads\/2024\/11\/DORA-CARDACI-FOTO-edited-1-1024x1024.jpg 1024w, https:\/\/unescochair-ghe.org\/wp-content\/uploads\/2024\/11\/DORA-CARDACI-FOTO-edited-1-150x150.jpg 150w, https:\/\/unescochair-ghe.org\/wp-content\/uploads\/2024\/11\/DORA-CARDACI-FOTO-edited-1-768x768.jpg 768w, https:\/\/unescochair-ghe.org\/wp-content\/uploads\/2024\/11\/DORA-CARDACI-FOTO-edited-1-1536x1536.jpg 1536w, https:\/\/unescochair-ghe.org\/wp-content\/uploads\/2024\/11\/DORA-CARDACI-FOTO-edited-1-12x12.jpg 12w, https:\/\/unescochair-ghe.org\/wp-content\/uploads\/2024\/11\/DORA-CARDACI-FOTO-edited-1-1920x1919.jpg 1920w, https:\/\/unescochair-ghe.org\/wp-content\/uploads\/2024\/11\/DORA-CARDACI-FOTO-edited-1-512x512.jpg 512w\" data-sizes=\"(max-width: 1981px) 100vw, 1981px\" src=\"data:image\/svg+xml;base64,PHN2ZyB3aWR0aD0iMSIgaGVpZ2h0PSIxIiB4bWxucz0iaHR0cDovL3d3dy53My5vcmcvMjAwMC9zdmciPjwvc3ZnPg==\" \/><\/figure>\n<\/div><\/div>\n\n\n\n<div class=\"wp-block-column is-vertically-aligned-center is-layout-flow wp-block-column-is-layout-flow\" style=\"flex-basis:66.66%\">\n<p><strong>Dra. Dora Irma Cardaci Rodr\u00edguez<\/strong>. Egresada de la Facultad de Filosof\u00eda y Letras, Universidad de Buenos Aires, Argentina, de la Maestr\u00eda en Medicina Social, Universidad Aut\u00f3noma Metropolitana-Xochimilco y del Doctorado en Antropolog\u00eda, l\u00ednea Antropolog\u00eda M\u00e9dica, Escuela Nacional de Antropolog\u00eda e Historia, M\u00e9xico. Actualmente es Profesora-investigadora Titular Tiempo Completo en el Departamento de Atenci\u00f3n a la Salud de la Universidad Aut\u00f3noma Metropolitana Xochimilco, M\u00e9xico. Ha sido nombrada como Investigadora Nacional Nivel 2, por el Sistema Nacional de Investigadores. En 2007 fue electa Vicepresidenta para Am\u00e9rica Latina de la Uni\u00f3n Internacional para la Promoci\u00f3n de la Salud y Educaci\u00f3n para la salud (UIPES), cargo que desempe\u00f1\u00f3 hasta 2010. Fue editora adjunta de la revista <em>Global Health<\/em> <em>Promotion, <\/em>e integrante del Comit\u00e9 Editorial de<em> Review of Health Promotion and Education on Line. <\/em>Se ha desempe\u00f1ado como consultora temporal de UNICEF, OPS, UNESCO y FNUAP en educaci\u00f3n y promoci\u00f3n de la &nbsp;salud, educaci\u00f3n m\u00e9dica y salud y g\u00e9nero.<\/p>\n<\/div>\n<\/div>\n\n\n\n<hr class=\"wp-block-separator has-alpha-channel-opacity is-style-wide\" \/>\n\n\n\n<h3 class=\"wp-block-heading\">Resumen<\/h3>\n\n\n\n<p>Algunas de las preguntas que se abordar\u00e1n durante el webinario son :<\/p>\n\n\n\n<ol class=\"wp-block-list\">\n<li>\u00bfCu\u00e1l es la relevancia y el papel que se le ha dado a la educaci\u00f3n en el campo de salud en los sistemas de salud, en la academia y en las acciones de la sociedad civil\/comunidad?<\/li>\n\n\n\n<li>\u00bfCu\u00e1les son las acciones que se est\u00e1n realizando en el \u00e1mbito de los sistemas de salud, la academia y la sociedad civil\/comunidad para revitalizar la educaci\u00f3n en el campo de la salud?<\/li>\n<\/ol>\n\n\n\n<hr class=\"wp-block-separator has-alpha-channel-opacity is-style-wide\" \/>\n\n\n\n<h4 class=\"wp-block-heading\">Contribuci\u00f3n de nuestros oradores<\/h4>\n\n\n\n<p>La grabaci\u00f3n del webinario<\/p>\n\n\n\n<div class=\"wp-block-columns is-layout-flex wp-container-core-columns-is-layout-9d6595d7 wp-block-columns-is-layout-flex\">\n<div class=\"wp-block-column is-layout-flow wp-block-column-is-layout-flow\" style=\"flex-basis:33.33%\">\n<figure class=\"wp-block-embed is-type-video is-provider-youtube wp-block-embed-youtube wp-embed-aspect-16-9 wp-has-aspect-ratio\"><div class=\"wp-block-embed__wrapper\">\n<iframe title=\"Webinario: La invisibilizaci\u00f3n de la educaci\u00f3n en el campo de la salud\" width=\"1233\" height=\"694\" data-src=\"https:\/\/www.youtube.com\/embed\/457x7kyvXKI?feature=oembed\" frameborder=\"0\" allow=\"accelerometer; autoplay; clipboard-write; encrypted-media; gyroscope; picture-in-picture; web-share\" referrerpolicy=\"strict-origin-when-cross-origin\" allowfullscreen src=\"data:image\/svg+xml;base64,PHN2ZyB3aWR0aD0iMSIgaGVpZ2h0PSIxIiB4bWxucz0iaHR0cDovL3d3dy53My5vcmcvMjAwMC9zdmciPjwvc3ZnPg==\" class=\"lazyload\" data-load-mode=\"1\"><\/iframe>\n<\/div><\/figure>\n<\/div>\n\n\n\n<div class=\"wp-block-column is-layout-flow wp-block-column-is-layout-flow\" style=\"flex-basis:66.66%\"><\/div>\n<\/div>\n\n\n\n<div class=\"wp-block-columns is-layout-flex wp-container-core-columns-is-layout-9d6595d7 wp-block-columns-is-layout-flex\">\n<div class=\"wp-block-column is-layout-flow wp-block-column-is-layout-flow\" style=\"flex-basis:33.33%\">\n<figure class=\"wp-block-image size-large\"><img decoding=\"async\" width=\"1024\" height=\"576\" data-src=\"https:\/\/unescochair-ghe.org\/wp-content\/uploads\/2024\/11\/Educacion-en-el-campo-de-la-salud.-Webinario-26-nov-2024-1024x576.jpg\" alt=\"\" class=\"wp-image-8535 lazyload\" data-srcset=\"https:\/\/unescochair-ghe.org\/wp-content\/uploads\/2024\/11\/Educacion-en-el-campo-de-la-salud.-Webinario-26-nov-2024-1024x576.jpg 1024w, https:\/\/unescochair-ghe.org\/wp-content\/uploads\/2024\/11\/Educacion-en-el-campo-de-la-salud.-Webinario-26-nov-2024-300x169.jpg 300w, https:\/\/unescochair-ghe.org\/wp-content\/uploads\/2024\/11\/Educacion-en-el-campo-de-la-salud.-Webinario-26-nov-2024-768x432.jpg 768w, https:\/\/unescochair-ghe.org\/wp-content\/uploads\/2024\/11\/Educacion-en-el-campo-de-la-salud.-Webinario-26-nov-2024-18x10.jpg 18w, https:\/\/unescochair-ghe.org\/wp-content\/uploads\/2024\/11\/Educacion-en-el-campo-de-la-salud.-Webinario-26-nov-2024-494x278.jpg 494w, https:\/\/unescochair-ghe.org\/wp-content\/uploads\/2024\/11\/Educacion-en-el-campo-de-la-salud.-Webinario-26-nov-2024.jpg 1280w\" data-sizes=\"(max-width: 1024px) 100vw, 1024px\" src=\"data:image\/svg+xml;base64,PHN2ZyB3aWR0aD0iMSIgaGVpZ2h0PSIxIiB4bWxucz0iaHR0cDovL3d3dy53My5vcmcvMjAwMC9zdmciPjwvc3ZnPg==\" style=\"--smush-placeholder-width: 1024px; --smush-placeholder-aspect-ratio: 1024\/576;\" \/><\/figure>\n<\/div>\n\n\n\n<div class=\"wp-block-column is-layout-flow wp-block-column-is-layout-flow\" style=\"flex-basis:66.66%\">\n<p><a href=\"https:\/\/unescochair-ghe.org\/wp-content\/uploads\/2024\/12\/Presentation-Pilar-Campos-26-November-2024.pdf\">Descargar la presentaci\u00f3n de la Dra. Pilar Campos<\/a><\/p>\n<\/div>\n<\/div>\n\n\n\n<hr class=\"wp-block-separator has-alpha-channel-opacity is-style-wide\" \/>\n\n\n\n<h3 class=\"wp-block-heading\">Red Latinoamericana por la Revitalizaci\u00f3n de la Educaci\u00f3n en el Campo de la Salud<\/h3>\n\n\n\n<p>Este webinario hace parte de la \u201cRed Latinoamericana por la Revitalizaci\u00f3n de la Educaci\u00f3n en el Campo de la Salud\u201d. Esta iniciativa se est\u00e1 proponiendo con la participaci\u00f3n de la C\u00e1tedra de Educaci\u00f3n y Salud de la UNESCO, el Consorcio Interamericano de Universidades y Centros de Formaci\u00f3n de Personal en Educaci\u00f3n para la Salud y Promoci\u00f3n de la Salud (CIUEPS), la Red Brasile\u00f1a de Educaci\u00f3n Popular en Salud, la Red Colombiana de Educaci\u00f3n en el Campo de la Salud y la Oficina Regional para Am\u00e9rica Latina de la&nbsp; Uni\u00f3n Internacional de Promoci\u00f3n de la Salud y de Educaci\u00f3n para la Salud (UIPES\/ORLA). Se han trazado como objetivos los siguientes:<\/p>\n\n\n\n<ul class=\"wp-block-list\">\n<li>Promover la ECS (EpS \u2013 EdPopS) en los \u00e1mbitos nacionales e internacionales, como dimensi\u00f3n fundamental de las disciplinas de la salud, de las ciencias de la educaci\u00f3n y de las ciencias sociales y humanas.<\/li>\n\n\n\n<li>Recuperar la producci\u00f3n latinoamericana y posicionarla en el \u00e1mbito regional, lo que implica promover sus apuestas cr\u00edticas y decoloniales. Una ECS (EpS \u2013 EdPopS) que propenda por la transformaci\u00f3n social hacia una sociedad m\u00e1s justa y equitativa que garantice el bienestar y una vida con dignidad.<\/li>\n\n\n\n<li>Fomentar la articulaci\u00f3n de los sectores de la educaci\u00f3n y la salud para fortalecer las acciones de cada uno de estos sectores para promover la ECS (EpS \u2013 EdPopS), al reconocer la educaci\u00f3n y la salud como dos derechos humanos inalienables, sin\u00e9rgicos e interdependientes.<\/li>\n\n\n\n<li>Fortalecer la fundamentaci\u00f3n te\u00f3rica, pol\u00edtica y \u00e9tica de la ECS (EpS \u2013 EdPopS) como requisito para una praxis pedag\u00f3gica responsable, productiva y \u00e9tica.<\/li>\n\n\n\n<li>Generar un espacio para la articulaci\u00f3n de la academia y la sociedad civil que permita la integraci\u00f3n latinoamericana para compartir experiencias, conocimientos y aspiraciones enmarcadas en un prop\u00f3sito colectivo.<\/li>\n\n\n\n<li>Propiciar la integraci\u00f3n nacional e internacional respecto a la ECS (EpS \u2013 EdPopS) como espacio para el aprendizaje mutuo y solidario, y para facilitar acciones de cooperaci\u00f3n en el desarrollo de eventos acad\u00e9mico-cient\u00edficos, investigaciones y procesos de formaci\u00f3n.<\/li>\n<\/ul>\n\n\n\n<p>Los webinarios, abiertos a la participaci\u00f3n de todos los interesados, hacen parte del programa. Son sesiones vivenciales, de 60 \u2013 90 minutos, con ponentes invitados que presentan sus reflexiones sobre dos o tres preguntas problematizadoras para incentivar la participaci\u00f3n de la audiencia. Para esta primera fase del programa se han programado cinco webinarios, con un intervalo de 2 meses entre cada uno.<\/p>\n\n\n\n<p>Vea las grabaciones de los webinarios anteriores:<\/p>\n\n\n\n<ul class=\"wp-block-list\">\n<li><a href=\"https:\/\/unescochair-ghe.org\/fa\/17-septiembre-2024-los-debates-teoricos-y-politicos-de-la-educacion-en-el-campo-de-la-salud-eps-y-edpopsal-en-america-latina\/\">17 septiembre 2024 \u2013 Los debates te\u00f3ricos y pol\u00edticos de la Educaci\u00f3n en el Campo de la Salud (EpS y EdPopSal) en Am\u00e9rica Latina<\/a><\/li>\n<\/ul>\n\n\n\n<hr class=\"wp-block-separator has-alpha-channel-opacity is-style-wide\" \/>\n\n\n\n<figure class=\"wp-block-image size-large\"><img decoding=\"async\" width=\"1024\" height=\"536\" data-src=\"https:\/\/unescochair-ghe.org\/wp-content\/uploads\/2024\/11\/ES-La-invisibilizacion-de-la-educacion-en-el-campo-de-la-salud-y-como-se-puede-realizar-su-revitalizacion-1-1024x536.png\" alt=\"\" class=\"wp-image-8507 lazyload\" data-srcset=\"https:\/\/unescochair-ghe.org\/wp-content\/uploads\/2024\/11\/ES-La-invisibilizacion-de-la-educacion-en-el-campo-de-la-salud-y-como-se-puede-realizar-su-revitalizacion-1-1024x536.png 1024w, https:\/\/unescochair-ghe.org\/wp-content\/uploads\/2024\/11\/ES-La-invisibilizacion-de-la-educacion-en-el-campo-de-la-salud-y-como-se-puede-realizar-su-revitalizacion-1-300x157.png 300w, https:\/\/unescochair-ghe.org\/wp-content\/uploads\/2024\/11\/ES-La-invisibilizacion-de-la-educacion-en-el-campo-de-la-salud-y-como-se-puede-realizar-su-revitalizacion-1-768x402.png 768w, https:\/\/unescochair-ghe.org\/wp-content\/uploads\/2024\/11\/ES-La-invisibilizacion-de-la-educacion-en-el-campo-de-la-salud-y-como-se-puede-realizar-su-revitalizacion-1-18x9.png 18w, https:\/\/unescochair-ghe.org\/wp-content\/uploads\/2024\/11\/ES-La-invisibilizacion-de-la-educacion-en-el-campo-de-la-salud-y-como-se-puede-realizar-su-revitalizacion-1-494x259.png 494w, https:\/\/unescochair-ghe.org\/wp-content\/uploads\/2024\/11\/ES-La-invisibilizacion-de-la-educacion-en-el-campo-de-la-salud-y-como-se-puede-realizar-su-revitalizacion-1.png 1200w\" data-sizes=\"(max-width: 1024px) 100vw, 1024px\" src=\"data:image\/svg+xml;base64,PHN2ZyB3aWR0aD0iMSIgaGVpZ2h0PSIxIiB4bWxucz0iaHR0cDovL3d3dy53My5vcmcvMjAwMC9zdmciPjwvc3ZnPg==\" style=\"--smush-placeholder-width: 1024px; --smush-placeholder-aspect-ratio: 1024\/536;\" \/><\/figure>","protected":false},"excerpt":{"rendered":"<p>Informa\u00e7\u00f5es\u00a0em portugu\u00eas, Information\u00a0in English Oradores Moderador Prof. Dr. Fernando Pe\u00f1aranda Correa&nbsp;es m\u00e9dico, magister en salud p\u00fablica, magister en educaci\u00f3n y desarrollo social y doctor en Ciencias Sociales, Ni\u00f1ez y Juventud. &hellip;<\/p>","protected":false},"author":3,"featured_media":8507,"comment_status":"closed","ping_status":"closed","sticky":false,"template":"","format":"standard","meta":{"footnotes":"","_links_to":"","_links_to_target":""},"categories":[48],"tags":[9,31,159,27],"class_list":["post-8445","post","type-post","status-publish","format-standard","has-post-thumbnail","hentry","category-webinar","tag-education","tag-health","tag-latin-america","tag-webinar"],"_links":{"self":[{"href":"https:\/\/unescochair-ghe.org\/fa\/wp-json\/wp\/v2\/posts\/8445","targetHints":{"allow":["GET"]}}],"collection":[{"href":"https:\/\/unescochair-ghe.org\/fa\/wp-json\/wp\/v2\/posts"}],"about":[{"href":"https:\/\/unescochair-ghe.org\/fa\/wp-json\/wp\/v2\/types\/post"}],"author":[{"embeddable":true,"href":"https:\/\/unescochair-ghe.org\/fa\/wp-json\/wp\/v2\/users\/3"}],"replies":[{"embeddable":true,"href":"https:\/\/unescochair-ghe.org\/fa\/wp-json\/wp\/v2\/comments?post=8445"}],"version-history":[{"count":17,"href":"https:\/\/unescochair-ghe.org\/fa\/wp-json\/wp\/v2\/posts\/8445\/revisions"}],"predecessor-version":[{"id":10207,"href":"https:\/\/unescochair-ghe.org\/fa\/wp-json\/wp\/v2\/posts\/8445\/revisions\/10207"}],"wp:featuredmedia":[{"embeddable":true,"href":"https:\/\/unescochair-ghe.org\/fa\/wp-json\/wp\/v2\/media\/8507"}],"wp:attachment":[{"href":"https:\/\/unescochair-ghe.org\/fa\/wp-json\/wp\/v2\/media?parent=8445"}],"wp:term":[{"taxonomy":"category","embeddable":true,"href":"https:\/\/unescochair-ghe.org\/fa\/wp-json\/wp\/v2\/categories?post=8445"},{"taxonomy":"post_tag","embeddable":true,"href":"https:\/\/unescochair-ghe.org\/fa\/wp-json\/wp\/v2\/tags?post=8445"}],"curies":[{"name":"wp","href":"https:\/\/api.w.org\/{rel}","templated":true}]}}