{"id":8294,"date":"2024-09-05T16:18:02","date_gmt":"2024-09-05T14:18:02","guid":{"rendered":"https:\/\/unescochair-ghe.org\/?p=8294"},"modified":"2026-04-09T12:22:52","modified_gmt":"2026-04-09T10:22:52","slug":"17-septiembre-2024-los-debates-teoricos-y-politicos-de-la-educacion-en-el-campo-de-la-salud-eps-y-edpopsal-en-america-latina","status":"publish","type":"post","link":"https:\/\/unescochair-ghe.org\/fa\/17-septiembre-2024-los-debates-teoricos-y-politicos-de-la-educacion-en-el-campo-de-la-salud-eps-y-edpopsal-en-america-latina\/","title":{"rendered":"17 septiembre 2024 &#8211; Los debates te\u00f3ricos y pol\u00edticos de la Educaci\u00f3n en el Campo de la Salud (EpS y EdPopSal) en Am\u00e9rica Latina"},"content":{"rendered":"<p>Informa\u00e7\u00f5es <a href=\"https:\/\/unescochair-ghe.org\/fa\/17-de-setembro-2024-webinar-debates-teoricos-e-politicos-sobre-educacao-no-campo-da-saude-eps-e-edpops-na-america-latina\/\">em portugu\u00eas<\/a>, Information <a href=\"https:\/\/unescochair-ghe.org\/fa\/17-september-2024-theoretical-and-political-debates-on-health-education-in-latin-america\/\">in English<\/a><\/p>\n\n\n\n<hr class=\"wp-block-separator has-alpha-channel-opacity is-style-wide\" \/>\n\n\n\n<h3 class=\"wp-block-heading\">Oradores<\/h3>\n\n\n\n<div class=\"wp-block-columns is-layout-flex wp-container-core-columns-is-layout-9d6595d7 wp-block-columns-is-layout-flex\">\n<div class=\"wp-block-column is-vertically-aligned-center is-layout-flow wp-block-column-is-layout-flow\" style=\"flex-basis:33.33%\"><div class=\"wp-block-image is-style-rounded\">\n<figure class=\"aligncenter size-full is-resized\"><img decoding=\"async\" width=\"289\" height=\"297\" data-src=\"https:\/\/unescochair-ghe.org\/wp-content\/uploads\/2020\/10\/Foto-de-Dr.-Hiram-V.-Arroyo-cut.png\" alt=\"\" class=\"wp-image-2113 lazyload\" style=\"--smush-placeholder-width: 289px; --smush-placeholder-aspect-ratio: 289\/297;object-fit:cover;width:225px;height:225px\" src=\"data:image\/svg+xml;base64,PHN2ZyB3aWR0aD0iMSIgaGVpZ2h0PSIxIiB4bWxucz0iaHR0cDovL3d3dy53My5vcmcvMjAwMC9zdmciPjwvc3ZnPg==\" \/><\/figure>\n<\/div><\/div>\n\n\n\n<div class=\"wp-block-column is-layout-flow wp-block-column-is-layout-flow\" style=\"flex-basis:66.66%\">\n<h4 class=\"wp-block-heading\">Moderador<\/h4>\n\n\n\n<p><strong>Prof. Dr. Hiram V. Arroyo<\/strong> &#8211; <strong>Acevedo<\/strong>, Docente e investigador de Promoci\u00f3n de la Salud y Educaci\u00f3n para la Salud, Director, Departamento de Ciencias Sociales, Director, Centro Colaborador de la Organizaci\u00f3n Mundial de la Salud&nbsp;(OMS\/OPS) para la Capacitaci\u00f3n e Investigaci\u00f3n en Promoci\u00f3n de la Salud&nbsp;y Educaci\u00f3n para la Salud,&nbsp;Facultad de Ciencias Biosociales y Escuela Graduada de Salud P\u00fablica,&nbsp;Recinto de Ciencias M\u00e9dicas, Universidad de Puerto Rico<\/p>\n<\/div>\n<\/div>\n\n\n\n<div class=\"wp-block-columns is-layout-flex wp-container-core-columns-is-layout-9d6595d7 wp-block-columns-is-layout-flex\">\n<div class=\"wp-block-column is-vertically-aligned-center is-layout-flow wp-block-column-is-layout-flow\" style=\"flex-basis:33.33%\"><div class=\"wp-block-image is-style-rounded\">\n<figure class=\"aligncenter size-full is-resized\"><img decoding=\"async\" width=\"281\" height=\"286\" data-src=\"https:\/\/unescochair-ghe.org\/wp-content\/uploads\/2024\/09\/Foto_Fernando.png\" alt=\"\" class=\"wp-image-8295 lazyload\" style=\"--smush-placeholder-width: 281px; --smush-placeholder-aspect-ratio: 281\/286;object-fit:cover;width:225px;height:225px\" data-srcset=\"https:\/\/unescochair-ghe.org\/wp-content\/uploads\/2024\/09\/Foto_Fernando.png 281w, https:\/\/unescochair-ghe.org\/wp-content\/uploads\/2024\/09\/Foto_Fernando-12x12.png 12w\" data-sizes=\"(max-width: 281px) 100vw, 281px\" src=\"data:image\/svg+xml;base64,PHN2ZyB3aWR0aD0iMSIgaGVpZ2h0PSIxIiB4bWxucz0iaHR0cDovL3d3dy53My5vcmcvMjAwMC9zdmciPjwvc3ZnPg==\" \/><\/figure>\n<\/div><\/div>\n\n\n\n<div class=\"wp-block-column is-layout-flow wp-block-column-is-layout-flow\" style=\"flex-basis:66.66%\">\n<p><strong>Prof. Dr. Fernando Pe\u00f1aranda Correa<\/strong> es m\u00e9dico, magister en salud p\u00fablica, magister en educaci\u00f3n y desarrollo social y doctor en Ciencias Sociales, Ni\u00f1ez y Juventud. Es profesor titular e investigador senior del grupo de Investigaci\u00f3n Salud y Sociedad de la Facultad Nacional de Salud P\u00fablica de la Universidad de Antioquia.. Es el coordinador de \u00e9nfasis en educaci\u00f3n para la salud de la Maestr\u00eda en Salud P\u00fablica. Ha sido profesor en los programas de pregrado y posgrado de la Facultad y en otras universidades del pa\u00eds, en los siguientes temas: epistemolog\u00eda, investigaci\u00f3n cualitativa, \u00e9tica y justicia social, salud p\u00fablica, promoci\u00f3n de la salud y educaci\u00f3n para la salud. Ha escrito numerosos art\u00edculos, cap\u00edtulos de libros y libros en las \u00e1reas de la educaci\u00f3n para la salud, investigaci\u00f3n cualitativa, \u00e9tica y salud p\u00fablica y justicia social.<\/p>\n<\/div>\n<\/div>\n\n\n\n<div class=\"wp-block-columns is-layout-flex wp-container-core-columns-is-layout-9d6595d7 wp-block-columns-is-layout-flex\">\n<div class=\"wp-block-column is-vertically-aligned-center is-layout-flow wp-block-column-is-layout-flow\" style=\"flex-basis:33.33%\"><div class=\"wp-block-image is-style-rounded\">\n<figure class=\"aligncenter size-full is-resized\"><img decoding=\"async\" width=\"281\" height=\"286\" data-src=\"https:\/\/unescochair-ghe.org\/wp-content\/uploads\/2024\/09\/Foto_Eymard.png\" alt=\"\" class=\"wp-image-8296 lazyload\" style=\"--smush-placeholder-width: 281px; --smush-placeholder-aspect-ratio: 281\/286;object-fit:cover;width:225px;height:225px\" data-srcset=\"https:\/\/unescochair-ghe.org\/wp-content\/uploads\/2024\/09\/Foto_Eymard.png 281w, https:\/\/unescochair-ghe.org\/wp-content\/uploads\/2024\/09\/Foto_Eymard-12x12.png 12w\" data-sizes=\"(max-width: 281px) 100vw, 281px\" src=\"data:image\/svg+xml;base64,PHN2ZyB3aWR0aD0iMSIgaGVpZ2h0PSIxIiB4bWxucz0iaHR0cDovL3d3dy53My5vcmcvMjAwMC9zdmciPjwvc3ZnPg==\" \/><\/figure>\n<\/div><\/div>\n\n\n\n<div class=\"wp-block-column is-layout-flow wp-block-column-is-layout-flow\" style=\"flex-basis:66.66%\">\n<p><strong>Prof. Dr. Eymard Mourao Vasconcelos<\/strong> es graduado en Medicina (1975), m\u00e1ster en Educaci\u00f3n (1986), doctor en Medicina Tropical (1997), todos por la Universidad Federal de Minas Gerais, y posdoctorado en Salud P\u00fablica por la ENSP\/FIOCRUZ. Es profesor jubilado del Departamento de Promoci\u00f3n de la Salud del Centro de Ciencias M\u00e9dicas de la Universidad Federal de Para\u00edba, habiendo trabajado durante 19 a\u00f1os en el Programa de Postgrado en Educaci\u00f3n. Tiene experiencia en el \u00e1rea de Salud P\u00fablica, con \u00e9nfasis en Educaci\u00f3n Popular y Salud Comunitaria, actuando principalmente en los siguientes temas: educaci\u00f3n para la salud, educaci\u00f3n popular, atenci\u00f3n primaria de salud, espiritualidad en salud y extensi\u00f3n universitaria. Es el actual coordinador de la Red de Educaci\u00f3n Popular y Salud. Tambi\u00e9n coordina el Grupo de Investigaci\u00f3n en Educaci\u00f3n Popular en Salud.<\/p>\n<\/div>\n<\/div>\n\n\n\n<hr class=\"wp-block-separator has-alpha-channel-opacity is-style-wide\" \/>\n\n\n\n<h3 class=\"wp-block-heading\">Resumen<\/h3>\n\n\n\n<p>En el prop\u00f3sito de recuperar la producci\u00f3n latinoamericana y sus apuestas cr\u00edticas y decoloniales para posicionarla en el \u00e1mbito regional es necesario identificar la perspectiva pedag\u00f3gica que sustenta el acto educativo lo cual exige una toma de posici\u00f3n. Esto implica trascender la apariencia y lograr precisar la esencia del acto educativo, para superar la perspectiva biom\u00e9dica, instrumental e instruccional, y promover una educaci\u00f3n dial\u00f3gica, problematizadora y emancipadora. Dicha perspectiva alternativa precisa un abordaje transdisciplinar, pero tambi\u00e9n dial\u00f3gico, en la medida en que no solo se reconozca los conocimientos instituidos desde las disciplinas acad\u00e9micas sino tambi\u00e9n los saberes populares y ancestrales. Una educaci\u00f3n orientada hacia el desarrollo de capacidades entendida como las habilidades y oportunidades para vivir la vida que se valora y el fortalecimiento de la autonom\u00eda como tambi\u00e9n las capacidades de organizaci\u00f3n comunitaria y participaci\u00f3n pol\u00edtica.<\/p>\n\n\n\n<p>Algunas de las preguntas y reflexiones que se abordar\u00e1n durante el webinario son :<\/p>\n\n\n\n<ol class=\"wp-block-list\">\n<li>\u00bfC\u00f3mo acontece en nuestra regi\u00f3n el debate te\u00f3rico y pol\u00edtico de la educaci\u00f3n en el campo de la salud (educaci\u00f3n para la salud \u2013 educaci\u00f3n popular en salud) y como aporta este debate al posicionamiento de los desarrollos y experiencias surgidos en Am\u00e9rica Latina?<\/li>\n\n\n\n<li>\u00bfCu\u00e1l es la educaci\u00f3n en el campo de la salud que queremos promover teniendo en cuenta la intencionalidad (\u00bfpara qu\u00e9 educamos?) y el sentido \u00e9tico y pol\u00edtico (\u00bfpor qu\u00e9 educamos?)?<\/li>\n<\/ol>\n\n\n\n<hr class=\"wp-block-separator has-alpha-channel-opacity is-style-wide\" \/>\n\n\n\n<h3 class=\"wp-block-heading\">Contribuci\u00f3n de nuestros oradores<\/h3>\n\n\n\n<p>La grabaci\u00f3n del webinario<\/p>\n\n\n\n<figure class=\"wp-block-embed alignleft is-type-video is-provider-youtube wp-block-embed-youtube wp-embed-aspect-16-9 wp-has-aspect-ratio\"><div class=\"wp-block-embed__wrapper\">\n<iframe title=\"Los debates te\u00f3ricos y pol\u00edticos de la Educaci\u00f3n en el Campo de la Salud EpS y EdPopSal en Am. Lat.\" width=\"1233\" height=\"694\" data-src=\"https:\/\/www.youtube.com\/embed\/drKODnWaRIo?feature=oembed\" frameborder=\"0\" allow=\"accelerometer; autoplay; clipboard-write; encrypted-media; gyroscope; picture-in-picture; web-share\" referrerpolicy=\"strict-origin-when-cross-origin\" allowfullscreen src=\"data:image\/svg+xml;base64,PHN2ZyB3aWR0aD0iMSIgaGVpZ2h0PSIxIiB4bWxucz0iaHR0cDovL3d3dy53My5vcmcvMjAwMC9zdmciPjwvc3ZnPg==\" class=\"lazyload\" data-load-mode=\"1\"><\/iframe>\n<\/div><\/figure>\n\n\n\n<div style=\"height:8px\" aria-hidden=\"true\" class=\"wp-block-spacer\"><\/div>\n\n\n\n<hr class=\"wp-block-separator has-alpha-channel-opacity is-style-wide\" \/>\n\n\n\n<h3 class=\"wp-block-heading\">Red Latinoamericana por la Revitalizaci\u00f3n de la Educaci\u00f3n en el Campo de la Salud<\/h3>\n\n\n\n<p>Este webinario hace parte de la \u201cRed Latinoamericana por la Revitalizaci\u00f3n de la Educaci\u00f3n en el Campo de la Salud\u201d. Esta iniciativa se est\u00e1 proponiendo con la participaci\u00f3n de la C\u00e1tedra de Educaci\u00f3n y Salud de la UNESCO, el Consorcio Interamericano de Universidades y Centros de Formaci\u00f3n de Personal en Educaci\u00f3n para la Salud y Promoci\u00f3n de la Salud (CIUEPS), la Red Brasile\u00f1a de Educaci\u00f3n Popular en Salud, la Red Colombiana de Educaci\u00f3n en el Campo de la Salud y la Oficina Regional para Am\u00e9rica Latina de la&nbsp; Uni\u00f3n Internacional de Promoci\u00f3n de la Salud y de Educaci\u00f3n para la Salud (UIPES\/ORLA). Se han trazado como objetivos los siguientes:<\/p>\n\n\n\n<div class=\"wp-block-group\"><div class=\"wp-block-group__inner-container is-layout-constrained wp-block-group-is-layout-constrained\">\n<ul class=\"wp-block-list\">\n<li>Promover la ECS (EpS \u2013 EdPopS) en los \u00e1mbitos nacionales e internacionales, como dimensi\u00f3n fundamental de las disciplinas de la salud, de las ciencias de la educaci\u00f3n y de las ciencias sociales y humanas.<\/li>\n\n\n\n<li>Recuperar la producci\u00f3n latinoamericana y posicionarla en el \u00e1mbito regional, lo que implica promover sus apuestas cr\u00edticas y decoloniales. Una ECS (EpS \u2013 EdPopS) que propenda por la transformaci\u00f3n social hacia una sociedad m\u00e1s justa y equitativa que garantice el bienestar y una vida con dignidad.<\/li>\n\n\n\n<li>Fomentar la articulaci\u00f3n de los sectores de la educaci\u00f3n y la salud para fortalecer las acciones de cada uno de estos sectores para promover la ECS (EpS \u2013 EdPopS), al reconocer la educaci\u00f3n y la salud como dos derechos humanos inalienables, sin\u00e9rgicos e interdependientes.<\/li>\n\n\n\n<li>Fortalecer la fundamentaci\u00f3n te\u00f3rica, pol\u00edtica y \u00e9tica de la ECS (EpS \u2013 EdPopS) como requisito para una praxis pedag\u00f3gica responsable, productiva y \u00e9tica.<\/li>\n\n\n\n<li>Generar un espacio para la articulaci\u00f3n de la academia y la sociedad civil que permita la integraci\u00f3n latinoamericana para compartir experiencias, conocimientos y aspiraciones enmarcadas en un prop\u00f3sito colectivo.<\/li>\n\n\n\n<li>Propiciar la integraci\u00f3n nacional e internacional respecto a la ECS (EpS \u2013 EdPopS) como espacio para el aprendizaje mutuo y solidario, y para facilitar acciones de cooperaci\u00f3n en el desarrollo de eventos acad\u00e9mico-cient\u00edficos, investigaciones y procesos de formaci\u00f3n.<\/li>\n<\/ul>\n\n\n\n<p>Los webinarios, abiertos a la participaci\u00f3n de todos los interesados, hacen parte del programa. Son sesiones vivenciales, de 60 \u2013 90 minutos, con ponentes invitados que presentan sus reflexiones sobre dos o tres preguntas problematizadoras para incentivar la participaci\u00f3n de la audiencia. Para esta primera fase del programa se han programado cinco webinarios, con un intervalo de 2 meses entre cada uno.<\/p>\n\n\n\n<p>Ver las grabaciones de los otros webinarios:<\/p>\n\n\n\n<ul class=\"wp-block-list\">\n<li><a href=\"https:\/\/unescochair-ghe.org\/fa\/17-septiembre-2024-los-debates-teoricos-y-politicos-de-la-educacion-en-el-campo-de-la-salud-eps-y-edpopsal-en-america-latina\/\">17 septiembre 2024 \u2013 Los debates te\u00f3ricos y pol\u00edticos de la Educaci\u00f3n en el Campo de la Salud (EpS y EdPopSal) en Am\u00e9rica Latina<\/a><\/li>\n<\/ul>\n\n\n\n<hr class=\"wp-block-separator has-alpha-channel-opacity is-style-wide\" \/>\n<\/div><\/div>\n\n\n\n<figure class=\"wp-block-image size-large\"><img decoding=\"async\" width=\"1024\" height=\"536\" data-src=\"https:\/\/unescochair-ghe.org\/wp-content\/uploads\/2024\/09\/Theoretical-and-political-debates-on-Health-Education-in-Latin-America_ES1-1-1024x536.png\" alt=\"\" class=\"wp-image-8302 lazyload\" data-srcset=\"https:\/\/unescochair-ghe.org\/wp-content\/uploads\/2024\/09\/Theoretical-and-political-debates-on-Health-Education-in-Latin-America_ES1-1-1024x536.png 1024w, https:\/\/unescochair-ghe.org\/wp-content\/uploads\/2024\/09\/Theoretical-and-political-debates-on-Health-Education-in-Latin-America_ES1-1-300x157.png 300w, https:\/\/unescochair-ghe.org\/wp-content\/uploads\/2024\/09\/Theoretical-and-political-debates-on-Health-Education-in-Latin-America_ES1-1-768x402.png 768w, https:\/\/unescochair-ghe.org\/wp-content\/uploads\/2024\/09\/Theoretical-and-political-debates-on-Health-Education-in-Latin-America_ES1-1-18x9.png 18w, https:\/\/unescochair-ghe.org\/wp-content\/uploads\/2024\/09\/Theoretical-and-political-debates-on-Health-Education-in-Latin-America_ES1-1-494x259.png 494w, https:\/\/unescochair-ghe.org\/wp-content\/uploads\/2024\/09\/Theoretical-and-political-debates-on-Health-Education-in-Latin-America_ES1-1.png 1200w\" data-sizes=\"(max-width: 1024px) 100vw, 1024px\" src=\"data:image\/svg+xml;base64,PHN2ZyB3aWR0aD0iMSIgaGVpZ2h0PSIxIiB4bWxucz0iaHR0cDovL3d3dy53My5vcmcvMjAwMC9zdmciPjwvc3ZnPg==\" style=\"--smush-placeholder-width: 1024px; --smush-placeholder-aspect-ratio: 1024\/536;\" \/><\/figure>","protected":false},"excerpt":{"rendered":"<p>Informa\u00e7\u00f5es em portugu\u00eas, Information in English Oradores Moderador Prof. Dr. Hiram V. Arroyo &#8211; Acevedo, Docente e investigador de Promoci\u00f3n de la Salud y Educaci\u00f3n para la Salud, Director, Departamento &hellip;<\/p>","protected":false},"author":3,"featured_media":8302,"comment_status":"closed","ping_status":"closed","sticky":false,"template":"","format":"standard","meta":{"footnotes":"","_links_to":"","_links_to_target":""},"categories":[48],"tags":[194,192,193,196],"class_list":["post-8294","post","type-post","status-publish","format-standard","has-post-thumbnail","hentry","category-webinar","tag-debates","tag-educacion-para-la-salud","tag-educacion-popular-en-salud","tag-politicos"],"_links":{"self":[{"href":"https:\/\/unescochair-ghe.org\/fa\/wp-json\/wp\/v2\/posts\/8294","targetHints":{"allow":["GET"]}}],"collection":[{"href":"https:\/\/unescochair-ghe.org\/fa\/wp-json\/wp\/v2\/posts"}],"about":[{"href":"https:\/\/unescochair-ghe.org\/fa\/wp-json\/wp\/v2\/types\/post"}],"author":[{"embeddable":true,"href":"https:\/\/unescochair-ghe.org\/fa\/wp-json\/wp\/v2\/users\/3"}],"replies":[{"embeddable":true,"href":"https:\/\/unescochair-ghe.org\/fa\/wp-json\/wp\/v2\/comments?post=8294"}],"version-history":[{"count":15,"href":"https:\/\/unescochair-ghe.org\/fa\/wp-json\/wp\/v2\/posts\/8294\/revisions"}],"predecessor-version":[{"id":10210,"href":"https:\/\/unescochair-ghe.org\/fa\/wp-json\/wp\/v2\/posts\/8294\/revisions\/10210"}],"wp:featuredmedia":[{"embeddable":true,"href":"https:\/\/unescochair-ghe.org\/fa\/wp-json\/wp\/v2\/media\/8302"}],"wp:attachment":[{"href":"https:\/\/unescochair-ghe.org\/fa\/wp-json\/wp\/v2\/media?parent=8294"}],"wp:term":[{"taxonomy":"category","embeddable":true,"href":"https:\/\/unescochair-ghe.org\/fa\/wp-json\/wp\/v2\/categories?post=8294"},{"taxonomy":"post_tag","embeddable":true,"href":"https:\/\/unescochair-ghe.org\/fa\/wp-json\/wp\/v2\/tags?post=8294"}],"curies":[{"name":"wp","href":"https:\/\/api.w.org\/{rel}","templated":true}]}}