{"id":7058,"date":"2023-11-07T12:32:16","date_gmt":"2023-11-07T11:32:16","guid":{"rendered":"https:\/\/unescochair-ghe.org\/?p=7058"},"modified":"2023-12-19T09:17:33","modified_gmt":"2023-12-19T08:17:33","slug":"global-launch-of-the-2nd-mandate-of-the-unesco-chair-global-health-education","status":"publish","type":"post","link":"https:\/\/unescochair-ghe.org\/fa\/global-launch-of-the-2nd-mandate-of-the-unesco-chair-global-health-education\/","title":{"rendered":"Global launch of the 2nd mandate of the UNESCO Chair Global Health &amp; Education"},"content":{"rendered":"<p><em><a href=\"https:\/\/chaireunesco-es.org\/2023\/11\/14\/inauguration-du-second-mandat-de-la-chaire-unesco-educations-sante\/\" target=\"_blank\" rel=\"noreferrer noopener\">Informations en fran\u00e7ais<\/a><\/em><\/p>\n\n\n\n<div class=\"wp-block-columns is-layout-flex wp-container-core-columns-is-layout-9d6595d7 wp-block-columns-is-layout-flex\">\n<div class=\"wp-block-column is-layout-flow wp-block-column-is-layout-flow\" style=\"flex-basis:100%\">\n<div class=\"wp-block-columns is-layout-flex wp-container-core-columns-is-layout-9d6595d7 wp-block-columns-is-layout-flex\">\n<div class=\"wp-block-column is-layout-flow wp-block-column-is-layout-flow\" style=\"flex-basis:66.66%\">\n<p>On 19 October 2023 the launch of the 2nd mandate of the UNESCO Chair and WHO Collaborating Center on Global Health &amp; Education took place at UNESCO House in Paris and online. <\/p>\n\n\n\n<p>In 2022, the Chair\u2019s application for renewal was approved by both UNESCO and WHO. The commitment of the Chair remains the same for the next mandate until 2026: knowledge production and sharing, in order to support institutions and professionals committed to promoting health for all and reducing inequalities.<\/p>\n\n\n\n<p>This event was an opportunity to reaffirm the commitment of the UNESCO Chair and WHO Collaborating Centre to the two UN agencies and to thank them for their confidence in renewing its mandate for a period of four years.<\/p>\n\n\n\n<p>Representatives of UNESCO and WHO, the two Universities hosting the Chair and MGEN and Group Vyv reviewed the positive results of the first mandate, the specific contribution of their respective organisations to this dynamic and the priorities for the next four years.<\/p>\n\n\n\n<p>A <a rel=\"noreferrer noopener\" href=\"https:\/\/www.who.int\/france\/news\/item\/19-10-2023-education-and-health-research-continues-at-redesignated-who-collaborating-centre\" target=\"_blank\">news item<\/a> on the re-designation of the WHO Collaborating Center on Research in Education and Health was published on the WHO website. <\/p>\n<\/div>\n\n\n\n<div class=\"wp-block-column is-layout-flow wp-block-column-is-layout-flow\" style=\"flex-basis:33.33%\">\n<figure class=\"wp-block-image size-large\"><img decoding=\"async\" width=\"577\" height=\"1024\" data-src=\"https:\/\/unescochair-ghe.org\/wp-content\/uploads\/2023\/12\/Photo-inauguration-191023-2-768x1364-1-577x1024.jpeg\" alt=\"\" class=\"wp-image-7163 lazyload\" data-srcset=\"https:\/\/unescochair-ghe.org\/wp-content\/uploads\/2023\/12\/Photo-inauguration-191023-2-768x1364-1-577x1024.jpeg 577w, https:\/\/unescochair-ghe.org\/wp-content\/uploads\/2023\/12\/Photo-inauguration-191023-2-768x1364-1-169x300.jpeg 169w, https:\/\/unescochair-ghe.org\/wp-content\/uploads\/2023\/12\/Photo-inauguration-191023-2-768x1364-1-7x12.jpeg 7w, https:\/\/unescochair-ghe.org\/wp-content\/uploads\/2023\/12\/Photo-inauguration-191023-2-768x1364-1.jpeg 768w\" data-sizes=\"(max-width: 577px) 100vw, 577px\" src=\"data:image\/svg+xml;base64,PHN2ZyB3aWR0aD0iMSIgaGVpZ2h0PSIxIiB4bWxucz0iaHR0cDovL3d3dy53My5vcmcvMjAwMC9zdmciPjwvc3ZnPg==\" style=\"--smush-placeholder-width: 577px; --smush-placeholder-aspect-ratio: 577\/1024;\" \/><\/figure>\n<\/div>\n<\/div>\n<\/div>\n<\/div>\n\n\n\n<h2 class=\"wp-block-heading\">Programme global launch event<\/h2>\n\n\n\n<p>View the full <a rel=\"noreferrer noopener\" href=\"https:\/\/unescochair-ghe.org\/wp-content\/uploads\/2023\/10\/Program-19-October-Chair-ES-VA-4-Numerique.pdf\" target=\"_blank\">programme of the global launch event<\/a>.<\/p>\n\n\n\n<div class=\"wp-block-columns is-layout-flex wp-container-core-columns-is-layout-9d6595d7 wp-block-columns-is-layout-flex\">\n<div class=\"wp-block-column is-layout-flow wp-block-column-is-layout-flow\" style=\"flex-basis:66.66%\">\n<p>Speakers during the global launch event were:<\/p>\n\n\n\n<ul class=\"wp-block-list\">\n<li><strong>Fran\u00e7ois Aubert<\/strong>, president Steering Committee UNESCO Chair GHE, Universit\u00e9 Clermont Auvergne, France<\/li>\n\n\n\n<li><strong>Sobhi Tawil<\/strong>, UNESCO Director of Division for Future of Learning and Innovation<\/li>\n\n\n\n<li><strong>Suzy Halimi<\/strong>, Responsable du R\u00e9seau des Chaires UNESCO et des Villes apprenantes fran\u00e7aises<\/li>\n\n\n\n<li><strong>Chris Brown<\/strong>, Head WHO European Office for Investment for Health and Development<\/li>\n\n\n\n<li><strong>Rudiger Krech<\/strong>, Director, Department of Health Promotion, Healthier Populations Division, WHO<\/li>\n\n\n\n<li><strong>Fran\u00e7ois Paquis<\/strong>, Directeur G\u00e9n\u00e9ral des Services, Universit\u00e9 Clermont Auvergne, France<\/li>\n\n\n\n<li><strong>Bob Cryan<\/strong>, Vice-Chancellor, University of Huddersfield, UK<\/li>\n\n\n\n<li><strong>Cyrille Isaac-Sibille<\/strong>, D\u00e9put\u00e9 du Rh\u00f4ne <\/li>\n\n\n\n<li><strong>Matthias Savignac<\/strong>, Pr\u00e9sident du groupe MGEN<\/li>\n\n\n\n<li><strong>Somto Chike-Obuekwe<\/strong>, PhD Student, University of Huddersfield, UK<\/li>\n\n\n\n<li><strong>Nanne de Vries<\/strong>, Head of Scientific Affairs UNESCO Chair GHE, Professor of Health Promotion, Maastricht University, the Netherlands<\/li>\n\n\n\n<li><strong>Didier Jourdan<\/strong>, co-chair holder UNESCO Chair GHE, Universit\u00e9 Clermont Auvergne, France<\/li>\n\n\n\n<li><strong>Nicola Gray<\/strong>, co-chair holder UNESCO Chair GHE, University of Huddersfield, UK<\/li>\n\n\n\n<li><strong>Jo\u00eblle Mignot<\/strong>, Chaire UNESCO Sant\u00e9 sexuelle &amp; Droits humains<\/li>\n\n\n\n<li><strong>Goof Buijs<\/strong>, manager UNESCO Chair GHE<\/li>\n<\/ul>\n<\/div>\n\n\n\n<div class=\"wp-block-column is-layout-flow wp-block-column-is-layout-flow\" style=\"flex-basis:33.33%\"><div class=\"wp-block-image\">\n<figure class=\"aligncenter size-full\"><img decoding=\"async\" width=\"563\" height=\"794\" data-src=\"https:\/\/unescochair-ghe.org\/wp-content\/uploads\/2023\/11\/Front-programme.png\" alt=\"\" class=\"wp-image-7068 lazyload\" data-srcset=\"https:\/\/unescochair-ghe.org\/wp-content\/uploads\/2023\/11\/Front-programme.png 563w, https:\/\/unescochair-ghe.org\/wp-content\/uploads\/2023\/11\/Front-programme-213x300.png 213w, https:\/\/unescochair-ghe.org\/wp-content\/uploads\/2023\/11\/Front-programme-9x12.png 9w\" data-sizes=\"(max-width: 563px) 100vw, 563px\" src=\"data:image\/svg+xml;base64,PHN2ZyB3aWR0aD0iMSIgaGVpZ2h0PSIxIiB4bWxucz0iaHR0cDovL3d3dy53My5vcmcvMjAwMC9zdmciPjwvc3ZnPg==\" style=\"--smush-placeholder-width: 563px; --smush-placeholder-aspect-ratio: 563\/794;\" \/><figcaption class=\"wp-element-caption\"><br><\/figcaption><\/figure>\n<\/div><\/div>\n<\/div>\n\n\n\n<h3 class=\"wp-block-heading\">Recording of the launch event<\/h3>\n\n\n\n<div class=\"wp-block-columns is-layout-flex wp-container-core-columns-is-layout-9d6595d7 wp-block-columns-is-layout-flex\">\n<div class=\"wp-block-column is-layout-flow wp-block-column-is-layout-flow\" style=\"flex-basis:33.33%\">\n<figure class=\"wp-block-embed is-type-video is-provider-youtube wp-block-embed-youtube wp-embed-aspect-16-9 wp-has-aspect-ratio\"><div class=\"wp-block-embed__wrapper\">\n<iframe title=\"Global launch event UNESCO Chair Global Health &amp; Education, 19 October 2023 - English version\" width=\"1233\" height=\"694\" data-src=\"https:\/\/www.youtube.com\/embed\/q_jt8O3IoKI?feature=oembed\" frameborder=\"0\" allow=\"accelerometer; autoplay; clipboard-write; encrypted-media; gyroscope; picture-in-picture; web-share\" referrerpolicy=\"strict-origin-when-cross-origin\" allowfullscreen src=\"data:image\/svg+xml;base64,PHN2ZyB3aWR0aD0iMSIgaGVpZ2h0PSIxIiB4bWxucz0iaHR0cDovL3d3dy53My5vcmcvMjAwMC9zdmciPjwvc3ZnPg==\" class=\"lazyload\" data-load-mode=\"1\"><\/iframe>\n<\/div><\/figure>\n<\/div>\n\n\n\n<div class=\"wp-block-column is-layout-flow wp-block-column-is-layout-flow\" style=\"flex-basis:66.66%\">\n<p>Watch the recording of the global launch event in English.<\/p>\n<\/div>\n<\/div>\n\n\n\n<p><a href=\"https:\/\/photos.google.com\/share\/AF1QipMPZdNnX-rfIzRjnOY7Q2w3sN4B_gYkHzkM8Z7hw8rGdjoMFKH06e42wPcYC3mjbw?key=UTI4eW1nOUJWcUkzMDZPZFcycnd3dk4zLWs0Wl93\" target=\"_blank\" rel=\"noreferrer noopener\">A gallery<\/a> featuring portraits of participants and partners is also available.<\/p>\n\n\n\n<h3 class=\"wp-block-heading\">Contributions of young professionals<\/h3>\n\n\n\n<p>For the occasion of the launch of the 2nd mandate some of the young professionals the Chair has worked with, shared their highlight of the first mandate of the Chair in a short video statement.<\/p>\n\n\n\n<div class=\"wp-block-columns is-layout-flex wp-container-core-columns-is-layout-9d6595d7 wp-block-columns-is-layout-flex\">\n<div class=\"wp-block-column is-layout-flow wp-block-column-is-layout-flow\" style=\"flex-basis:33.33%\">\n<figure class=\"wp-block-embed is-type-video is-provider-youtube wp-block-embed-youtube wp-embed-aspect-16-9 wp-has-aspect-ratio\"><div class=\"wp-block-embed__wrapper\">\n<iframe title=\"Diana Medina : Highlight First mandate of the UNESCO Chair GHE\" width=\"1233\" height=\"694\" data-src=\"https:\/\/www.youtube.com\/embed\/rDEFnxY4VVI?feature=oembed\" frameborder=\"0\" allow=\"accelerometer; autoplay; clipboard-write; encrypted-media; gyroscope; picture-in-picture; web-share\" referrerpolicy=\"strict-origin-when-cross-origin\" allowfullscreen src=\"data:image\/svg+xml;base64,PHN2ZyB3aWR0aD0iMSIgaGVpZ2h0PSIxIiB4bWxucz0iaHR0cDovL3d3dy53My5vcmcvMjAwMC9zdmciPjwvc3ZnPg==\" class=\"lazyload\" data-load-mode=\"1\"><\/iframe>\n<\/div><\/figure>\n<\/div>\n\n\n\n<div class=\"wp-block-column is-layout-flow wp-block-column-is-layout-flow\" style=\"flex-basis:66.66%\">\n<p><strong>Diana Medina &#8211; Ecuador<\/strong><\/p>\n\n\n\n<p>Clinical Psychologist, Master in Public Health, Universidad San Francisco de Quito (USFQ), Ecuador<\/p>\n<\/div>\n<\/div>\n\n\n\n<div class=\"wp-block-columns is-layout-flex wp-container-core-columns-is-layout-9d6595d7 wp-block-columns-is-layout-flex\">\n<div class=\"wp-block-column is-layout-flow wp-block-column-is-layout-flow\" style=\"flex-basis:33.33%\">\n<figure class=\"wp-block-embed is-type-video is-provider-youtube wp-block-embed-youtube wp-embed-aspect-16-9 wp-has-aspect-ratio\"><div class=\"wp-block-embed__wrapper\">\n<iframe title=\"Chlo\u00e9 V\u00e9rit\u00e9 : Highlight First mandate of the UNESCO Chair GHE- Full version\" width=\"1233\" height=\"694\" data-src=\"https:\/\/www.youtube.com\/embed\/jmrHeOOhP3Q?feature=oembed\" frameborder=\"0\" allow=\"accelerometer; autoplay; clipboard-write; encrypted-media; gyroscope; picture-in-picture; web-share\" referrerpolicy=\"strict-origin-when-cross-origin\" allowfullscreen src=\"data:image\/svg+xml;base64,PHN2ZyB3aWR0aD0iMSIgaGVpZ2h0PSIxIiB4bWxucz0iaHR0cDovL3d3dy53My5vcmcvMjAwMC9zdmciPjwvc3ZnPg==\" class=\"lazyload\" data-load-mode=\"1\"><\/iframe>\n<\/div><\/figure>\n<\/div>\n\n\n\n<div class=\"wp-block-column is-layout-flow wp-block-column-is-layout-flow\" style=\"flex-basis:66.66%\">\n<p><strong>Chlo\u00e9 V\u00e9rit\u00e9 &#8211; France<\/strong><\/p>\n\n\n\n<p>Charg\u00e9e de mission en pr\u00e9vention et promotion de la sant\u00e9, Service de sant\u00e9 des \u00e9tudiants, Universit\u00e9 de Rennes, France<\/p>\n<\/div>\n<\/div>\n\n\n\n<div class=\"wp-block-columns is-layout-flex wp-container-core-columns-is-layout-9d6595d7 wp-block-columns-is-layout-flex\">\n<div class=\"wp-block-column is-layout-flow wp-block-column-is-layout-flow\" style=\"flex-basis:33.33%\">\n<figure class=\"wp-block-embed is-type-video is-provider-youtube wp-block-embed-youtube wp-embed-aspect-16-9 wp-has-aspect-ratio\"><div class=\"wp-block-embed__wrapper\">\n<iframe title=\"Helena Franceschini : Highlight First mandate of the UNESCO Chair GHE\" width=\"1233\" height=\"694\" data-src=\"https:\/\/www.youtube.com\/embed\/AlDm7e-8jMk?feature=oembed\" frameborder=\"0\" allow=\"accelerometer; autoplay; clipboard-write; encrypted-media; gyroscope; picture-in-picture; web-share\" referrerpolicy=\"strict-origin-when-cross-origin\" allowfullscreen src=\"data:image\/svg+xml;base64,PHN2ZyB3aWR0aD0iMSIgaGVpZ2h0PSIxIiB4bWxucz0iaHR0cDovL3d3dy53My5vcmcvMjAwMC9zdmciPjwvc3ZnPg==\" class=\"lazyload\" data-load-mode=\"1\"><\/iframe>\n<\/div><\/figure>\n<\/div>\n\n\n\n<div class=\"wp-block-column is-layout-flow wp-block-column-is-layout-flow\" style=\"flex-basis:66.66%\">\n<p><strong>Helena Franceschini &#8211; France<\/strong><\/p>\n\n\n\n<p>Master student of European and international studies &#8211; ENS de Lyon, France<\/p>\n<\/div>\n<\/div>\n\n\n\n<div class=\"wp-block-columns is-layout-flex wp-container-core-columns-is-layout-9d6595d7 wp-block-columns-is-layout-flex\">\n<div class=\"wp-block-column is-layout-flow wp-block-column-is-layout-flow\" style=\"flex-basis:33.33%\">\n<figure class=\"wp-block-embed is-type-video is-provider-youtube wp-block-embed-youtube wp-embed-aspect-16-9 wp-has-aspect-ratio\"><div class=\"wp-block-embed__wrapper\">\n<iframe title=\"Vasilis Tsolos : Highlight First mandate of the UNESCO Chair GHE\" width=\"1233\" height=\"694\" data-src=\"https:\/\/www.youtube.com\/embed\/W7CvZzdZjnQ?feature=oembed\" frameborder=\"0\" allow=\"accelerometer; autoplay; clipboard-write; encrypted-media; gyroscope; picture-in-picture; web-share\" referrerpolicy=\"strict-origin-when-cross-origin\" allowfullscreen src=\"data:image\/svg+xml;base64,PHN2ZyB3aWR0aD0iMSIgaGVpZ2h0PSIxIiB4bWxucz0iaHR0cDovL3d3dy53My5vcmcvMjAwMC9zdmciPjwvc3ZnPg==\" class=\"lazyload\" data-load-mode=\"1\"><\/iframe>\n<\/div><\/figure>\n<\/div>\n\n\n\n<div class=\"wp-block-column is-layout-flow wp-block-column-is-layout-flow\" style=\"flex-basis:66.66%\">\n<p><strong>Vasilis Tsolos &#8211; Greece<\/strong><\/p>\n\n\n\n<p>University Student Greece<\/p>\n<\/div>\n<\/div>\n\n\n\n<div class=\"wp-block-columns is-layout-flex wp-container-core-columns-is-layout-9d6595d7 wp-block-columns-is-layout-flex\">\n<div class=\"wp-block-column is-layout-flow wp-block-column-is-layout-flow\" style=\"flex-basis:33.33%\">\n<figure class=\"wp-block-embed is-type-video is-provider-youtube wp-block-embed-youtube wp-embed-aspect-16-9 wp-has-aspect-ratio\"><div class=\"wp-block-embed__wrapper\">\n<iframe title=\"Kennedy O. Sigodo : Highlight First mandate of the UNESCO Chair GHE\" width=\"1233\" height=\"694\" data-src=\"https:\/\/www.youtube.com\/embed\/pp3ztXm2pqU?feature=oembed\" frameborder=\"0\" allow=\"accelerometer; autoplay; clipboard-write; encrypted-media; gyroscope; picture-in-picture; web-share\" referrerpolicy=\"strict-origin-when-cross-origin\" allowfullscreen src=\"data:image\/svg+xml;base64,PHN2ZyB3aWR0aD0iMSIgaGVpZ2h0PSIxIiB4bWxucz0iaHR0cDovL3d3dy53My5vcmcvMjAwMC9zdmciPjwvc3ZnPg==\" class=\"lazyload\" data-load-mode=\"1\"><\/iframe>\n<\/div><\/figure>\n<\/div>\n\n\n\n<div class=\"wp-block-column is-layout-flow wp-block-column-is-layout-flow\" style=\"flex-basis:66.66%\">\n<p><strong>Kennedy O. Sigodo &#8211; United Kingdom<\/strong><\/p>\n\n\n\n<p>Lecturer in Public Health, GCU- London United Kingdom<\/p>\n<\/div>\n<\/div>\n\n\n\n<h3 class=\"wp-block-heading\">Contributions of UNESCO Chair National Representatives <\/h3>\n\n\n\n<p>For the occasion of the launch of the 2nd mandate several National Representatives shared their highlight of the first mandate of the Chair in a short video statement.<\/p>\n\n\n\n<div class=\"wp-block-columns is-layout-flex wp-container-core-columns-is-layout-9d6595d7 wp-block-columns-is-layout-flex\">\n<div class=\"wp-block-column is-layout-flow wp-block-column-is-layout-flow\" style=\"flex-basis:33.33%\">\n<figure class=\"wp-block-embed is-type-video is-provider-youtube wp-block-embed-youtube wp-embed-aspect-16-9 wp-has-aspect-ratio\"><div class=\"wp-block-embed__wrapper\">\n<iframe title=\"Marco Akerman : Highlight First mandate of the UNESCO Chair GHE\" width=\"1233\" height=\"694\" data-src=\"https:\/\/www.youtube.com\/embed\/OfVL1wDhR8w?feature=oembed\" frameborder=\"0\" allow=\"accelerometer; autoplay; clipboard-write; encrypted-media; gyroscope; picture-in-picture; web-share\" referrerpolicy=\"strict-origin-when-cross-origin\" allowfullscreen src=\"data:image\/svg+xml;base64,PHN2ZyB3aWR0aD0iMSIgaGVpZ2h0PSIxIiB4bWxucz0iaHR0cDovL3d3dy53My5vcmcvMjAwMC9zdmciPjwvc3ZnPg==\" class=\"lazyload\" data-load-mode=\"1\"><\/iframe>\n<\/div><\/figure>\n<\/div>\n\n\n\n<div class=\"wp-block-column is-layout-flow wp-block-column-is-layout-flow\" style=\"flex-basis:66.66%\">\n<p><strong>Marco Akerman &#8211; Brazil<\/strong><\/p>\n\n\n\n<p>Full Professor, School of Public Health, University of Sao Paulo, Brazil<\/p>\n<\/div>\n<\/div>\n\n\n\n<div class=\"wp-block-columns is-layout-flex wp-container-core-columns-is-layout-9d6595d7 wp-block-columns-is-layout-flex\">\n<div class=\"wp-block-column is-layout-flow wp-block-column-is-layout-flow\" style=\"flex-basis:33.33%\">\n<figure class=\"wp-block-embed is-type-video is-provider-youtube wp-block-embed-youtube wp-embed-aspect-16-9 wp-has-aspect-ratio\"><div class=\"wp-block-embed__wrapper\">\n<iframe title=\"Pierre Fonkoua : Highlight First mandate of the UNESCO Chair GHE\" width=\"1233\" height=\"694\" data-src=\"https:\/\/www.youtube.com\/embed\/mcQ_4YrnU0M?feature=oembed\" frameborder=\"0\" allow=\"accelerometer; autoplay; clipboard-write; encrypted-media; gyroscope; picture-in-picture; web-share\" referrerpolicy=\"strict-origin-when-cross-origin\" allowfullscreen src=\"data:image\/svg+xml;base64,PHN2ZyB3aWR0aD0iMSIgaGVpZ2h0PSIxIiB4bWxucz0iaHR0cDovL3d3dy53My5vcmcvMjAwMC9zdmciPjwvc3ZnPg==\" class=\"lazyload\" data-load-mode=\"1\"><\/iframe>\n<\/div><\/figure>\n<\/div>\n\n\n\n<div class=\"wp-block-column is-layout-flow wp-block-column-is-layout-flow\" style=\"flex-basis:66.66%\">\n<p><strong>Pierre Fonkoua &#8211; Cameroon<\/strong><\/p>\n\n\n\n<p>Professeur titulaire <br>Chef de D\u00e9partement des Sciences de l\u2019Education, Ecole Normale Sup\u00e9rieure de Yaound\u00e9 Coordonnateur de la Chaire UNESCO des Sciences de l\u2019Education pour l\u2019Afrique Centrale, Antenne du Cameroun (Universit\u00e9 de Yaound\u00e9 I, Universit\u00e9 du Congo) <br>Coordonnateur de la Chaire UNESCO des Droits de l\u2019Homme et Culture de la Paix (Universit\u00e9 de Bangui, Universit\u00e9 de Kinshasa) <br>Coordonnateur du R\u00e9seau Ouest et Central Africain de Recherche en Education (ROCARE) <br>Coordonnateur de l\u2019Unit\u00e9 de Recherche et de Formation Doctorale (URFD) Sciences de l\u2019\u00e9ducation et Ing\u00e9nierie Educative de l\u2019Universit\u00e9 de Yaound\u00e9 I &#8211; Cameroun <\/p>\n<\/div>\n<\/div>\n\n\n\n<div class=\"wp-block-columns is-layout-flex wp-container-core-columns-is-layout-9d6595d7 wp-block-columns-is-layout-flex\">\n<div class=\"wp-block-column is-layout-flow wp-block-column-is-layout-flow\" style=\"flex-basis:33.33%\">\n<figure class=\"wp-block-embed is-type-video is-provider-youtube wp-block-embed-youtube wp-embed-aspect-16-9 wp-has-aspect-ratio\"><div class=\"wp-block-embed__wrapper\">\n<iframe title=\"Daniel Tob\u00f3n Garcia : Highlight First mandate of the UNESCO Chair GHE\" width=\"1233\" height=\"694\" data-src=\"https:\/\/www.youtube.com\/embed\/uQtjDjI0nEY?feature=oembed\" frameborder=\"0\" allow=\"accelerometer; autoplay; clipboard-write; encrypted-media; gyroscope; picture-in-picture; web-share\" referrerpolicy=\"strict-origin-when-cross-origin\" allowfullscreen src=\"data:image\/svg+xml;base64,PHN2ZyB3aWR0aD0iMSIgaGVpZ2h0PSIxIiB4bWxucz0iaHR0cDovL3d3dy53My5vcmcvMjAwMC9zdmciPjwvc3ZnPg==\" class=\"lazyload\" data-load-mode=\"1\"><\/iframe>\n<\/div><\/figure>\n<\/div>\n\n\n\n<div class=\"wp-block-column is-layout-flow wp-block-column-is-layout-flow\" style=\"flex-basis:66.66%\">\n<p><strong>Daniel Tob\u00f3n Garcia &#8211; Columbia<\/strong><\/p>\n\n\n\n<p>Medical doctor, Master in Public Health and Policy, Founder and CEO of Welbin, Columbia<\/p>\n<\/div>\n<\/div>\n\n\n\n<div class=\"wp-block-columns is-layout-flex wp-container-core-columns-is-layout-9d6595d7 wp-block-columns-is-layout-flex\">\n<div class=\"wp-block-column is-layout-flow wp-block-column-is-layout-flow\" style=\"flex-basis:33.33%\">\n<figure class=\"wp-block-embed is-type-video is-provider-youtube wp-block-embed-youtube wp-embed-aspect-16-9 wp-has-aspect-ratio\"><div class=\"wp-block-embed__wrapper\">\n<iframe title=\"Tenia Prokalamou : Highlight First mandate of the UNESCO Chair GHE\" width=\"1233\" height=\"694\" data-src=\"https:\/\/www.youtube.com\/embed\/NAkm_xl9JqQ?feature=oembed\" frameborder=\"0\" allow=\"accelerometer; autoplay; clipboard-write; encrypted-media; gyroscope; picture-in-picture; web-share\" referrerpolicy=\"strict-origin-when-cross-origin\" allowfullscreen src=\"data:image\/svg+xml;base64,PHN2ZyB3aWR0aD0iMSIgaGVpZ2h0PSIxIiB4bWxucz0iaHR0cDovL3d3dy53My5vcmcvMjAwMC9zdmciPjwvc3ZnPg==\" class=\"lazyload\" data-load-mode=\"1\"><\/iframe>\n<\/div><\/figure>\n<\/div>\n\n\n\n<div class=\"wp-block-column is-layout-flow wp-block-column-is-layout-flow\" style=\"flex-basis:66.66%\">\n<p><strong>Tenia Prokalamou &#8211; Greece<\/strong><\/p>\n\n\n\n<p>Biomedical Scientist, 1st Health Authority, MSc Applied Dietetics and Nutrition, Research Associate at Harokopio University, PhD Cand. in Healthy ageing, Greece<\/p>\n<\/div>\n<\/div>\n\n\n\n<div class=\"wp-block-columns is-layout-flex wp-container-core-columns-is-layout-9d6595d7 wp-block-columns-is-layout-flex\">\n<div class=\"wp-block-column is-layout-flow wp-block-column-is-layout-flow\" style=\"flex-basis:33.33%\">\n<figure class=\"wp-block-embed is-type-video is-provider-youtube wp-block-embed-youtube wp-embed-aspect-16-9 wp-has-aspect-ratio\"><div class=\"wp-block-embed__wrapper\">\n<iframe title=\"Gra\u00e7a S. Carvalho : Highlight First mandate of the UNESCO Chair GHE\" width=\"1233\" height=\"694\" data-src=\"https:\/\/www.youtube.com\/embed\/pUiPeH2_OjY?feature=oembed\" frameborder=\"0\" allow=\"accelerometer; autoplay; clipboard-write; encrypted-media; gyroscope; picture-in-picture; web-share\" referrerpolicy=\"strict-origin-when-cross-origin\" allowfullscreen src=\"data:image\/svg+xml;base64,PHN2ZyB3aWR0aD0iMSIgaGVpZ2h0PSIxIiB4bWxucz0iaHR0cDovL3d3dy53My5vcmcvMjAwMC9zdmciPjwvc3ZnPg==\" class=\"lazyload\" data-load-mode=\"1\"><\/iframe>\n<\/div><\/figure>\n<\/div>\n\n\n\n<div class=\"wp-block-column is-layout-flow wp-block-column-is-layout-flow\" style=\"flex-basis:66.66%\">\n<p><strong>Gra\u00e7a S. Carvalho &#8211; Portugal<\/strong><\/p>\n\n\n\n<p>Full Professor, Research Centre on Child Studies, Institute of Education, University of Minho, Portugal<\/p>\n<\/div>\n<\/div>\n\n\n\n<div class=\"wp-block-columns is-layout-flex wp-container-core-columns-is-layout-9d6595d7 wp-block-columns-is-layout-flex\">\n<div class=\"wp-block-column is-layout-flow wp-block-column-is-layout-flow\" style=\"flex-basis:33.33%\">\n<figure class=\"wp-block-embed is-type-video is-provider-youtube wp-block-embed-youtube wp-embed-aspect-16-9 wp-has-aspect-ratio\"><div class=\"wp-block-embed__wrapper\">\n<iframe title=\"George Arrey : Highlight First mandate of the UNESCO Chair GHE\" width=\"1233\" height=\"694\" data-src=\"https:\/\/www.youtube.com\/embed\/2fvS8BhIipg?feature=oembed\" frameborder=\"0\" allow=\"accelerometer; autoplay; clipboard-write; encrypted-media; gyroscope; picture-in-picture; web-share\" referrerpolicy=\"strict-origin-when-cross-origin\" allowfullscreen src=\"data:image\/svg+xml;base64,PHN2ZyB3aWR0aD0iMSIgaGVpZ2h0PSIxIiB4bWxucz0iaHR0cDovL3d3dy53My5vcmcvMjAwMC9zdmciPjwvc3ZnPg==\" class=\"lazyload\" data-load-mode=\"1\"><\/iframe>\n<\/div><\/figure>\n<\/div>\n\n\n\n<div class=\"wp-block-column is-layout-flow wp-block-column-is-layout-flow\" style=\"flex-basis:66.66%\">\n<p><strong>George Arrey &#8211; South Africa<\/strong><\/p>\n\n\n\n<p>CEO Health Promotions South Africa Trust South Africa<\/p>\n<\/div>\n<\/div>\n\n\n\n<div class=\"wp-block-columns is-layout-flex wp-container-core-columns-is-layout-9d6595d7 wp-block-columns-is-layout-flex\">\n<div class=\"wp-block-column is-layout-flow wp-block-column-is-layout-flow\" style=\"flex-basis:33.33%\">\n<figure class=\"wp-block-embed is-type-video is-provider-youtube wp-block-embed-youtube wp-embed-aspect-16-9 wp-has-aspect-ratio\"><div class=\"wp-block-embed__wrapper\">\n<iframe title=\"William Datema : Highlight First mandate of the UNESCO Chair GHE\" width=\"1233\" height=\"694\" data-src=\"https:\/\/www.youtube.com\/embed\/QfheH4kK3x8?feature=oembed\" frameborder=\"0\" allow=\"accelerometer; autoplay; clipboard-write; encrypted-media; gyroscope; picture-in-picture; web-share\" referrerpolicy=\"strict-origin-when-cross-origin\" allowfullscreen src=\"data:image\/svg+xml;base64,PHN2ZyB3aWR0aD0iMSIgaGVpZ2h0PSIxIiB4bWxucz0iaHR0cDovL3d3dy53My5vcmcvMjAwMC9zdmciPjwvc3ZnPg==\" class=\"lazyload\" data-load-mode=\"1\"><\/iframe>\n<\/div><\/figure>\n<\/div>\n\n\n\n<div class=\"wp-block-column is-layout-flow wp-block-column-is-layout-flow\" style=\"flex-basis:66.66%\">\n<p><strong>Bill Datema, DrPH, MS, MCHES <\/strong>&#8211; <strong>United States<\/strong><\/p>\n\n\n\n<p>CEO, Society for Public Health Education, United States<\/p>\n<\/div>\n<\/div>\n\n\n\n<h3 class=\"wp-block-heading\">Photo galerie<\/h3>\n\n\n\n<p>Photos from the global launch event on 19 October 2023 can be seen in <a rel=\"noreferrer noopener\" href=\"https:\/\/photos.app.goo.gl\/eA3WBWX1GED85ipR8\" target=\"_blank\">this photo galerie<\/a>.<\/p>\n\n\n\n<p>Photos from the launch event for the french speaking community on 20 October 2023 can be seen in <a href=\"https:\/\/photos.app.goo.gl\/cy6KXPmrMafyR32h8\" target=\"_blank\" rel=\"noreferrer noopener\">this photo galerie<\/a>.<\/p>\n\n\n\n<p>Portraits can be found in <a rel=\"noreferrer noopener\" href=\"https:\/\/photos.app.goo.gl\/HyJaKeUsiavJnMcd8\" target=\"_blank\">this photo galerie<\/a>. <\/p>\n\n\n\n<div class=\"wp-block-columns is-layout-flex wp-container-core-columns-is-layout-9d6595d7 wp-block-columns-is-layout-flex\">\n<div class=\"wp-block-column is-layout-flow wp-block-column-is-layout-flow\">\n<figure class=\"wp-block-image size-full\"><img decoding=\"async\" width=\"1024\" height=\"576\" data-src=\"https:\/\/unescochair-ghe.org\/wp-content\/uploads\/2023\/12\/0IMGP3077-1-1024x678-1-edited.png\" alt=\"\" class=\"wp-image-7169 lazyload\" data-srcset=\"https:\/\/unescochair-ghe.org\/wp-content\/uploads\/2023\/12\/0IMGP3077-1-1024x678-1-edited.png 1024w, https:\/\/unescochair-ghe.org\/wp-content\/uploads\/2023\/12\/0IMGP3077-1-1024x678-1-edited-300x169.png 300w, https:\/\/unescochair-ghe.org\/wp-content\/uploads\/2023\/12\/0IMGP3077-1-1024x678-1-edited-768x432.png 768w, https:\/\/unescochair-ghe.org\/wp-content\/uploads\/2023\/12\/0IMGP3077-1-1024x678-1-edited-18x10.png 18w, https:\/\/unescochair-ghe.org\/wp-content\/uploads\/2023\/12\/0IMGP3077-1-1024x678-1-edited-373x210.png 373w\" data-sizes=\"(max-width: 1024px) 100vw, 1024px\" src=\"data:image\/svg+xml;base64,PHN2ZyB3aWR0aD0iMSIgaGVpZ2h0PSIxIiB4bWxucz0iaHR0cDovL3d3dy53My5vcmcvMjAwMC9zdmciPjwvc3ZnPg==\" style=\"--smush-placeholder-width: 1024px; --smush-placeholder-aspect-ratio: 1024\/576;\" \/><\/figure>\n<\/div>\n\n\n\n<div class=\"wp-block-column is-layout-flow wp-block-column-is-layout-flow\">\n<figure class=\"wp-block-image size-full\"><img decoding=\"async\" width=\"890\" height=\"501\" data-src=\"https:\/\/unescochair-ghe.org\/wp-content\/uploads\/2023\/12\/0PXL_20231019_120150780-1-1024x576-resize-edited.jpg\" alt=\"\" class=\"wp-image-7168 lazyload\" data-srcset=\"https:\/\/unescochair-ghe.org\/wp-content\/uploads\/2023\/12\/0PXL_20231019_120150780-1-1024x576-resize-edited.jpg 890w, https:\/\/unescochair-ghe.org\/wp-content\/uploads\/2023\/12\/0PXL_20231019_120150780-1-1024x576-resize-edited-300x169.jpg 300w, https:\/\/unescochair-ghe.org\/wp-content\/uploads\/2023\/12\/0PXL_20231019_120150780-1-1024x576-resize-edited-768x432.jpg 768w, https:\/\/unescochair-ghe.org\/wp-content\/uploads\/2023\/12\/0PXL_20231019_120150780-1-1024x576-resize-edited-18x10.jpg 18w, https:\/\/unescochair-ghe.org\/wp-content\/uploads\/2023\/12\/0PXL_20231019_120150780-1-1024x576-resize-edited-373x210.jpg 373w\" data-sizes=\"(max-width: 890px) 100vw, 890px\" src=\"data:image\/svg+xml;base64,PHN2ZyB3aWR0aD0iMSIgaGVpZ2h0PSIxIiB4bWxucz0iaHR0cDovL3d3dy53My5vcmcvMjAwMC9zdmciPjwvc3ZnPg==\" style=\"--smush-placeholder-width: 890px; --smush-placeholder-aspect-ratio: 890\/501;\" \/><\/figure>\n<\/div>\n\n\n\n<div class=\"wp-block-column is-layout-flow wp-block-column-is-layout-flow\">\n<figure class=\"wp-block-image size-full\"><img decoding=\"async\" width=\"1024\" height=\"576\" data-src=\"https:\/\/unescochair-ghe.org\/wp-content\/uploads\/2023\/12\/0PXL_20231019_120708812-1-1-1024x576-1.jpg\" alt=\"\" class=\"wp-image-7170 lazyload\" data-srcset=\"https:\/\/unescochair-ghe.org\/wp-content\/uploads\/2023\/12\/0PXL_20231019_120708812-1-1-1024x576-1.jpg 1024w, https:\/\/unescochair-ghe.org\/wp-content\/uploads\/2023\/12\/0PXL_20231019_120708812-1-1-1024x576-1-300x169.jpg 300w, https:\/\/unescochair-ghe.org\/wp-content\/uploads\/2023\/12\/0PXL_20231019_120708812-1-1-1024x576-1-768x432.jpg 768w, https:\/\/unescochair-ghe.org\/wp-content\/uploads\/2023\/12\/0PXL_20231019_120708812-1-1-1024x576-1-18x10.jpg 18w, https:\/\/unescochair-ghe.org\/wp-content\/uploads\/2023\/12\/0PXL_20231019_120708812-1-1-1024x576-1-373x210.jpg 373w\" data-sizes=\"(max-width: 1024px) 100vw, 1024px\" src=\"data:image\/svg+xml;base64,PHN2ZyB3aWR0aD0iMSIgaGVpZ2h0PSIxIiB4bWxucz0iaHR0cDovL3d3dy53My5vcmcvMjAwMC9zdmciPjwvc3ZnPg==\" style=\"--smush-placeholder-width: 1024px; --smush-placeholder-aspect-ratio: 1024\/576;\" \/><\/figure>\n<\/div>\n<\/div>\n\n\n\n<figure class=\"wp-block-image is-resized\"><img decoding=\"async\" data-src=\"https:\/\/chaireunesco-es.org\/wp-content\/uploads\/2023\/11\/intervention-launch-1-1-1024x576.jpeg\" alt=\"\" class=\"wp-image-6012 lazyload\" width=\"1116\" height=\"628\" src=\"data:image\/svg+xml;base64,PHN2ZyB3aWR0aD0iMSIgaGVpZ2h0PSIxIiB4bWxucz0iaHR0cDovL3d3dy53My5vcmcvMjAwMC9zdmciPjwvc3ZnPg==\" style=\"--smush-placeholder-width: 1116px; --smush-placeholder-aspect-ratio: 1116\/628;\" \/><\/figure>\n\n\n\n<div class=\"wp-block-columns is-layout-flex wp-container-core-columns-is-layout-9d6595d7 wp-block-columns-is-layout-flex\"><\/div>","protected":false},"excerpt":{"rendered":"<p>Informations en fran\u00e7ais On 19 October 2023 the launch of the 2nd mandate of the UNESCO Chair and WHO Collaborating Center on Global Health &amp; Education took place at UNESCO &hellip;<\/p>","protected":false},"author":3,"featured_media":6864,"comment_status":"closed","ping_status":"closed","sticky":false,"template":"","format":"standard","meta":{"footnotes":"","_links_to":"","_links_to_target":""},"categories":[49],"tags":[],"class_list":["post-7058","post","type-post","status-publish","format-standard","has-post-thumbnail","hentry","category-case"],"_links":{"self":[{"href":"https:\/\/unescochair-ghe.org\/fa\/wp-json\/wp\/v2\/posts\/7058","targetHints":{"allow":["GET"]}}],"collection":[{"href":"https:\/\/unescochair-ghe.org\/fa\/wp-json\/wp\/v2\/posts"}],"about":[{"href":"https:\/\/unescochair-ghe.org\/fa\/wp-json\/wp\/v2\/types\/post"}],"author":[{"embeddable":true,"href":"https:\/\/unescochair-ghe.org\/fa\/wp-json\/wp\/v2\/users\/3"}],"replies":[{"embeddable":true,"href":"https:\/\/unescochair-ghe.org\/fa\/wp-json\/wp\/v2\/comments?post=7058"}],"version-history":[{"count":23,"href":"https:\/\/unescochair-ghe.org\/fa\/wp-json\/wp\/v2\/posts\/7058\/revisions"}],"predecessor-version":[{"id":7207,"href":"https:\/\/unescochair-ghe.org\/fa\/wp-json\/wp\/v2\/posts\/7058\/revisions\/7207"}],"wp:featuredmedia":[{"embeddable":true,"href":"https:\/\/unescochair-ghe.org\/fa\/wp-json\/wp\/v2\/media\/6864"}],"wp:attachment":[{"href":"https:\/\/unescochair-ghe.org\/fa\/wp-json\/wp\/v2\/media?parent=7058"}],"wp:term":[{"taxonomy":"category","embeddable":true,"href":"https:\/\/unescochair-ghe.org\/fa\/wp-json\/wp\/v2\/categories?post=7058"},{"taxonomy":"post_tag","embeddable":true,"href":"https:\/\/unescochair-ghe.org\/fa\/wp-json\/wp\/v2\/tags?post=7058"}],"curies":[{"name":"wp","href":"https:\/\/api.w.org\/{rel}","templated":true}]}}