{"id":6397,"date":"2023-04-24T16:55:42","date_gmt":"2023-04-24T14:55:42","guid":{"rendered":"https:\/\/unescochair-ghe.org\/?p=6397"},"modified":"2023-07-05T10:33:43","modified_gmt":"2023-07-05T08:33:43","slug":"11-mayo-2023-la-promocion-y-educacion-de-la-salud-sexual-integral-en-los-sistemas-educativos","status":"publish","type":"post","link":"https:\/\/unescochair-ghe.org\/fa\/11-mayo-2023-la-promocion-y-educacion-de-la-salud-sexual-integral-en-los-sistemas-educativos\/","title":{"rendered":"11 mayo 2023 &#8211; La promoci\u00f3n y educaci\u00f3n de la salud sexual integral en los sistemas educativos"},"content":{"rendered":"<h3 class=\"wp-block-heading\">Orador<\/h3>\n\n\n\n<div class=\"wp-block-columns is-layout-flex wp-container-core-columns-is-layout-9d6595d7 wp-block-columns-is-layout-flex\">\n<div class=\"wp-block-column is-layout-flow wp-block-column-is-layout-flow\" style=\"flex-basis:33.33%\"><div class=\"wp-block-image is-style-rounded\">\n<figure class=\"aligncenter size-full is-resized\"><img decoding=\"async\" data-src=\"https:\/\/unescochair-ghe.org\/wp-content\/uploads\/2023\/04\/ANTONIO03-edited-1.jpeg\" alt=\"\" class=\"wp-image-6400 lazyload\" width=\"250\" data-srcset=\"https:\/\/unescochair-ghe.org\/wp-content\/uploads\/2023\/04\/ANTONIO03-edited-1.jpeg 477w, https:\/\/unescochair-ghe.org\/wp-content\/uploads\/2023\/04\/ANTONIO03-edited-1-300x300.jpeg 300w, https:\/\/unescochair-ghe.org\/wp-content\/uploads\/2023\/04\/ANTONIO03-edited-1-150x150.jpeg 150w, https:\/\/unescochair-ghe.org\/wp-content\/uploads\/2023\/04\/ANTONIO03-edited-1-12x12.jpeg 12w\" data-sizes=\"(max-width: 477px) 100vw, 477px\" src=\"data:image\/svg+xml;base64,PHN2ZyB3aWR0aD0iMSIgaGVpZ2h0PSIxIiB4bWxucz0iaHR0cDovL3d3dy53My5vcmcvMjAwMC9zdmciPjwvc3ZnPg==\" style=\"--smush-placeholder-width: 477px; --smush-placeholder-aspect-ratio: 477\/477;\" \/><\/figure>\n<\/div><\/div>\n\n\n\n<div class=\"wp-block-column is-vertically-aligned-center is-layout-flow wp-block-column-is-layout-flow\" style=\"flex-basis:66.66%\">\n<p><strong>Antonio Jim\u00e9nez<\/strong>, M\u00e9xico. <\/p>\n\n\n\n<p>Licenciado en Pedagog\u00eda por la Universidad del Golfo de M\u00e9xico; Campus C\u00f3rdoba, Veracruz (2003). Maestro en Administraci\u00f3n y Gesti\u00f3n de Instituciones Educativas por la Universidad Crist\u00f3bal Col\u00f3n (2006). Egresado de la licenciatura en Psicolog\u00eda por Centro Universitario del Pac\u00edfico (2023).<\/p>\n\n\n\n<p>Como parte de su experiencia profesional se ha desempe\u00f1ado como consultor acad\u00e9mico y de negocios durante los \u00faltimos 19 a\u00f1os en diversos niveles educativos y giros empresariales.<\/p>\n\n\n\n<p>Los \u00faltimos 13 a\u00f1os ha colaborado en m\u00faltiples cursos, talleres y conferencias, cuenta con experiencia de m\u00e1s de 18 a\u00f1os de docencia en los niveles de bachillerato, licenciatura y posgrado, as\u00ed mismo, en los \u00faltimos 17 a\u00f1os ha impartido capacitaci\u00f3n a diversos prestadores de servicios entre los que destacan: el sector educativo, la industria hotelera, restaurantera, transportista, gasolinera, maquiladora.<\/p>\n\n\n\n<p>Forma parte de la Red de Universidades y Facultades de Psicolog\u00eda en Baja California, de la Red de Universidades Promotoras de la Salud y de la&nbsp;Red Universitaria de G\u00e9neros, Equidad y Diversidad Sexual.&nbsp;Mantiene una participaci\u00f3n constante en distintas agrupaciones dedicadas a los negocios y la educaci\u00f3n.<\/p>\n\n\n\n<p>Actualmente es director general de UNIPAC \u2013 Centro Universitario del Pac\u00edfico, desde 2013 coordina el programa cero violencia y discriminaci\u00f3n en entornos universitarios, desde 2019 coordina el programa de estilos de vida saludable y bienestar, desde 2017 es asesor y consultor de educaci\u00f3n integral de la sexualidad para instituciones educativas, en este momento se encuentra realizando la investigaci\u00f3n percepci\u00f3n social de estudiantes universitarios sobre Vih-Sida: un an\u00e1lisis urgente.&nbsp;<\/p>\n<\/div>\n<\/div>\n\n\n\n<h3 class=\"wp-block-heading\">Moderadora<\/h3>\n\n\n\n<div class=\"wp-block-columns is-layout-flex wp-container-core-columns-is-layout-9d6595d7 wp-block-columns-is-layout-flex\">\n<div class=\"wp-block-column is-layout-flow wp-block-column-is-layout-flow\" style=\"flex-basis:33.33%\"><div class=\"wp-block-image is-style-rounded\">\n<figure class=\"aligncenter size-large is-resized\"><img decoding=\"async\" data-src=\"https:\/\/unescochair-ghe.org\/wp-content\/uploads\/2020\/10\/Marinilda-Rivera-Diaz-1-990x1024.png\" alt=\"\" class=\"wp-image-2084 lazyload\" width=\"250\" height=\"250\" src=\"data:image\/svg+xml;base64,PHN2ZyB3aWR0aD0iMSIgaGVpZ2h0PSIxIiB4bWxucz0iaHR0cDovL3d3dy53My5vcmcvMjAwMC9zdmciPjwvc3ZnPg==\" style=\"--smush-placeholder-width: 250px; --smush-placeholder-aspect-ratio: 250\/250;\" \/><\/figure>\n<\/div><\/div>\n\n\n\n<div class=\"wp-block-column is-vertically-aligned-center is-layout-flow wp-block-column-is-layout-flow\" style=\"flex-basis:66.66%\">\n<p><strong><strong>Dra. Marinilda Rivera D\u00edaz<\/strong><\/strong>, Puerto Rico. <\/p>\n\n\n\n<p>Coordinadora del Programa Doctoral en Determinantes Sociales de la Salud de la Escuela Graduada de Salud P\u00fablica, Departamento de Ciencias Sociales, Recinto de Ciencias M\u00e9dicas de la Universidad de Puerto Rico. Delegada de Educaci\u00f3n para Am\u00e9rica Latina y el Caribe de la Federaci\u00f3n Internacional de Trabajadores Sociales. Coordinadora del Grupo de Trabajo Salud Internacional y Soberan\u00eda Sanitaria del Consejo Latinoamericano de las Ciencias Sociales.<\/p>\n<\/div>\n<\/div>\n\n\n\n<hr class=\"wp-block-separator has-alpha-channel-opacity is-style-wide\" \/>\n\n\n\n<h3 class=\"wp-block-heading\">Resumen<\/h3>\n\n\n\n<p>Las sexualidades son inherentes al ser humano y a lo largo de la historia se han entendido y practicado desde m\u00faltiples perspectivas, sin embargo, cuando hacemos un recorrido en el tiempo no se logra comprender por qu\u00e9 en la actualidad resulta completo abordarlas sin tener presente una serie de prejuicios, estigmas y creencias que perjudican el derecho a una vida plena.<\/p>\n\n\n\n<p>Desde la infancia a trav\u00e9s del lenguaje y la idiosincrasia aprendida de las personas adultas se configura una errada cosmovisi\u00f3n del derecho a ejercer las sexualidades de manera libre y segura.&nbsp;<\/p>\n\n\n\n<p>En m\u00faltiples latitudes la abogac\u00eda por los derechos sexuales y derechos reproductivos han permitido establecer acuerdos, protocolos y pol\u00edticas que enmarcan el qu\u00e9, c\u00f3mo y para qu\u00e9 una Educaci\u00f3n Integral de la Sexualidad favorece el desarrollo de la personalidad e integra elementos centrales para favorecer el desarrollo no solo personal, sino que tiene una repercusi\u00f3n a gran escala.<\/p>\n\n\n\n<p>\u201cLa educaci\u00f3n integral en sexualidad es necesaria para el bienestar f\u00edsico, mental y social, y para el desarrollo humano en general. Sus contenidos deber\u00e1n estar actualizados, ser laicos, estar basados en evidencia cient\u00edfica, desde un marco de derechos humanos, con perspectiva de g\u00e9nero, pertinencia cultural y estar libres de estereotipos, prejuicios, estigmas, mitos y culpa, teniendo en cuenta la evoluci\u00f3n de nuestras facultades\u201d (CNDH,2016:19) Por tanto, resulta imprescindible replantear la mirada y buscar los enfoques necesarios para comenzar a consolidar las estrategias que favorezcan revertir el tab\u00fa existente y con ello abrir un sin fin de posibilidades de acceso a que las personas desde la primera infancia hasta la vejez puedan hacer valer la dignidad de sus cuerpos y el goce de estos.<\/p>\n\n\n\n<p>Las siguientes tres preguntas ser\u00e1n abordadas:<\/p>\n\n\n\n<ul class=\"wp-block-list\">\n<li>\u00bfQu\u00e9 es la promoci\u00f3n y educaci\u00f3n de la salud sexual integral y d\u00f3nde radica su importancia?<\/li>\n\n\n\n<li>\u00bfCu\u00e1l es el rol de los sistemas educativos en la promoci\u00f3n y educaci\u00f3n de la salud sexual integral?<\/li>\n\n\n\n<li>\u00bfCu\u00e1les son las estrategias para favorecer la promoci\u00f3n y educaci\u00f3n de la salud sexual integral desde los entornos escolares?<\/li>\n<\/ul>\n\n\n\n<hr class=\"wp-block-separator has-alpha-channel-opacity is-style-wide\" \/>\n\n\n\n<h2 class=\"wp-block-heading\">la contribuci\u00f3n de nuestro orador<\/h2>\n\n\n\n<figure class=\"wp-block-embed alignleft is-type-video is-provider-youtube wp-block-embed-youtube wp-embed-aspect-16-9 wp-has-aspect-ratio\"><div class=\"wp-block-embed__wrapper\">\n<iframe title=\"Webinario La promoci\u00f3n y educaci\u00f3n de la salud sexual integral en los sistemas educativos\" width=\"1233\" height=\"694\" data-src=\"https:\/\/www.youtube.com\/embed\/3kgYd0GkEFA?feature=oembed\" frameborder=\"0\" allow=\"accelerometer; autoplay; clipboard-write; encrypted-media; gyroscope; picture-in-picture; web-share\" referrerpolicy=\"strict-origin-when-cross-origin\" allowfullscreen src=\"data:image\/svg+xml;base64,PHN2ZyB3aWR0aD0iMSIgaGVpZ2h0PSIxIiB4bWxucz0iaHR0cDovL3d3dy53My5vcmcvMjAwMC9zdmciPjwvc3ZnPg==\" class=\"lazyload\" data-load-mode=\"1\"><\/iframe>\n<\/div><\/figure>\n\n\n\n<div style=\"height:8px\" aria-hidden=\"true\" class=\"wp-block-spacer\"><\/div>\n\n\n\n<hr class=\"wp-block-separator has-alpha-channel-opacity is-style-wide\" \/>\n\n\n\n<h3 class=\"wp-block-heading\">Recursos<\/h3>\n\n\n\n<p>D\u2019Addio, A., April, D., Pombo, M., Kaldi, M., Wang, D; y los miembros de UNESCO, Herat, J., Abduvahobov, P., Singh, A., Werner, L. (2023). <a href=\"https:\/\/world-education-blog.org\/es\/2023\/02\/15\/en-camino-hacia-una-educacion-integral-en-sexualidad-con-50-nuevos-perfiles-nacionales\/\" target=\"_blank\" rel=\"noreferrer noopener\">En camino hacia una educaci\u00f3n integral en sexualidad con 50 nuevos perfiles nacionales<\/a>. Consultado el 20 de febrero de 2023. <\/p>\n\n\n\n<p>UNESCO (2018). <a rel=\"noreferrer noopener\" href=\"https:\/\/www.unfpa.org\/sites\/default\/files\/pub-pdf\/265335spa.pdf\" target=\"_blank\">Orientaciones t\u00e9cnicas internacionales sobre educaci\u00f3n en sexualidad. Un enfoque basado en la evidencia<\/a>. Consultado el 20 de febrero de 2023.&nbsp;  <\/p>\n\n\n\n<p>UNESCO (2022). <a rel=\"noreferrer noopener\" href=\"https:\/\/unesdoc.unesco.org\/ark:\/48223\/pf0000381628\" target=\"_blank\">El camino hacia la educaci\u00f3n integral en sexualidad, informe sobre la situaci\u00f3n en el mundo<\/a>. Consultado el 20 de febrero de 2023. <\/p>\n\n\n\n<hr class=\"wp-block-separator has-alpha-channel-opacity is-style-wide\" \/>\n\n\n\n<h3 class=\"wp-block-heading\">Serie de webinars<\/h3>\n\n\n\n<p>Este webinario forma parte de la serie de webinarios&nbsp;<strong>\u201d Hacia una nueva agenda de promoci\u00f3n de la salud escolar en Am\u00e9rica Latina y Espa\u00f1a \u201c<\/strong>. Est\u00e1n previstos los siguientes webinarios:<\/p>\n\n\n\n<figure class=\"wp-block-table\"><table><thead><tr><th>Fecha<\/th><th>Hora<\/th><th>Tema del webinario<\/th><\/tr><\/thead><tbody><tr><td>17 noviembre 2022<\/td><td>10.00 \u2013 11.00 AST, 15.00 \u2013 16.00 CET<\/td><td><a href=\"https:\/\/unescochair-ghe.org\/fa\/2022\/10\/20\/17-noviembre-2022-hacia-una-agenda-regional-de-promocion-de-la-salud-escolar-en-america-latina\/\">Hacia una agenda regional de Promoci\u00f3n de la Salud Escolar en Am\u00e9rica Latina.<\/a><\/td><\/tr><tr><td>16 febrero 2023<\/td><td>10.00 \u2013 11.00 AST, 15.00 \u2013 16.00 CET<\/td><td><a href=\"https:\/\/unescochair-ghe.org\/fa\/2023\/01\/19\/16-febrero-2023-valoracion-y-oportunidades-para-fortalecer-la-investigacion-sobre-el-tema-de-promocion-de-la-salud-de-la-ninez-y-la-adolescencia-en-america-latina\/\" target=\"_blank\" rel=\"noreferrer noopener\">Valoraci\u00f3n y oportunidades para fortalecer la investigaci\u00f3n en Promoci\u00f3n de la Salud sobre la ni\u00f1ez y la adolescencia en Am\u00e9rica Latina<\/a>.<\/td><\/tr><tr><td>16 marzo 2023<\/td><td>10.00 \u2013 11.00 AST, 15.00 \u2013 16.00 CET<\/td><td><a href=\"https:\/\/unescochair-ghe.org\/fa\/2023\/03\/09\/16-marzo-2023-la-experiencia-curricular-en-promocion-de-la-salud-escolar\/\" target=\"_blank\" rel=\"noreferrer noopener\">La experiencia curricular en Promoci\u00f3n de la Salud Escolar.<\/a><\/td><\/tr><tr><td><strong>11 mayo 2023<\/strong><\/td><td><strong>10.00 \u2013 11.00 AST, 16.00 \u2013 17.00 CEST<\/strong><\/td><td><strong>La Promoci\u00f3n y Educaci\u00f3n de la Salud Sexual Integral en los sistemas educativos.<\/strong><\/td><\/tr><tr><td>28 septiembre 2023<\/td><td>10.00 \u2013 11.00 AST, 16.00 \u2013 17.00 CEST<\/td><td>La importancia de la inserci\u00f3n de la perspectiva de g\u00e9nero en los sistemas educativos y los curr\u00edculos escolares.<\/td><\/tr><\/tbody><\/table><\/figure>\n\n\n\n<hr class=\"wp-block-separator has-alpha-channel-opacity is-style-wide\" \/>\n\n\n\n<p>Este webinario est\u00e1 organizado por la C\u00e1tedra UNESCO y el Centro Colaborador OMS Educaci\u00f3n y Salud en colaboraci\u00f3n con la&nbsp;<a rel=\"noreferrer noopener\" href=\"https:\/\/www.upr.edu\/\" target=\"_blank\">Universidad de Puerto Rico<\/a>&nbsp;y <a href=\"https:\/\/unipac.edu.mx\/\" target=\"_blank\" rel=\"noreferrer noopener\">UNIPAC \u2013 Centro Universitario del Pac\u00edfico<\/a><\/p>\n\n\n\n<figure class=\"wp-block-image size-large\"><img decoding=\"async\" width=\"1024\" height=\"536\" data-src=\"https:\/\/unescochair-ghe.org\/wp-content\/uploads\/2023\/04\/Webinario-La-promocion-y-educacion-de-la-salud-sexual-integral-en-los-sistemas-educativos-1-2-1024x536.png\" alt=\"\" class=\"wp-image-6432 lazyload\" data-srcset=\"https:\/\/unescochair-ghe.org\/wp-content\/uploads\/2023\/04\/Webinario-La-promocion-y-educacion-de-la-salud-sexual-integral-en-los-sistemas-educativos-1-2-1024x536.png 1024w, https:\/\/unescochair-ghe.org\/wp-content\/uploads\/2023\/04\/Webinario-La-promocion-y-educacion-de-la-salud-sexual-integral-en-los-sistemas-educativos-1-2-300x157.png 300w, https:\/\/unescochair-ghe.org\/wp-content\/uploads\/2023\/04\/Webinario-La-promocion-y-educacion-de-la-salud-sexual-integral-en-los-sistemas-educativos-1-2-768x402.png 768w, https:\/\/unescochair-ghe.org\/wp-content\/uploads\/2023\/04\/Webinario-La-promocion-y-educacion-de-la-salud-sexual-integral-en-los-sistemas-educativos-1-2-18x9.png 18w, https:\/\/unescochair-ghe.org\/wp-content\/uploads\/2023\/04\/Webinario-La-promocion-y-educacion-de-la-salud-sexual-integral-en-los-sistemas-educativos-1-2-373x195.png 373w, https:\/\/unescochair-ghe.org\/wp-content\/uploads\/2023\/04\/Webinario-La-promocion-y-educacion-de-la-salud-sexual-integral-en-los-sistemas-educativos-1-2.png 1200w\" data-sizes=\"(max-width: 1024px) 100vw, 1024px\" src=\"data:image\/svg+xml;base64,PHN2ZyB3aWR0aD0iMSIgaGVpZ2h0PSIxIiB4bWxucz0iaHR0cDovL3d3dy53My5vcmcvMjAwMC9zdmciPjwvc3ZnPg==\" style=\"--smush-placeholder-width: 1024px; --smush-placeholder-aspect-ratio: 1024\/536;\" \/><\/figure>\n\n\n\n<div style=\"height:100px\" aria-hidden=\"true\" class=\"wp-block-spacer\"><\/div>\n\n\n\n<div style=\"height:100px\" aria-hidden=\"true\" class=\"wp-block-spacer\"><\/div>","protected":false},"excerpt":{"rendered":"<p>Orador Antonio Jim\u00e9nez, M\u00e9xico. Licenciado en Pedagog\u00eda por la Universidad del Golfo de M\u00e9xico; Campus C\u00f3rdoba, Veracruz (2003). Maestro en Administraci\u00f3n y Gesti\u00f3n de Instituciones Educativas por la Universidad Crist\u00f3bal &hellip;<\/p>","protected":false},"author":3,"featured_media":6432,"comment_status":"closed","ping_status":"closed","sticky":false,"template":"","format":"standard","meta":{"footnotes":"","_links_to":"","_links_to_target":""},"categories":[48],"tags":[9,17,33,27,35],"class_list":["post-6397","post","type-post","status-publish","format-standard","has-post-thumbnail","hentry","category-webinar","tag-education","tag-school","tag-sexuality-education","tag-webinar","tag-wellbeing"],"_links":{"self":[{"href":"https:\/\/unescochair-ghe.org\/fa\/wp-json\/wp\/v2\/posts\/6397","targetHints":{"allow":["GET"]}}],"collection":[{"href":"https:\/\/unescochair-ghe.org\/fa\/wp-json\/wp\/v2\/posts"}],"about":[{"href":"https:\/\/unescochair-ghe.org\/fa\/wp-json\/wp\/v2\/types\/post"}],"author":[{"embeddable":true,"href":"https:\/\/unescochair-ghe.org\/fa\/wp-json\/wp\/v2\/users\/3"}],"replies":[{"embeddable":true,"href":"https:\/\/unescochair-ghe.org\/fa\/wp-json\/wp\/v2\/comments?post=6397"}],"version-history":[{"count":15,"href":"https:\/\/unescochair-ghe.org\/fa\/wp-json\/wp\/v2\/posts\/6397\/revisions"}],"predecessor-version":[{"id":6790,"href":"https:\/\/unescochair-ghe.org\/fa\/wp-json\/wp\/v2\/posts\/6397\/revisions\/6790"}],"wp:featuredmedia":[{"embeddable":true,"href":"https:\/\/unescochair-ghe.org\/fa\/wp-json\/wp\/v2\/media\/6432"}],"wp:attachment":[{"href":"https:\/\/unescochair-ghe.org\/fa\/wp-json\/wp\/v2\/media?parent=6397"}],"wp:term":[{"taxonomy":"category","embeddable":true,"href":"https:\/\/unescochair-ghe.org\/fa\/wp-json\/wp\/v2\/categories?post=6397"},{"taxonomy":"post_tag","embeddable":true,"href":"https:\/\/unescochair-ghe.org\/fa\/wp-json\/wp\/v2\/tags?post=6397"}],"curies":[{"name":"wp","href":"https:\/\/api.w.org\/{rel}","templated":true}]}}