{"id":6249,"date":"2023-03-09T13:33:49","date_gmt":"2023-03-09T12:33:49","guid":{"rendered":"https:\/\/unescochair-ghe.org\/?p=6249"},"modified":"2023-03-20T15:56:52","modified_gmt":"2023-03-20T14:56:52","slug":"16-marzo-2023-la-experiencia-curricular-en-promocion-de-la-salud-escolar","status":"publish","type":"post","link":"https:\/\/unescochair-ghe.org\/fa\/16-marzo-2023-la-experiencia-curricular-en-promocion-de-la-salud-escolar\/","title":{"rendered":"16 marzo 2023 &#8211; La experiencia curricular en Promoci\u00f3n de la Salud Escolar"},"content":{"rendered":"<p><a href=\"https:\/\/unescochair-ghe.org\/fa\/2023\/03\/09\/webinar-the-curricular-experience-in-school-health-promotion-16-march-2023\/\">Information in English<\/a><\/p>\n\n\n\n<hr class=\"wp-block-separator has-alpha-channel-opacity is-style-wide\" \/>\n\n\n\n<h3 class=\"wp-block-heading\">Oradores<\/h3>\n\n\n\n<div class=\"wp-block-columns is-layout-flex wp-container-core-columns-is-layout-9d6595d7 wp-block-columns-is-layout-flex\">\n<div class=\"wp-block-column is-vertically-aligned-center is-layout-flow wp-block-column-is-layout-flow\" style=\"flex-basis:33.33%\"><div class=\"wp-block-image is-style-rounded\">\n<figure class=\"aligncenter size-large is-resized\"><img decoding=\"async\" data-src=\"https:\/\/unescochair-ghe.org\/wp-content\/uploads\/2023\/03\/Dolors-1-edited-1.jpg\" alt=\"\" class=\"wp-image-6259 lazyload\" width=\"225\" height=\"225\" data-srcset=\"https:\/\/unescochair-ghe.org\/wp-content\/uploads\/2023\/03\/Dolors-1-edited-1.jpg 1091w, https:\/\/unescochair-ghe.org\/wp-content\/uploads\/2023\/03\/Dolors-1-edited-1-300x300.jpg 300w, https:\/\/unescochair-ghe.org\/wp-content\/uploads\/2023\/03\/Dolors-1-edited-1-1024x1024.jpg 1024w, https:\/\/unescochair-ghe.org\/wp-content\/uploads\/2023\/03\/Dolors-1-edited-1-150x150.jpg 150w, https:\/\/unescochair-ghe.org\/wp-content\/uploads\/2023\/03\/Dolors-1-edited-1-768x768.jpg 768w, https:\/\/unescochair-ghe.org\/wp-content\/uploads\/2023\/03\/Dolors-1-edited-1-12x12.jpg 12w, https:\/\/unescochair-ghe.org\/wp-content\/uploads\/2023\/03\/Dolors-1-edited-1-512x512.jpg 512w\" data-sizes=\"(max-width: 225px) 100vw, 225px\" src=\"data:image\/svg+xml;base64,PHN2ZyB3aWR0aD0iMSIgaGVpZ2h0PSIxIiB4bWxucz0iaHR0cDovL3d3dy53My5vcmcvMjAwMC9zdmciPjwvc3ZnPg==\" style=\"--smush-placeholder-width: 225px; --smush-placeholder-aspect-ratio: 225\/225;\" \/><\/figure>\n<\/div><\/div>\n\n\n\n<div class=\"wp-block-column is-layout-flow wp-block-column-is-layout-flow\" style=\"flex-basis:66.66%\">\n<h4 class=\"wp-block-heading\">Facilitadora<\/h4>\n\n\n\n<p><strong>Prof Dolors Juviny\u00e0 Canal<\/strong>, Directora de la C\u00e1tedra de Promoci\u00f3n de la Salud de la Universidad de Girona creada en el a\u00f1o 2008. Coordinadora del M\u00e1ster Universitario en Promoci\u00f3n de la Salud desde 2007. Coordinadora del grupo de investigaci\u00f3n \u201cSalud y atenci\u00f3n sanitaria\u201d desde el 2002, grupo reconocido como consolidado por la Generalitat de Catalu\u00f1a, Espa\u00f1a.<\/p>\n<\/div>\n<\/div>\n\n\n\n<div class=\"wp-block-columns is-layout-flex wp-container-core-columns-is-layout-9d6595d7 wp-block-columns-is-layout-flex\">\n<div class=\"wp-block-column is-vertically-aligned-center is-layout-flow wp-block-column-is-layout-flow\" style=\"flex-basis:33.33%\"><div class=\"wp-block-image is-style-rounded\">\n<figure class=\"aligncenter size-full is-resized\"><img decoding=\"async\" data-src=\"https:\/\/unescochair-ghe.org\/wp-content\/uploads\/2023\/03\/Sofialeticia.jpg\" alt=\"\" class=\"wp-image-6260 lazyload\" width=\"225\" height=\"225\" data-srcset=\"https:\/\/unescochair-ghe.org\/wp-content\/uploads\/2023\/03\/Sofialeticia.jpg 838w, https:\/\/unescochair-ghe.org\/wp-content\/uploads\/2023\/03\/Sofialeticia-300x300.jpg 300w, https:\/\/unescochair-ghe.org\/wp-content\/uploads\/2023\/03\/Sofialeticia-150x150.jpg 150w, https:\/\/unescochair-ghe.org\/wp-content\/uploads\/2023\/03\/Sofialeticia-768x768.jpg 768w, https:\/\/unescochair-ghe.org\/wp-content\/uploads\/2023\/03\/Sofialeticia-12x12.jpg 12w, https:\/\/unescochair-ghe.org\/wp-content\/uploads\/2023\/03\/Sofialeticia-512x512.jpg 512w\" data-sizes=\"(max-width: 225px) 100vw, 225px\" src=\"data:image\/svg+xml;base64,PHN2ZyB3aWR0aD0iMSIgaGVpZ2h0PSIxIiB4bWxucz0iaHR0cDovL3d3dy53My5vcmcvMjAwMC9zdmciPjwvc3ZnPg==\" style=\"--smush-placeholder-width: 225px; --smush-placeholder-aspect-ratio: 225\/225;\" \/><\/figure>\n<\/div><\/div>\n\n\n\n<div class=\"wp-block-column is-vertically-aligned-center is-layout-flow wp-block-column-is-layout-flow\" style=\"flex-basis:66.66%\">\n<p><strong>Dra Sofialeticia Morales<\/strong> <strong>Garza<\/strong>, es graduada del Instituto Tecnol\u00f3gico y de Estudios Superiores de Monterrey con una maestr\u00eda en formaci\u00f3n docente de la Universidad de Kansas y otra en Planeaci\u00f3n, Administraci\u00f3n y Pol\u00edtica Social y el Doctorado en Educaci\u00f3n Internacional de la Universidad de Harvard.<\/p>\n\n\n\n<p>A nivel nacional ha sido asesora del Secretario de Educaci\u00f3n P\u00fablica y Directora General de Relaciones Internacionales de la Secretar\u00eda de Educaci\u00f3n P\u00fablica.<\/p>\n\n\n\n<p>A nivel internacional ha sido directora de la Unidad de Educaci\u00f3n y Desarrollo Social en la Organizaci\u00f3n de Estados Americanos (OEA) y Asesora Principal de los Objetivos de Desarrollo del Milenio para el Sistema de Naciones Unidad en salud y educaci\u00f3n desde la Organizaci\u00f3n Mundial de la Salud-Organizaci\u00f3n Panamericana de la Salud. Del 2013 al 2018 se desempe\u00f1\u00f3 como Directora General de Innovaci\u00f3n y Fortalecimiento Acad\u00e9mico, lo que equivale a Subsecretaria de Educaci\u00f3n B\u00e1sica, para las escuelas en la Ciudad de M\u00e9xico.<\/p>\n\n\n\n<p>Actualmente es Secretaria de Educaci\u00f3n del Estado de Nuevo Le\u00f3n, M\u00e9xico.<\/p>\n<\/div>\n<\/div>\n\n\n\n<div class=\"wp-block-columns is-layout-flex wp-container-core-columns-is-layout-9d6595d7 wp-block-columns-is-layout-flex\">\n<div class=\"wp-block-column is-vertically-aligned-center is-layout-flow wp-block-column-is-layout-flow\" style=\"flex-basis:33.33%\"><div class=\"wp-block-image is-style-rounded\">\n<figure class=\"aligncenter size-full is-resized\"><img decoding=\"async\" data-src=\"https:\/\/unescochair-ghe.org\/wp-content\/uploads\/2023\/03\/Anna-Loste.jpg.png\" alt=\"\" class=\"wp-image-6261 lazyload\" width=\"225\" height=\"225\" data-srcset=\"https:\/\/unescochair-ghe.org\/wp-content\/uploads\/2023\/03\/Anna-Loste.jpg-150x150.png 150w, https:\/\/unescochair-ghe.org\/wp-content\/uploads\/2023\/03\/Anna-Loste.jpg-11x12.png 11w, https:\/\/unescochair-ghe.org\/wp-content\/uploads\/2023\/03\/Anna-Loste.jpg-512x512.png 512w\" data-sizes=\"(max-width: 225px) 100vw, 225px\" src=\"data:image\/svg+xml;base64,PHN2ZyB3aWR0aD0iMSIgaGVpZ2h0PSIxIiB4bWxucz0iaHR0cDovL3d3dy53My5vcmcvMjAwMC9zdmciPjwvc3ZnPg==\" style=\"--smush-placeholder-width: 225px; --smush-placeholder-aspect-ratio: 225\/225;\" \/><\/figure>\n<\/div><\/div>\n\n\n\n<div class=\"wp-block-column is-vertically-aligned-center is-layout-flow wp-block-column-is-layout-flow\" style=\"flex-basis:66.66%\">\n<p><strong>Anna Loste<\/strong>, Licenciada en Farmacia y Grado en Psicolog\u00eda, M\u00e1ster en Promoci\u00f3n de la salud. T\u00e9cnica de promoci\u00f3n de la Salud de Dipsalut. Responsable de la coordinaci\u00f3n del programa de educaci\u00f3n para la salud &#8220;Seas t\u00fa&#8221; que actualmente se est\u00e1 implementando a 260 centros educativos y unos 57.0000 alumnos de primaria y secundaria de la demarcaci\u00f3n de Girona, Espa\u00f1a.<\/p>\n<\/div>\n<\/div>\n\n\n\n<hr class=\"wp-block-separator has-alpha-channel-opacity is-style-wide\" \/>\n\n\n\n<h3 class=\"wp-block-heading\">Resumen<\/h3>\n\n\n\n<p>Algunas de las preguntas y reflexiones de este webinario son :<\/p>\n\n\n\n<ol class=\"wp-block-list\">\n<li>\u00bfCu\u00e1les deber\u00edan ser las competencias dominantes de la Promoci\u00f3n de la Salud Escolar?<\/li>\n\n\n\n<li>\u00bfC\u00f3mo articular las iniciativas de transversalizaci\u00f3n curricular de la Promoci\u00f3n de la Salud Escolar?<\/li>\n\n\n\n<li>\u00bfQu\u00e9 implicaciones tiene la experiencia curricular en Promoci\u00f3n de la Salud Escolar para los programas universitarios de formaci\u00f3n profesional?<\/li>\n<\/ol>\n\n\n\n<hr class=\"wp-block-separator has-alpha-channel-opacity is-style-wide\" \/>\n\n\n\n<h3 class=\"wp-block-heading\">Las contribuciones de nuestros oradores<\/h3>\n\n\n\n<div class=\"wp-block-columns is-layout-flex wp-container-core-columns-is-layout-9d6595d7 wp-block-columns-is-layout-flex\">\n<div class=\"wp-block-column is-layout-flow wp-block-column-is-layout-flow\" style=\"flex-basis:33.33%\">\n<figure class=\"wp-block-embed is-type-video is-provider-youtube wp-block-embed-youtube wp-embed-aspect-16-9 wp-has-aspect-ratio\"><div class=\"wp-block-embed__wrapper\">\n<iframe title=\"La experiencia curricular en promoci\u00f3n de la salud escolar\" width=\"1233\" height=\"694\" data-src=\"https:\/\/www.youtube.com\/embed\/70ZMRkOTD2A?feature=oembed\" frameborder=\"0\" allow=\"accelerometer; autoplay; clipboard-write; encrypted-media; gyroscope; picture-in-picture; web-share\" referrerpolicy=\"strict-origin-when-cross-origin\" allowfullscreen src=\"data:image\/svg+xml;base64,PHN2ZyB3aWR0aD0iMSIgaGVpZ2h0PSIxIiB4bWxucz0iaHR0cDovL3d3dy53My5vcmcvMjAwMC9zdmciPjwvc3ZnPg==\" class=\"lazyload\" data-load-mode=\"1\"><\/iframe>\n<\/div><\/figure>\n<\/div>\n\n\n\n<div class=\"wp-block-column is-layout-flow wp-block-column-is-layout-flow\" style=\"flex-basis:66.66%\"><\/div>\n<\/div>\n\n\n\n<hr class=\"wp-block-separator has-alpha-channel-opacity is-style-wide\" \/>\n\n\n\n<h3 class=\"wp-block-heading\">Serie de webinars<\/h3>\n\n\n\n<p>Este webinario forma parte de la serie de webinarios&nbsp;<strong>\u201d Hacia una nueva agenda de promoci\u00f3n de la salud escolar en Am\u00e9rica Latina y Espa\u00f1a \u201c<\/strong>. Est\u00e1n previstos los siguientes webinarios:<\/p>\n\n\n\n<figure class=\"wp-block-table\"><table><thead><tr><th>Fecha<\/th><th>Hora<\/th><th>Tema del webinario<\/th><\/tr><\/thead><tbody><tr><td>17 noviembre 2022<\/td><td>10.00 \u2013 11.00 AST, 15.00 \u2013 16.00 CET<\/td><td><a href=\"https:\/\/unescochair-ghe.org\/fa\/2022\/10\/20\/17-noviembre-2022-hacia-una-agenda-regional-de-promocion-de-la-salud-escolar-en-america-latina\/\">Hacia una agenda regional de Promoci\u00f3n de la Salud Escolar en Am\u00e9rica Latina.<\/a><\/td><\/tr><tr><td>16 febrero 2023<\/td><td>10.00 \u2013 11.00 AST, 15.00 \u2013 16.00 CET<\/td><td><a href=\"https:\/\/unescochair-ghe.org\/fa\/2023\/01\/19\/16-febrero-2023-valoracion-y-oportunidades-para-fortalecer-la-investigacion-sobre-el-tema-de-promocion-de-la-salud-de-la-ninez-y-la-adolescencia-en-america-latina\/\" target=\"_blank\" rel=\"noreferrer noopener\">Valoraci\u00f3n y oportunidades para fortalecer la investigaci\u00f3n en Promoci\u00f3n de la Salud sobre la ni\u00f1ez y la adolescencia en Am\u00e9rica Latina<\/a>.<\/td><\/tr><tr><td><strong>16 marzo 2023<\/strong><\/td><td><strong>10.00 \u2013 11.00 AST, 15.00 \u2013 16.00 CET<\/strong><\/td><td><strong>La experiencia curricular en Promoci\u00f3n de la Salud Escolar.<\/strong><\/td><\/tr><tr><td>11 mayo 2023<\/td><td>10.00 \u2013 11.00 AST, 16.00 \u2013 17.00 CET<\/td><td>La Promoci\u00f3n y Educaci\u00f3n de la Salud Sexual Integral en los sistemas educativos.<\/td><\/tr><tr><td>28 septiembre 2023<\/td><td>10.00 \u2013 11.00 AST, 16.00 \u2013 17.00 CET<\/td><td>La importancia de la inserci\u00f3n de la perspectiva de g\u00e9nero en los sistemas educativos y los curr\u00edculos escolares.<\/td><\/tr><\/tbody><\/table><\/figure>\n\n\n\n<hr class=\"wp-block-separator has-alpha-channel-opacity is-style-wide\" \/>\n\n\n\n<p>Este webinario est\u00e1 organizado por la C\u00e1tedra UNESCO y el Centro Colaborador OMS Educaci\u00f3n y Salud en colaboraci\u00f3n con la&nbsp;<a rel=\"noreferrer noopener\" href=\"https:\/\/www.upr.edu\/\" target=\"_blank\">Universidad de Puerto Rico<\/a> y la <a rel=\"noreferrer noopener\" href=\"https:\/\/www.udg.edu\/es\/catedres\/Promocio-salut\" target=\"_blank\">C\u00e1tedra de Promoci\u00f3n de la Salud de la Universidad de Girona<\/a>.<\/p>\n\n\n\n<figure class=\"wp-block-image size-large\"><img decoding=\"async\" width=\"1024\" height=\"536\" data-src=\"https:\/\/unescochair-ghe.org\/wp-content\/uploads\/2023\/03\/Webinario-La-experiencia-curricular-en-Promocion-de-la-Salud-Escolar-1024x536.png\" alt=\"\" class=\"wp-image-6265 lazyload\" data-srcset=\"https:\/\/unescochair-ghe.org\/wp-content\/uploads\/2023\/03\/Webinario-La-experiencia-curricular-en-Promocion-de-la-Salud-Escolar-1024x536.png 1024w, https:\/\/unescochair-ghe.org\/wp-content\/uploads\/2023\/03\/Webinario-La-experiencia-curricular-en-Promocion-de-la-Salud-Escolar-300x157.png 300w, https:\/\/unescochair-ghe.org\/wp-content\/uploads\/2023\/03\/Webinario-La-experiencia-curricular-en-Promocion-de-la-Salud-Escolar-768x402.png 768w, https:\/\/unescochair-ghe.org\/wp-content\/uploads\/2023\/03\/Webinario-La-experiencia-curricular-en-Promocion-de-la-Salud-Escolar-18x9.png 18w, https:\/\/unescochair-ghe.org\/wp-content\/uploads\/2023\/03\/Webinario-La-experiencia-curricular-en-Promocion-de-la-Salud-Escolar-373x195.png 373w, https:\/\/unescochair-ghe.org\/wp-content\/uploads\/2023\/03\/Webinario-La-experiencia-curricular-en-Promocion-de-la-Salud-Escolar.png 1200w\" data-sizes=\"(max-width: 1024px) 100vw, 1024px\" src=\"data:image\/svg+xml;base64,PHN2ZyB3aWR0aD0iMSIgaGVpZ2h0PSIxIiB4bWxucz0iaHR0cDovL3d3dy53My5vcmcvMjAwMC9zdmciPjwvc3ZnPg==\" style=\"--smush-placeholder-width: 1024px; --smush-placeholder-aspect-ratio: 1024\/536;\" \/><\/figure>","protected":false},"excerpt":{"rendered":"<p>Information in English Oradores Facilitadora Prof Dolors Juviny\u00e0 Canal, Directora de la C\u00e1tedra de Promoci\u00f3n de la Salud de la Universidad de Girona creada en el a\u00f1o 2008. Coordinadora del &hellip;<\/p>","protected":false},"author":3,"featured_media":6265,"comment_status":"closed","ping_status":"closed","sticky":false,"template":"","format":"standard","meta":{"footnotes":"","_links_to":"","_links_to_target":""},"categories":[48],"tags":[9,12,17,27],"class_list":["post-6249","post","type-post","status-publish","format-standard","has-post-thumbnail","hentry","category-webinar","tag-education","tag-health-promotion","tag-school","tag-webinar"],"_links":{"self":[{"href":"https:\/\/unescochair-ghe.org\/fa\/wp-json\/wp\/v2\/posts\/6249","targetHints":{"allow":["GET"]}}],"collection":[{"href":"https:\/\/unescochair-ghe.org\/fa\/wp-json\/wp\/v2\/posts"}],"about":[{"href":"https:\/\/unescochair-ghe.org\/fa\/wp-json\/wp\/v2\/types\/post"}],"author":[{"embeddable":true,"href":"https:\/\/unescochair-ghe.org\/fa\/wp-json\/wp\/v2\/users\/3"}],"replies":[{"embeddable":true,"href":"https:\/\/unescochair-ghe.org\/fa\/wp-json\/wp\/v2\/comments?post=6249"}],"version-history":[{"count":16,"href":"https:\/\/unescochair-ghe.org\/fa\/wp-json\/wp\/v2\/posts\/6249\/revisions"}],"predecessor-version":[{"id":6303,"href":"https:\/\/unescochair-ghe.org\/fa\/wp-json\/wp\/v2\/posts\/6249\/revisions\/6303"}],"wp:featuredmedia":[{"embeddable":true,"href":"https:\/\/unescochair-ghe.org\/fa\/wp-json\/wp\/v2\/media\/6265"}],"wp:attachment":[{"href":"https:\/\/unescochair-ghe.org\/fa\/wp-json\/wp\/v2\/media?parent=6249"}],"wp:term":[{"taxonomy":"category","embeddable":true,"href":"https:\/\/unescochair-ghe.org\/fa\/wp-json\/wp\/v2\/categories?post=6249"},{"taxonomy":"post_tag","embeddable":true,"href":"https:\/\/unescochair-ghe.org\/fa\/wp-json\/wp\/v2\/tags?post=6249"}],"curies":[{"name":"wp","href":"https:\/\/api.w.org\/{rel}","templated":true}]}}