{"id":6151,"date":"2023-02-09T10:27:01","date_gmt":"2023-02-09T09:27:01","guid":{"rendered":"https:\/\/unescochair-ghe.org\/?p=6151"},"modified":"2023-02-20T19:37:43","modified_gmt":"2023-02-20T18:37:43","slug":"16-mars-2023-les-1000-premiers-jours-2-4-un-enfant-des-besoins-fondamentaux-une-demarche","status":"publish","type":"post","link":"https:\/\/unescochair-ghe.org\/fa\/16-mars-2023-les-1000-premiers-jours-2-4-un-enfant-des-besoins-fondamentaux-une-demarche\/","title":{"rendered":"16 mars 2023 \u2013 Les 1000 premiers jours 2\/4 : un enfant, des besoins fondamentaux, une d\u00e9marche"},"content":{"rendered":"<p><strong>Heure&nbsp;<\/strong>: 13.30 \u2013 14.30 CET<\/p>\n\n\n\n<p><strong>Inscriptions<\/strong>&nbsp;: Le lien de connexion au webinaire vous sera communiqu\u00e9 apr\u00e8s votre inscription.<\/p>\n\n\n\n<p>Inscrivez-vous ici :&nbsp;<a rel=\"noreferrer noopener\" href=\"https:\/\/bit.ly\/besoins-enfant\" target=\"_blank\">https:\/\/bit.ly\/besoins-enfant<\/a><\/p>\n\n\n\n<hr class=\"wp-block-separator has-alpha-channel-opacity is-style-wide\" \/>\n\n\n\n<p>La sant\u00e9 des personnes est fa\u00e7onn\u00e9e par tout un ensemble de d\u00e9terminants d\u2019origine sociale, \u00e9ducative ou environnementale. La p\u00e9riode des \u00ab 1000 premiers jours de la vie \u00bb pr\u00e9sente des sp\u00e9cificit\u00e9s qui la rendent cruciale \u00e0 cet \u00e9gard. Sp\u00e9cialistes de la sant\u00e9 publique et\/ou de la recherche s\u2019attachent \u00e0 mettre en lumi\u00e8re le r\u00f4le jou\u00e9 par l\u2019environnement physique, social et affectif sur le d\u00e9veloppement des enfants durant cette premi\u00e8re phase de la vie et son impact sur toute leur trajectoire de vie. Cette question rev\u00eat des enjeux tout \u00e0 la fois sanitaires, sociaux, soci\u00e9taux et politiques et suscite de plus en plus de d\u00e9bats dans la sph\u00e8re publique.<\/p>\n\n\n\n<p>Ce webinaire est le deuxi\u00e8me d\u2019une s\u00e9rie de quatre webinaires consacr\u00e9e au th\u00e8me des 1000 premiers jours. Il est centr\u00e9 sur les enjeux du d\u00e9veloppement affectif et social de l\u2019enfant durant ses premi\u00e8res ann\u00e9es et plus sp\u00e9cifiquement sur ses besoins fondamentaux. En France, la d\u00e9marche de consensus sur les besoins fondamentaux de l\u2019enfant, dirig\u00e9e par le Dr. Martin-Blachais en 2017, a marqu\u00e9 une \u00e9tape d\u00e9cisive dans la reconnaissance et la prise en compte de ces besoins fondamentaux par l\u2019ensemble des acteurs impliqu\u00e9s dans l\u2019accompagnement des jeunes enfants. Durant ce webinaire, nous reviendrons avec le Dr. Martin-Blachais sur les enjeux et les r\u00e9percussions de cette d\u00e9marche de consensus et explorerons comment ces nouvelles connaissances sont venues progressivement transformer \u00e0 la fois les politiques et les pratiques des diff\u00e9rents acteurs de la petite enfance.<\/p>\n\n\n\n<p>Le Dr. Martin-Blachais r\u00e9pondra successivement aux deux questions suivantes :<\/p>\n\n\n\n<ul class=\"wp-block-list\">\n<li>Quels ont \u00e9t\u00e9 l\u2019origine, les enjeux et les r\u00e9percussions de la d\u00e9marche de consensus sur les besoins fondamentaux de l\u2019enfant&nbsp;? En quoi celle-ci constitue-t-elle un changement de paradigme&nbsp;?<\/li>\n\n\n\n<li>Comment cette nouvelle approche par les besoins fondamentaux s\u2019est-elle trouv\u00e9e int\u00e9gr\u00e9e dans les politiques et les pratiques professionnelles?<\/li>\n<\/ul>\n\n\n\n<p>Ce webinaire est destin\u00e9 \u00e0 toute personne int\u00e9ress\u00e9e par la question : familles, professionnel.le.s de la sant\u00e9 ou de l\u2019\u00e9ducation, citoyens engag\u00e9s, repr\u00e9sentants de collectivit\u00e9s locales ou d\u2019institutions nationales.<\/p>\n\n\n\n<hr class=\"wp-block-separator has-alpha-channel-opacity is-style-wide\" \/>\n\n\n\n<h2 class=\"wp-block-heading\">Intervenante<\/h2>\n\n\n\n<div class=\"wp-block-columns is-layout-flex wp-container-core-columns-is-layout-9d6595d7 wp-block-columns-is-layout-flex\">\n<div class=\"wp-block-column is-layout-flow wp-block-column-is-layout-flow\" style=\"flex-basis:33.33%\"><div class=\"wp-block-image is-style-rounded\">\n<figure class=\"aligncenter size-large\"><img decoding=\"async\" data-src=\"https:\/\/chaireunesco-es.org\/wp-content\/uploads\/2023\/02\/Photo-Assises-6emes-e1676287780649-150x150.jpg\" alt=\"\" src=\"data:image\/svg+xml;base64,PHN2ZyB3aWR0aD0iMSIgaGVpZ2h0PSIxIiB4bWxucz0iaHR0cDovL3d3dy53My5vcmcvMjAwMC9zdmciPjwvc3ZnPg==\" class=\"lazyload\" style=\"--smush-placeholder-width: 150px; --smush-placeholder-aspect-ratio: 150\/150;\" \/><\/figure>\n<\/div><\/div>\n\n\n\n<div class=\"wp-block-column is-vertically-aligned-center is-layout-flow wp-block-column-is-layout-flow\" style=\"flex-basis:66.66%\">\n<p>Directrice scientifique de l\u2019Ecole de la Protection de l\u2019Enfance (EPE-Paris), Auteure et Rapporteure de la D\u00e9marche de consensus sur \u201cLes Besoins fondamentaux de l\u2019enfant en Protection de l\u2019Enfance \u201d Mission minist\u00e9rielle-2017, Membre de la Commission nationale de lutte contre la Maltraitance et de Promotion de la Bientraitance<\/p>\n<\/div>\n<\/div>\n\n\n\n<hr class=\"wp-block-separator has-alpha-channel-opacity is-style-wide\" \/>\n\n\n\n<h2 class=\"wp-block-heading\">Ressources<\/h2>\n\n\n\n<ul class=\"wp-block-list\">\n<li>Le rapport \u201c<a rel=\"noreferrer noopener\" href=\"https:\/\/sante.gouv.fr\/ministere\/documentation-et-publications-officielles\/rapports\/famille-enfance\/article\/rapport-demarche-de-consensus-sur-les-besoins-fondamentaux-de-l-enfant-en\" target=\"_blank\">D\u00e9marche de consensus sur les besoins fondamentaux de l\u2019enfant en protection de l\u2019enfance<\/a>\u201c, remis par le Dr. Marton-Blachais le 28 f\u00e9vrier 2017<\/li>\n\n\n\n<li><a href=\"https:\/\/www.santepubliquefrance.fr\/docs\/la-sante-en-action-mars-2019-n-447-les-besoins-fondamentaux-des-enfants\" target=\"_blank\" rel=\"noreferrer noopener\">La Sant\u00e9 en action, Mars 2019, n\u00b0447 Les besoins fondamentaux des enfants<\/a><\/li>\n<\/ul>\n\n\n\n<figure class=\"wp-block-image size-large\"><img decoding=\"async\" width=\"1024\" height=\"536\" data-src=\"https:\/\/unescochair-ghe.org\/wp-content\/uploads\/2023\/02\/Visuel-Webinaire-1000-jours-2_4-1-1024x536.png\" alt=\"\" class=\"wp-image-6192 lazyload\" data-srcset=\"https:\/\/unescochair-ghe.org\/wp-content\/uploads\/2023\/02\/Visuel-Webinaire-1000-jours-2_4-1-1024x536.png 1024w, https:\/\/unescochair-ghe.org\/wp-content\/uploads\/2023\/02\/Visuel-Webinaire-1000-jours-2_4-1-300x157.png 300w, https:\/\/unescochair-ghe.org\/wp-content\/uploads\/2023\/02\/Visuel-Webinaire-1000-jours-2_4-1-768x402.png 768w, https:\/\/unescochair-ghe.org\/wp-content\/uploads\/2023\/02\/Visuel-Webinaire-1000-jours-2_4-1-18x9.png 18w, https:\/\/unescochair-ghe.org\/wp-content\/uploads\/2023\/02\/Visuel-Webinaire-1000-jours-2_4-1-373x195.png 373w, https:\/\/unescochair-ghe.org\/wp-content\/uploads\/2023\/02\/Visuel-Webinaire-1000-jours-2_4-1.png 1200w\" data-sizes=\"(max-width: 1024px) 100vw, 1024px\" src=\"data:image\/svg+xml;base64,PHN2ZyB3aWR0aD0iMSIgaGVpZ2h0PSIxIiB4bWxucz0iaHR0cDovL3d3dy53My5vcmcvMjAwMC9zdmciPjwvc3ZnPg==\" style=\"--smush-placeholder-width: 1024px; --smush-placeholder-aspect-ratio: 1024\/536;\" \/><\/figure>","protected":false},"excerpt":{"rendered":"<p>Heure&nbsp;: 13.30 \u2013 14.30 CET Inscriptions&nbsp;: Le lien de connexion au webinaire vous sera communiqu\u00e9 apr\u00e8s votre inscription. Inscrivez-vous ici :&nbsp;https:\/\/bit.ly\/besoins-enfant La sant\u00e9 des personnes est fa\u00e7onn\u00e9e par tout un &hellip;<\/p>","protected":false},"author":3,"featured_media":6192,"comment_status":"closed","ping_status":"closed","sticky":false,"template":"","format":"standard","meta":{"footnotes":"","_links_to":"","_links_to_target":""},"categories":[48],"tags":[23,164,63,31,27],"class_list":["post-6151","post","type-post","status-publish","format-standard","has-post-thumbnail","hentry","category-webinar","tag-children","tag-first-1000-days","tag-french","tag-health","tag-webinar"],"_links":{"self":[{"href":"https:\/\/unescochair-ghe.org\/fa\/wp-json\/wp\/v2\/posts\/6151","targetHints":{"allow":["GET"]}}],"collection":[{"href":"https:\/\/unescochair-ghe.org\/fa\/wp-json\/wp\/v2\/posts"}],"about":[{"href":"https:\/\/unescochair-ghe.org\/fa\/wp-json\/wp\/v2\/types\/post"}],"author":[{"embeddable":true,"href":"https:\/\/unescochair-ghe.org\/fa\/wp-json\/wp\/v2\/users\/3"}],"replies":[{"embeddable":true,"href":"https:\/\/unescochair-ghe.org\/fa\/wp-json\/wp\/v2\/comments?post=6151"}],"version-history":[{"count":7,"href":"https:\/\/unescochair-ghe.org\/fa\/wp-json\/wp\/v2\/posts\/6151\/revisions"}],"predecessor-version":[{"id":6193,"href":"https:\/\/unescochair-ghe.org\/fa\/wp-json\/wp\/v2\/posts\/6151\/revisions\/6193"}],"wp:featuredmedia":[{"embeddable":true,"href":"https:\/\/unescochair-ghe.org\/fa\/wp-json\/wp\/v2\/media\/6192"}],"wp:attachment":[{"href":"https:\/\/unescochair-ghe.org\/fa\/wp-json\/wp\/v2\/media?parent=6151"}],"wp:term":[{"taxonomy":"category","embeddable":true,"href":"https:\/\/unescochair-ghe.org\/fa\/wp-json\/wp\/v2\/categories?post=6151"},{"taxonomy":"post_tag","embeddable":true,"href":"https:\/\/unescochair-ghe.org\/fa\/wp-json\/wp\/v2\/tags?post=6151"}],"curies":[{"name":"wp","href":"https:\/\/api.w.org\/{rel}","templated":true}]}}