{"id":6025,"date":"2023-01-19T13:41:40","date_gmt":"2023-01-19T12:41:40","guid":{"rendered":"https:\/\/unescochair-ghe.org\/?p=6025"},"modified":"2023-02-25T09:24:41","modified_gmt":"2023-02-25T08:24:41","slug":"16-febrero-2023-valoracion-y-oportunidades-para-fortalecer-la-investigacion-sobre-el-tema-de-promocion-de-la-salud-de-la-ninez-y-la-adolescencia-en-america-latina","status":"publish","type":"post","link":"https:\/\/unescochair-ghe.org\/fa\/16-febrero-2023-valoracion-y-oportunidades-para-fortalecer-la-investigacion-sobre-el-tema-de-promocion-de-la-salud-de-la-ninez-y-la-adolescencia-en-america-latina\/","title":{"rendered":"16 febrero 2023 &#8211; Valoraci\u00f3n y oportunidades para fortalecer la investigaci\u00f3n sobre el tema de Promoci\u00f3n de la Salud de la ni\u00f1ez y la adolescencia en Am\u00e9rica Latina"},"content":{"rendered":"<p><a href=\"https:\/\/unescochair-ghe.org\/fa\/2023\/01\/31\/webinar-assessment-critical-analysis-and-opportunities-to-strengthen-research-in-school-health-promotion-for-children-and-adolescents-in-latin-america-16-february-2023\/\">Information in English<\/a><\/p>\n\n\n\n<hr class=\"wp-block-separator has-alpha-channel-opacity is-style-wide\" \/>\n\n\n\n<h3 class=\"wp-block-heading\">Oradores<\/h3>\n\n\n\n<div class=\"wp-block-columns is-layout-flex wp-container-core-columns-is-layout-9d6595d7 wp-block-columns-is-layout-flex\">\n<div class=\"wp-block-column is-vertically-aligned-center is-layout-flow wp-block-column-is-layout-flow\" style=\"flex-basis:33.33%\"><div class=\"wp-block-image is-style-rounded\">\n<figure class=\"aligncenter size-full is-resized\"><img decoding=\"async\" data-src=\"https:\/\/unescochair-ghe.org\/wp-content\/uploads\/2020\/10\/Foto-de-Dr.-Hiram-V.-Arroyo-cut.png\" alt=\"\" class=\"wp-image-2113 lazyload\" width=\"225\" height=\"225\" src=\"data:image\/svg+xml;base64,PHN2ZyB3aWR0aD0iMSIgaGVpZ2h0PSIxIiB4bWxucz0iaHR0cDovL3d3dy53My5vcmcvMjAwMC9zdmciPjwvc3ZnPg==\" style=\"--smush-placeholder-width: 225px; --smush-placeholder-aspect-ratio: 225\/225;\" \/><\/figure>\n<\/div><\/div>\n\n\n\n<div class=\"wp-block-column is-vertically-aligned-center is-layout-flow wp-block-column-is-layout-flow\" style=\"flex-basis:66.66%\">\n<h4 class=\"wp-block-heading\">Moderador<\/h4>\n\n\n\n<p><strong>Dr. Hiram V. Arroyo<\/strong>, Catedr\u00e1tico, Director, Departamento de Ciencias Sociales, Director, Centro Colaborador de la Organizaci\u00f3n Mundial de la Salud&nbsp;(OMS\/OPS) para la Capacitaci\u00f3n e Investigaci\u00f3n en Promoci\u00f3n de la Salud&nbsp;y Educaci\u00f3n para la Salud,&nbsp;Facultad de Ciencias Biosociales y Escuela Graduada de Salud P\u00fablica,&nbsp;Recinto de Ciencias M\u00e9dicas, Universidad de Puerto Rico<\/p>\n<\/div>\n<\/div>\n\n\n\n<div class=\"wp-block-columns is-layout-flex wp-container-core-columns-is-layout-9d6595d7 wp-block-columns-is-layout-flex\">\n<div class=\"wp-block-column is-layout-flow wp-block-column-is-layout-flow\" style=\"flex-basis:33.33%\"><div class=\"wp-block-image is-style-rounded\">\n<figure class=\"aligncenter size-medium is-resized\"><img decoding=\"async\" data-src=\"https:\/\/unescochair-ghe.org\/wp-content\/uploads\/2023\/02\/Alba-Yaneth-edited-300x300.jpg\" alt=\"\" class=\"wp-image-6110 lazyload\" width=\"225\" height=\"225\" data-srcset=\"https:\/\/unescochair-ghe.org\/wp-content\/uploads\/2023\/02\/Alba-Yaneth-edited-300x300.jpg 300w, https:\/\/unescochair-ghe.org\/wp-content\/uploads\/2023\/02\/Alba-Yaneth-edited-1024x1024.jpg 1024w, https:\/\/unescochair-ghe.org\/wp-content\/uploads\/2023\/02\/Alba-Yaneth-edited-150x150.jpg 150w, https:\/\/unescochair-ghe.org\/wp-content\/uploads\/2023\/02\/Alba-Yaneth-edited-768x768.jpg 768w, https:\/\/unescochair-ghe.org\/wp-content\/uploads\/2023\/02\/Alba-Yaneth-edited-12x12.jpg 12w, https:\/\/unescochair-ghe.org\/wp-content\/uploads\/2023\/02\/Alba-Yaneth-edited-512x512.jpg 512w, https:\/\/unescochair-ghe.org\/wp-content\/uploads\/2023\/02\/Alba-Yaneth-edited.jpg 1269w\" data-sizes=\"(max-width: 225px) 100vw, 225px\" src=\"data:image\/svg+xml;base64,PHN2ZyB3aWR0aD0iMSIgaGVpZ2h0PSIxIiB4bWxucz0iaHR0cDovL3d3dy53My5vcmcvMjAwMC9zdmciPjwvc3ZnPg==\" style=\"--smush-placeholder-width: 225px; --smush-placeholder-aspect-ratio: 225\/225;\" \/><\/figure>\n<\/div><\/div>\n\n\n\n<div class=\"wp-block-column is-vertically-aligned-center is-layout-flow wp-block-column-is-layout-flow\" style=\"flex-basis:66.66%\">\n<p><strong>Dra. Alba Yaneth Rinc\u00f3n M\u00e9ndez<\/strong>, Coordinadora del \u00c1rea de Proyecci\u00f3n Social del Centro Colaborador OMS\/OPS PROINAPSA, Universidad Industrial de Santander (UIS), Colombia.<\/p>\n<\/div>\n<\/div>\n\n\n\n<div class=\"wp-block-columns is-layout-flex wp-container-core-columns-is-layout-9d6595d7 wp-block-columns-is-layout-flex\">\n<div class=\"wp-block-column is-layout-flow wp-block-column-is-layout-flow\" style=\"flex-basis:33.33%\"><div class=\"wp-block-image is-style-rounded\">\n<figure class=\"aligncenter size-medium is-resized\"><img decoding=\"async\" data-src=\"https:\/\/unescochair-ghe.org\/wp-content\/uploads\/2023\/02\/Lucas-Agustinho-Fernandes-300x300.png\" alt=\"\" class=\"wp-image-6117 lazyload\" width=\"225\" height=\"225\" data-srcset=\"https:\/\/unescochair-ghe.org\/wp-content\/uploads\/2023\/02\/Lucas-Agustinho-Fernandes-300x300.png 300w, https:\/\/unescochair-ghe.org\/wp-content\/uploads\/2023\/02\/Lucas-Agustinho-Fernandes-1024x1024.png 1024w, https:\/\/unescochair-ghe.org\/wp-content\/uploads\/2023\/02\/Lucas-Agustinho-Fernandes-150x150.png 150w, https:\/\/unescochair-ghe.org\/wp-content\/uploads\/2023\/02\/Lucas-Agustinho-Fernandes-768x768.png 768w, https:\/\/unescochair-ghe.org\/wp-content\/uploads\/2023\/02\/Lucas-Agustinho-Fernandes-1536x1536.png 1536w, https:\/\/unescochair-ghe.org\/wp-content\/uploads\/2023\/02\/Lucas-Agustinho-Fernandes-2048x2048.png 2048w, https:\/\/unescochair-ghe.org\/wp-content\/uploads\/2023\/02\/Lucas-Agustinho-Fernandes-12x12.png 12w, https:\/\/unescochair-ghe.org\/wp-content\/uploads\/2023\/02\/Lucas-Agustinho-Fernandes-512x512.png 512w\" data-sizes=\"(max-width: 225px) 100vw, 225px\" src=\"data:image\/svg+xml;base64,PHN2ZyB3aWR0aD0iMSIgaGVpZ2h0PSIxIiB4bWxucz0iaHR0cDovL3d3dy53My5vcmcvMjAwMC9zdmciPjwvc3ZnPg==\" style=\"--smush-placeholder-width: 225px; --smush-placeholder-aspect-ratio: 225\/225;\" \/><\/figure>\n<\/div><\/div>\n\n\n\n<div class=\"wp-block-column is-vertically-aligned-center is-layout-flow wp-block-column-is-layout-flow\" style=\"flex-basis:66.66%\">\n<p><strong>Dr. Lucas Agostinho Fernandes<\/strong>, Consultor T\u00e9cnico del Programa Salud de la Escuela, Departamento de Promoci\u00f3n de la Salud, Secretar\u00eda de Atenci\u00f3n Primaria de la Salud, Ministerio de Salud, Brasil<\/p>\n<\/div>\n<\/div>\n\n\n\n<hr class=\"wp-block-separator has-alpha-channel-opacity is-style-wide\" \/>\n\n\n\n<h3 class=\"wp-block-heading\">Resumen<\/h3>\n\n\n\n<p>La Promoci\u00f3n de la Salud Escolar y la salud de la ni\u00f1ez y la adolescencia deben ser \u00e1mbitos de alta prioridad para la salud p\u00fablica en la actualidad. La investigaci\u00f3n es un componente esencial en el desarrollo de las pol\u00edticas, las estructuras y las acciones program\u00e1ticas en Promoci\u00f3n de la Salud Escolar. La investigaci\u00f3n es esencial en la generaci\u00f3n de conocimiento y la valoraci\u00f3n de las pr\u00e1cticas. Desarrollar una cultura regional de investigaci\u00f3n en Promoci\u00f3n de la Salud Escolar es un reclamo de diversos sectores profesionales, institucionales y acad\u00e9micos. Generar una agenda de investigaci\u00f3n en el campo de la Promoci\u00f3n de la Salud Escolar es un desaf\u00edo que requiere ser atendido.<\/p>\n\n\n\n<p>Algunas de las preguntas y reflexiones de este webinario son :<\/p>\n\n\n\n<ol class=\"wp-block-list\">\n<li>\u00bfCu\u00e1l es el estado de situaci\u00f3n actual de la investigaci\u00f3n en Promoci\u00f3n de la Salud Escolar y la investigaci\u00f3n sobre la ni\u00f1ez y la adolescencia en Am\u00e9rica Latina?<\/li>\n\n\n\n<li>\u00bfQu\u00e9 asuntos o temas de investigaci\u00f3n sobre la Promoci\u00f3n de la Salud Escolar en general y sobre la ni\u00f1ez y la adolescencia requieren atenci\u00f3n prioritaria?<\/li>\n\n\n\n<li>\u00bfQu\u00e9 medidas se requieren para articular una agenda de investigaci\u00f3n en Promoci\u00f3n de la Salud Escolar y sobre la ni\u00f1ez y la adolescencia en Am\u00e9rica Latina?<\/li>\n<\/ol>\n\n\n\n<hr class=\"wp-block-separator has-alpha-channel-opacity is-style-wide\" \/>\n\n\n\n<h3 class=\"wp-block-heading\">Las contribuciones de nuestros oradores<\/h3>\n\n\n\n<div class=\"wp-block-columns is-layout-flex wp-container-core-columns-is-layout-9d6595d7 wp-block-columns-is-layout-flex\">\n<div class=\"wp-block-column is-layout-flow wp-block-column-is-layout-flow\" style=\"flex-basis:33.33%\">\n<figure class=\"wp-block-embed is-type-video is-provider-youtube wp-block-embed-youtube wp-embed-aspect-16-9 wp-has-aspect-ratio\"><div class=\"wp-block-embed__wrapper\">\n<iframe title=\"Valoraci\u00f3n y oportunidades para fortalecer la investigaci\u00f3n sobre el tema de Promoci\u00f3n de la Salud\" width=\"1233\" height=\"694\" data-src=\"https:\/\/www.youtube.com\/embed\/ezPynvj6LvI?feature=oembed\" frameborder=\"0\" allow=\"accelerometer; autoplay; clipboard-write; encrypted-media; gyroscope; picture-in-picture; web-share\" referrerpolicy=\"strict-origin-when-cross-origin\" allowfullscreen src=\"data:image\/svg+xml;base64,PHN2ZyB3aWR0aD0iMSIgaGVpZ2h0PSIxIiB4bWxucz0iaHR0cDovL3d3dy53My5vcmcvMjAwMC9zdmciPjwvc3ZnPg==\" class=\"lazyload\" data-load-mode=\"1\"><\/iframe>\n<\/div><\/figure>\n<\/div>\n\n\n\n<div class=\"wp-block-column is-layout-flow wp-block-column-is-layout-flow\" style=\"flex-basis:66.66%\">\n<p><a rel=\"noreferrer noopener\" href=\"https:\/\/unescochair-ghe.org\/wp-content\/uploads\/2023\/02\/Presentation-Lucas-Agustinho-Fernandes.pdf\" target=\"_blank\"><strong>El ppt del Lucas Agustinho Fernandes<\/strong><\/a><\/p>\n\n\n\n<p><a rel=\"noreferrer noopener\" href=\"https:\/\/unescochair-ghe.org\/wp-content\/uploads\/2023\/02\/ValoracionOportunidadesInvestigacion-PSE-Proinapsa-UIS-Feb-16-2023.pdf\" target=\"_blank\"><strong>El ppt de la Dra. Alba Yaneth Rinc\u00f3n M\u00e9ndez<\/strong><\/a><\/p>\n<\/div>\n<\/div>\n\n\n\n<hr class=\"wp-block-separator has-alpha-channel-opacity is-style-wide\" \/>\n\n\n\n<h3 class=\"wp-block-heading\">Serie de webinars<\/h3>\n\n\n\n<p>Este webinario forma parte de la serie de webinarios <strong>&#8221; Hacia una nueva agenda de promoci\u00f3n de la salud escolar en Am\u00e9rica Latina y Espa\u00f1a &#8220;<\/strong>. Est\u00e1n previstos los siguientes webinarios:<\/p>\n\n\n\n<figure class=\"wp-block-table\"><table><thead><tr><th>Fecha<\/th><th>Hora<\/th><th>Tema del webinario<\/th><\/tr><\/thead><tbody><tr><td>17 noviembre 2022<\/td><td>10.00 \u2013 11.00 AST, 15.00 \u2013 16.00 CET<\/td><td><a href=\"https:\/\/unescochair-ghe.org\/fa\/2022\/10\/20\/17-noviembre-2022-hacia-una-agenda-regional-de-promocion-de-la-salud-escolar-en-america-latina\/\">Hacia una agenda regional de Promoci\u00f3n de la Salud Escolar en Am\u00e9rica Latina.<\/a><\/td><\/tr><tr><td><strong>16 febrero 2023 <\/strong><\/td><td><strong>10.00 \u2013 11.00 AST, 15.00 \u2013 16.00 CET<\/strong><\/td><td><strong>Valoraci\u00f3n y oportunidades para fortalecer la investigaci\u00f3n en Promoci\u00f3n de la Salud sobre la ni\u00f1ez y la adolescencia en Am\u00e9rica Latina.<\/strong><\/td><\/tr><tr><td>16 marzo 2023<\/td><td>10.00 \u2013 11.00 AST, 15.00 \u2013 16.00 CET<\/td><td>La experiencia curricular en Promoci\u00f3n de la Salud Escolar.<\/td><\/tr><tr><td>11 mayo 2023<\/td><td>10.00 \u2013 11.00 AST, 16.00 \u2013 17.00 CET<\/td><td>La Promoci\u00f3n y Educaci\u00f3n de la Salud Sexual Integral en los sistemas educativos.<\/td><\/tr><tr><td>28 septiembre 2023<\/td><td>10.00 \u2013 11.00 AST, 16.00 \u2013 17.00 CET<\/td><td>La importancia de la inserci\u00f3n de la perspectiva de g\u00e9nero en los sistemas educativos y los curr\u00edculos escolares.<\/td><\/tr><\/tbody><\/table><\/figure>\n\n\n\n<hr class=\"wp-block-separator has-alpha-channel-opacity is-style-wide\" \/>\n\n\n\n<p>Este webinario est\u00e1 organizado por la C\u00e1tedra UNESCO y el Centro Colaborador OMS Educaci\u00f3n y Salud en colaboraci\u00f3n con la&nbsp;<a rel=\"noreferrer noopener\" href=\"https:\/\/www.upr.edu\/\" target=\"_blank\">Universidad de Puerto Rico<\/a><\/p>\n\n\n\n<figure class=\"wp-block-image size-large\"><img decoding=\"async\" width=\"1024\" height=\"536\" data-src=\"https:\/\/unescochair-ghe.org\/wp-content\/uploads\/2023\/01\/Webinar-Valoracion-y-oportunidades-para-fortalecer-la-investigacion-v3-1024x536.png\" alt=\"\" class=\"wp-image-6084 lazyload\" data-srcset=\"https:\/\/unescochair-ghe.org\/wp-content\/uploads\/2023\/01\/Webinar-Valoracion-y-oportunidades-para-fortalecer-la-investigacion-v3-1024x536.png 1024w, https:\/\/unescochair-ghe.org\/wp-content\/uploads\/2023\/01\/Webinar-Valoracion-y-oportunidades-para-fortalecer-la-investigacion-v3-300x157.png 300w, https:\/\/unescochair-ghe.org\/wp-content\/uploads\/2023\/01\/Webinar-Valoracion-y-oportunidades-para-fortalecer-la-investigacion-v3-768x402.png 768w, https:\/\/unescochair-ghe.org\/wp-content\/uploads\/2023\/01\/Webinar-Valoracion-y-oportunidades-para-fortalecer-la-investigacion-v3-18x9.png 18w, https:\/\/unescochair-ghe.org\/wp-content\/uploads\/2023\/01\/Webinar-Valoracion-y-oportunidades-para-fortalecer-la-investigacion-v3-373x195.png 373w, https:\/\/unescochair-ghe.org\/wp-content\/uploads\/2023\/01\/Webinar-Valoracion-y-oportunidades-para-fortalecer-la-investigacion-v3.png 1200w\" data-sizes=\"(max-width: 1024px) 100vw, 1024px\" src=\"data:image\/svg+xml;base64,PHN2ZyB3aWR0aD0iMSIgaGVpZ2h0PSIxIiB4bWxucz0iaHR0cDovL3d3dy53My5vcmcvMjAwMC9zdmciPjwvc3ZnPg==\" style=\"--smush-placeholder-width: 1024px; --smush-placeholder-aspect-ratio: 1024\/536;\" \/><\/figure>","protected":false},"excerpt":{"rendered":"<p>Information in English Oradores Moderador Dr. Hiram V. Arroyo, Catedr\u00e1tico, Director, Departamento de Ciencias Sociales, Director, Centro Colaborador de la Organizaci\u00f3n Mundial de la Salud&nbsp;(OMS\/OPS) para la Capacitaci\u00f3n e Investigaci\u00f3n &hellip;<\/p>","protected":false},"author":3,"featured_media":6084,"comment_status":"closed","ping_status":"closed","sticky":false,"template":"","format":"standard","meta":{"footnotes":"","_links_to":"","_links_to_target":""},"categories":[48],"tags":[23,12,159,14,17],"class_list":["post-6025","post","type-post","status-publish","format-standard","has-post-thumbnail","hentry","category-webinar","tag-children","tag-health-promotion","tag-latin-america","tag-research","tag-school"],"_links":{"self":[{"href":"https:\/\/unescochair-ghe.org\/fa\/wp-json\/wp\/v2\/posts\/6025","targetHints":{"allow":["GET"]}}],"collection":[{"href":"https:\/\/unescochair-ghe.org\/fa\/wp-json\/wp\/v2\/posts"}],"about":[{"href":"https:\/\/unescochair-ghe.org\/fa\/wp-json\/wp\/v2\/types\/post"}],"author":[{"embeddable":true,"href":"https:\/\/unescochair-ghe.org\/fa\/wp-json\/wp\/v2\/users\/3"}],"replies":[{"embeddable":true,"href":"https:\/\/unescochair-ghe.org\/fa\/wp-json\/wp\/v2\/comments?post=6025"}],"version-history":[{"count":15,"href":"https:\/\/unescochair-ghe.org\/fa\/wp-json\/wp\/v2\/posts\/6025\/revisions"}],"predecessor-version":[{"id":6219,"href":"https:\/\/unescochair-ghe.org\/fa\/wp-json\/wp\/v2\/posts\/6025\/revisions\/6219"}],"wp:featuredmedia":[{"embeddable":true,"href":"https:\/\/unescochair-ghe.org\/fa\/wp-json\/wp\/v2\/media\/6084"}],"wp:attachment":[{"href":"https:\/\/unescochair-ghe.org\/fa\/wp-json\/wp\/v2\/media?parent=6025"}],"wp:term":[{"taxonomy":"category","embeddable":true,"href":"https:\/\/unescochair-ghe.org\/fa\/wp-json\/wp\/v2\/categories?post=6025"},{"taxonomy":"post_tag","embeddable":true,"href":"https:\/\/unescochair-ghe.org\/fa\/wp-json\/wp\/v2\/tags?post=6025"}],"curies":[{"name":"wp","href":"https:\/\/api.w.org\/{rel}","templated":true}]}}