{"id":5846,"date":"2022-10-20T11:29:07","date_gmt":"2022-10-20T09:29:07","guid":{"rendered":"https:\/\/unescochair-ghe.org\/?p=5846"},"modified":"2023-01-19T13:12:18","modified_gmt":"2023-01-19T12:12:18","slug":"17-noviembre-2022-hacia-una-agenda-regional-de-promocion-de-la-salud-escolar-en-america-latina","status":"publish","type":"post","link":"https:\/\/unescochair-ghe.org\/fa\/17-noviembre-2022-hacia-una-agenda-regional-de-promocion-de-la-salud-escolar-en-america-latina\/","title":{"rendered":"17 noviembre 2022 &#8211; Hacia una agenda regional de Promoci\u00f3n de la Salud Escolar en Am\u00e9rica Latina."},"content":{"rendered":"<p><a href=\"https:\/\/unescochair-ghe.org\/fa\/2022\/10\/20\/17-november-2022-towards-a-regional-agenda-for-school-health-promotion-in-latin-america\/\">English version<\/a><\/p>\n\n\n\n<hr class=\"wp-block-separator has-alpha-channel-opacity is-style-wide\" \/>\n\n\n\n<h4 class=\"wp-block-heading\">Oradores<\/h4>\n\n\n\n<div class=\"wp-block-columns is-layout-flex wp-container-core-columns-is-layout-9d6595d7 wp-block-columns-is-layout-flex\">\n<div class=\"wp-block-column is-vertically-aligned-center is-layout-flow wp-block-column-is-layout-flow\" style=\"flex-basis:33.33%\"><div class=\"wp-block-image is-style-rounded\">\n<figure class=\"aligncenter size-full is-resized\"><img decoding=\"async\" data-src=\"https:\/\/unescochair-ghe.org\/wp-content\/uploads\/2020\/10\/Foto-de-Dr.-Hiram-V.-Arroyo-cut.png\" alt=\"\" class=\"wp-image-2113 lazyload\" width=\"225\" height=\"225\" src=\"data:image\/svg+xml;base64,PHN2ZyB3aWR0aD0iMSIgaGVpZ2h0PSIxIiB4bWxucz0iaHR0cDovL3d3dy53My5vcmcvMjAwMC9zdmciPjwvc3ZnPg==\" style=\"--smush-placeholder-width: 225px; --smush-placeholder-aspect-ratio: 225\/225;\" \/><\/figure>\n<\/div><\/div>\n\n\n\n<div class=\"wp-block-column is-vertically-aligned-center is-layout-flow wp-block-column-is-layout-flow\" style=\"flex-basis:66.66%\">\n<p><strong>Dr. Hiram V. Arroyo<\/strong>, Puerto Rico.&nbsp;Catedr\u00e1tico, Director, Departamento de Ciencias Sociales, Director, Centro Colaborador de la Organizaci\u00f3n Mundial de la Salud&nbsp;(OMS\/OPS) para la Capacitaci\u00f3n e Investigaci\u00f3n en Promoci\u00f3n de la Salud&nbsp;y Educaci\u00f3n para la Salud,&nbsp;Facultad de Ciencias Biosociales y Escuela Graduada de Salud P\u00fablica,&nbsp;Recinto de Ciencias M\u00e9dicas, Universidad de Puerto Rico<\/p>\n<\/div>\n<\/div>\n\n\n\n<div class=\"wp-block-columns is-layout-flex wp-container-core-columns-is-layout-9d6595d7 wp-block-columns-is-layout-flex\">\n<div class=\"wp-block-column is-vertically-aligned-center is-layout-flow wp-block-column-is-layout-flow\" style=\"flex-basis:33.33%\"><div class=\"wp-block-image is-style-rounded\">\n<figure class=\"aligncenter size-full is-resized\"><img decoding=\"async\" data-src=\"https:\/\/unescochair-ghe.org\/wp-content\/uploads\/2022\/10\/Dra.-Pilar-Campos-edited.jpg\" alt=\"\" class=\"wp-image-5843 lazyload\" width=\"225\" height=\"225\" data-srcset=\"https:\/\/unescochair-ghe.org\/wp-content\/uploads\/2022\/10\/Dra.-Pilar-Campos-edited.jpg 571w, https:\/\/unescochair-ghe.org\/wp-content\/uploads\/2022\/10\/Dra.-Pilar-Campos-edited-300x300.jpg 300w, https:\/\/unescochair-ghe.org\/wp-content\/uploads\/2022\/10\/Dra.-Pilar-Campos-edited-150x150.jpg 150w, https:\/\/unescochair-ghe.org\/wp-content\/uploads\/2022\/10\/Dra.-Pilar-Campos-edited-12x12.jpg 12w, https:\/\/unescochair-ghe.org\/wp-content\/uploads\/2022\/10\/Dra.-Pilar-Campos-edited-512x512.jpg 512w\" data-sizes=\"(max-width: 225px) 100vw, 225px\" src=\"data:image\/svg+xml;base64,PHN2ZyB3aWR0aD0iMSIgaGVpZ2h0PSIxIiB4bWxucz0iaHR0cDovL3d3dy53My5vcmcvMjAwMC9zdmciPjwvc3ZnPg==\" style=\"--smush-placeholder-width: 225px; --smush-placeholder-aspect-ratio: 225\/225;\" \/><\/figure>\n<\/div><\/div>\n\n\n\n<div class=\"wp-block-column is-vertically-aligned-center is-layout-flow wp-block-column-is-layout-flow\" style=\"flex-basis:66.66%\">\n<p><strong>Dra. Pilar Campos Est\u00e9ban<\/strong>, Asesora Regional de Promoci\u00f3n de la Salud, Organizaci\u00f3n Panamericana de la Salud (OPS), Unidad Promoci\u00f3n de la Salud y Determinantes Sociales de la Salud, Departamento de Familia, Promoci\u00f3n de la Salud y Curso de vida<\/p>\n<\/div>\n<\/div>\n\n\n\n<div class=\"wp-block-columns is-layout-flex wp-container-core-columns-is-layout-9d6595d7 wp-block-columns-is-layout-flex\">\n<div class=\"wp-block-column is-vertically-aligned-center is-layout-flow wp-block-column-is-layout-flow\" style=\"flex-basis:33.33%\"><div class=\"wp-block-image is-style-rounded\">\n<figure class=\"aligncenter size-full is-resized\"><img decoding=\"async\" data-src=\"https:\/\/unescochair-ghe.org\/wp-content\/uploads\/2021\/04\/Blanca-Patricia-Mantilla.-Perfil.jpg\" alt=\"\" class=\"wp-image-3602 lazyload\" width=\"225\" height=\"225\" data-srcset=\"https:\/\/unescochair-ghe.org\/wp-content\/uploads\/2021\/04\/Blanca-Patricia-Mantilla.-Perfil.jpg 720w, https:\/\/unescochair-ghe.org\/wp-content\/uploads\/2021\/04\/Blanca-Patricia-Mantilla.-Perfil-300x300.jpg 300w, https:\/\/unescochair-ghe.org\/wp-content\/uploads\/2021\/04\/Blanca-Patricia-Mantilla.-Perfil-150x150.jpg 150w, https:\/\/unescochair-ghe.org\/wp-content\/uploads\/2021\/04\/Blanca-Patricia-Mantilla.-Perfil-12x12.jpg 12w, https:\/\/unescochair-ghe.org\/wp-content\/uploads\/2021\/04\/Blanca-Patricia-Mantilla.-Perfil-299x300.jpg 299w, https:\/\/unescochair-ghe.org\/wp-content\/uploads\/2021\/04\/Blanca-Patricia-Mantilla.-Perfil-512x512.jpg 512w\" data-sizes=\"(max-width: 225px) 100vw, 225px\" src=\"data:image\/svg+xml;base64,PHN2ZyB3aWR0aD0iMSIgaGVpZ2h0PSIxIiB4bWxucz0iaHR0cDovL3d3dy53My5vcmcvMjAwMC9zdmciPjwvc3ZnPg==\" style=\"--smush-placeholder-width: 225px; --smush-placeholder-aspect-ratio: 225\/225;\" \/><\/figure>\n<\/div><\/div>\n\n\n\n<div class=\"wp-block-column is-vertically-aligned-center is-layout-flow wp-block-column-is-layout-flow\" style=\"flex-basis:66.66%\">\n<p><strong>Prof. Blanca Patricia Mantilla Uribe<\/strong>, Directora Instituto Proinapsa, Centro Colaborador de OMS en Promoci\u00f3n de la Salud y Salud Sexual y Reproductiva, Facultad de Salud, Universidad Industrial de Santander, Colombia<\/p>\n<\/div>\n<\/div>\n\n\n\n<hr class=\"wp-block-separator has-alpha-channel-opacity is-style-wide\" \/>\n\n\n\n<h3 class=\"wp-block-heading\">Resumen<\/h3>\n\n\n\n<p>La salud y los determinantes sociales de la salud de la ni\u00f1ez, los adolescentes y los j\u00f3venes deber\u00eda ser un asunto de gran pertinencia y alta prioridad en nuestros pa\u00edses. En este tema valoramos la contribuci\u00f3n y el alcance conceptual, pol\u00edtico y operacional del movimiento global y regional de Promoci\u00f3n de la Salud Escolar. Am\u00e9rica Latina ha tenido avances significativos y una gran experiencia en el desarrollo de iniciativas noveles de Promoci\u00f3n de la Salud Escolar. En este momento deseamos hacer balance de los logros sobre el tema y trazar planes y acciones para el futuro.&nbsp; Algunas de las preguntas y reflexiones de este webinar son:<\/p>\n\n\n\n<ol class=\"wp-block-list\" type=\"1\">\n<li><strong>\u00bfCu\u00e1n relevante es trazar la agenda regional en Promoci\u00f3n de la Salud Escolar (PSE) a nivel regional?<\/strong><\/li>\n\n\n\n<li><strong>\u00bfQu\u00e9 pasos afirmativos se est\u00e1n dando en este momento para fortalecer la PSE a nivel regional?<\/strong><\/li>\n\n\n\n<li><strong>\u00bfCu\u00e1les deben ser las prioridades pol\u00edticas, estructurales y program\u00e1ticas para configurar la agenda regional de PSE?<\/strong><\/li>\n<\/ol>\n\n\n\n<hr class=\"wp-block-separator has-alpha-channel-opacity is-style-wide\" \/>\n\n\n\n<h3 class=\"wp-block-heading\">Las contribuciones de nuestros oradores<\/h3>\n\n\n\n<div class=\"wp-block-columns is-layout-flex wp-container-core-columns-is-layout-9d6595d7 wp-block-columns-is-layout-flex\">\n<div class=\"wp-block-column is-layout-flow wp-block-column-is-layout-flow\" style=\"flex-basis:33.33%\">\n<figure class=\"wp-block-embed is-type-video is-provider-youtube wp-block-embed-youtube wp-embed-aspect-16-9 wp-has-aspect-ratio\"><div class=\"wp-block-embed__wrapper\">\n<iframe title=\"Hacia una agenda regional de Promoci\u00f3n de la Salud Escolar en Am\u00e9rica Latina\" width=\"1233\" height=\"694\" data-src=\"https:\/\/www.youtube.com\/embed\/CrXmwCz8Jcg?feature=oembed\" frameborder=\"0\" allow=\"accelerometer; autoplay; clipboard-write; encrypted-media; gyroscope; picture-in-picture; web-share\" referrerpolicy=\"strict-origin-when-cross-origin\" allowfullscreen src=\"data:image\/svg+xml;base64,PHN2ZyB3aWR0aD0iMSIgaGVpZ2h0PSIxIiB4bWxucz0iaHR0cDovL3d3dy53My5vcmcvMjAwMC9zdmciPjwvc3ZnPg==\" class=\"lazyload\" data-load-mode=\"1\"><\/iframe>\n<\/div><\/figure>\n<\/div>\n\n\n\n<div class=\"wp-block-column is-layout-flow wp-block-column-is-layout-flow\" style=\"flex-basis:66.66%\">\n<p><strong><a rel=\"noreferrer noopener\" href=\"https:\/\/unescochair-ghe.org\/wp-content\/uploads\/2022\/11\/Presentation-Blanca-Patricia-Mantilla-Uribe.pdf\" target=\"_blank\">El ppt de la Profesora Blanca Patricia Mantilla Uribe<\/a><\/strong><\/p>\n\n\n\n<p><a rel=\"noreferrer noopener\" href=\"https:\/\/unescochair-ghe.org\/wp-content\/uploads\/2022\/12\/Escuelas-promotoras-de-la-salud_-webinar-2022.-Pilar-Campos.pdf\" target=\"_blank\"><strong>El ppt de la D<\/strong><\/a><a rel=\"noreferrer noopener\" href=\"https:\/\/unescochair-ghe.org\/wp-content\/uploads\/2022\/12\/Escuelas-promotoras-de-la-salud_-webinar-2022.-Pilar-Campos.pdf\" target=\"_blank\"><strong>o<\/strong><\/a><a rel=\"noreferrer noopener\" href=\"https:\/\/unescochair-ghe.org\/wp-content\/uploads\/2022\/12\/Escuelas-promotoras-de-la-salud_-webinar-2022.-Pilar-Campos.pdf\" target=\"_blank\"><strong>c<\/strong><\/a><a rel=\"noreferrer noopener\" href=\"https:\/\/unescochair-ghe.org\/wp-content\/uploads\/2022\/12\/Escuelas-promotoras-de-la-salud_-webinar-2022.-Pilar-Campos.pdf\" target=\"_blank\"><strong>t<\/strong><\/a><a rel=\"noreferrer noopener\" href=\"https:\/\/unescochair-ghe.org\/wp-content\/uploads\/2022\/12\/Escuelas-promotoras-de-la-salud_-webinar-2022.-Pilar-Campos.pdf\" target=\"_blank\"><strong>o<\/strong><\/a><a rel=\"noreferrer noopener\" href=\"https:\/\/unescochair-ghe.org\/wp-content\/uploads\/2022\/12\/Escuelas-promotoras-de-la-salud_-webinar-2022.-Pilar-Campos.pdf\" target=\"_blank\"><strong>r<\/strong><\/a><a rel=\"noreferrer noopener\" href=\"https:\/\/unescochair-ghe.org\/wp-content\/uploads\/2022\/12\/Escuelas-promotoras-de-la-salud_-webinar-2022.-Pilar-Campos.pdf\" target=\"_blank\"><strong>a<\/strong> <\/a><a rel=\"noreferrer noopener\" href=\"https:\/\/unescochair-ghe.org\/wp-content\/uploads\/2022\/12\/Escuelas-promotoras-de-la-salud_-webinar-2022.-Pilar-Campos.pdf\" target=\"_blank\"><strong>Pilar Campos Est\u00e9ban<\/strong><\/a><\/p>\n<\/div>\n<\/div>\n\n\n\n<hr class=\"wp-block-separator has-alpha-channel-opacity is-style-wide\" \/>\n\n\n\n<h3 class=\"wp-block-heading\">Serie de webinars<\/h3>\n\n\n\n<p>Este webinar forma parte de la serie de webinars <strong>&#8220;Hacia una nueva agenda de promoci\u00f3n de la salud escolar en Am\u00e9rica Latina y Espa\u00f1a&#8221;<\/strong>. Est\u00e1n previstos los siguientes webinars:<\/p>\n\n\n\n<figure class=\"wp-block-table\"><table><thead><tr><th>Fecha<\/th><th>Hora<\/th><th>Tema del webinario<\/th><\/tr><\/thead><tbody><tr><td>17 noviembre 2022<\/td><td>10.00 \u2013 11.00 AST, 15.00 \u2013 16.00 CET<\/td><td>Hacia una agenda regional de Promoci\u00f3n de la Salud Escolar en Am\u00e9rica Latina.<\/td><\/tr><tr><td>16 febrero 2023 <\/td><td>10.00 \u2013 11.00 AST, 15.00 \u2013 16.00 CET<\/td><td>Valoraci\u00f3n y oportunidades para fortalecer la investigaci\u00f3n en Promoci\u00f3n de la Salud sobre la ni\u00f1ez y la adolescencia en Am\u00e9rica Latina.<\/td><\/tr><tr><td>16 marzo 2023<\/td><td>10.00 \u2013 11.00 AST, 15.00 \u2013 16.00 CET<\/td><td>La experiencia curricular en Promoci\u00f3n de la Salud Escolar.<\/td><\/tr><tr><td>11 mayo 2023<\/td><td>10.00 \u2013 11.00 AST, 16.00 \u2013 17.00 CET<\/td><td>La Promoci\u00f3n y Educaci\u00f3n de la Salud Sexual Integral en los sistemas educativos.<\/td><\/tr><tr><td>28 septiembre 2023<\/td><td>10.00 \u2013 11.00 AST, 16.00 \u2013 17.00 CET<\/td><td>La importancia de la inserci\u00f3n de la perspectiva de g\u00e9nero en los sistemas educativos y los curr\u00edculos escolares.<\/td><\/tr><\/tbody><\/table><\/figure>\n\n\n\n<hr class=\"wp-block-separator has-alpha-channel-opacity is-style-wide\" \/>\n\n\n\n<p>Este webinario est\u00e1 organizado por la C\u00e1tedra UNESCO y el Centro Colaborador OMS Educaci\u00f3n y Salud en colaboraci\u00f3n con la&nbsp;<a rel=\"noreferrer noopener\" href=\"https:\/\/www.upr.edu\/\" target=\"_blank\">Universidad de Puerto Rico<\/a><\/p>\n\n\n\n<figure class=\"wp-block-image size-large\"><img decoding=\"async\" width=\"1024\" height=\"536\" data-src=\"https:\/\/unescochair-ghe.org\/wp-content\/uploads\/2022\/10\/Webinar-Hacia-una-agenda-regional-de-Promocion-de-la-Salud-Escolar-en-America-Latina-1024x536.png\" alt=\"\" class=\"wp-image-5878 lazyload\" data-srcset=\"https:\/\/unescochair-ghe.org\/wp-content\/uploads\/2022\/10\/Webinar-Hacia-una-agenda-regional-de-Promocion-de-la-Salud-Escolar-en-America-Latina-1024x536.png 1024w, https:\/\/unescochair-ghe.org\/wp-content\/uploads\/2022\/10\/Webinar-Hacia-una-agenda-regional-de-Promocion-de-la-Salud-Escolar-en-America-Latina-300x157.png 300w, https:\/\/unescochair-ghe.org\/wp-content\/uploads\/2022\/10\/Webinar-Hacia-una-agenda-regional-de-Promocion-de-la-Salud-Escolar-en-America-Latina-768x402.png 768w, https:\/\/unescochair-ghe.org\/wp-content\/uploads\/2022\/10\/Webinar-Hacia-una-agenda-regional-de-Promocion-de-la-Salud-Escolar-en-America-Latina-18x9.png 18w, https:\/\/unescochair-ghe.org\/wp-content\/uploads\/2022\/10\/Webinar-Hacia-una-agenda-regional-de-Promocion-de-la-Salud-Escolar-en-America-Latina-373x195.png 373w, https:\/\/unescochair-ghe.org\/wp-content\/uploads\/2022\/10\/Webinar-Hacia-una-agenda-regional-de-Promocion-de-la-Salud-Escolar-en-America-Latina.png 1200w\" data-sizes=\"(max-width: 1024px) 100vw, 1024px\" src=\"data:image\/svg+xml;base64,PHN2ZyB3aWR0aD0iMSIgaGVpZ2h0PSIxIiB4bWxucz0iaHR0cDovL3d3dy53My5vcmcvMjAwMC9zdmciPjwvc3ZnPg==\" style=\"--smush-placeholder-width: 1024px; --smush-placeholder-aspect-ratio: 1024\/536;\" \/><\/figure>","protected":false},"excerpt":{"rendered":"<p>English version Oradores Dr. Hiram V. Arroyo, Puerto Rico.&nbsp;Catedr\u00e1tico, Director, Departamento de Ciencias Sociales, Director, Centro Colaborador de la Organizaci\u00f3n Mundial de la Salud&nbsp;(OMS\/OPS) para la Capacitaci\u00f3n e Investigaci\u00f3n en &hellip;<\/p>","protected":false},"author":3,"featured_media":5878,"comment_status":"closed","ping_status":"closed","sticky":false,"template":"","format":"standard","meta":{"footnotes":"","_links_to":"","_links_to_target":""},"categories":[48],"tags":[23,61,12,120,27],"class_list":["post-5846","post","type-post","status-publish","format-standard","has-post-thumbnail","hentry","category-webinar","tag-children","tag-health-promoting-schools","tag-health-promotion","tag-spanish","tag-webinar"],"_links":{"self":[{"href":"https:\/\/unescochair-ghe.org\/fa\/wp-json\/wp\/v2\/posts\/5846","targetHints":{"allow":["GET"]}}],"collection":[{"href":"https:\/\/unescochair-ghe.org\/fa\/wp-json\/wp\/v2\/posts"}],"about":[{"href":"https:\/\/unescochair-ghe.org\/fa\/wp-json\/wp\/v2\/types\/post"}],"author":[{"embeddable":true,"href":"https:\/\/unescochair-ghe.org\/fa\/wp-json\/wp\/v2\/users\/3"}],"replies":[{"embeddable":true,"href":"https:\/\/unescochair-ghe.org\/fa\/wp-json\/wp\/v2\/comments?post=5846"}],"version-history":[{"count":14,"href":"https:\/\/unescochair-ghe.org\/fa\/wp-json\/wp\/v2\/posts\/5846\/revisions"}],"predecessor-version":[{"id":6026,"href":"https:\/\/unescochair-ghe.org\/fa\/wp-json\/wp\/v2\/posts\/5846\/revisions\/6026"}],"wp:featuredmedia":[{"embeddable":true,"href":"https:\/\/unescochair-ghe.org\/fa\/wp-json\/wp\/v2\/media\/5878"}],"wp:attachment":[{"href":"https:\/\/unescochair-ghe.org\/fa\/wp-json\/wp\/v2\/media?parent=5846"}],"wp:term":[{"taxonomy":"category","embeddable":true,"href":"https:\/\/unescochair-ghe.org\/fa\/wp-json\/wp\/v2\/categories?post=5846"},{"taxonomy":"post_tag","embeddable":true,"href":"https:\/\/unescochair-ghe.org\/fa\/wp-json\/wp\/v2\/tags?post=5846"}],"curies":[{"name":"wp","href":"https:\/\/api.w.org\/{rel}","templated":true}]}}