{"id":4653,"date":"2021-11-25T11:11:14","date_gmt":"2021-11-25T10:11:14","guid":{"rendered":"https:\/\/unescochair-ghe.org\/?p=4653"},"modified":"2021-11-25T11:11:17","modified_gmt":"2021-11-25T10:11:17","slug":"9-december-2021-plaidoyer-pour-le-plaidoyer-en-sante-publique-savoir-communiquer-et-argumenter-en-promotion-de-la-sante","status":"publish","type":"post","link":"https:\/\/unescochair-ghe.org\/fa\/9-december-2021-plaidoyer-pour-le-plaidoyer-en-sante-publique-savoir-communiquer-et-argumenter-en-promotion-de-la-sante\/","title":{"rendered":"9 December 2021 &#8211; Plaidoyer pour le plaidoyer en sant\u00e9 publique &#8211; Savoir communiquer et argumenter en promotion de la sant\u00e9"},"content":{"rendered":"<h3 class=\"wp-block-heading\">Advocacy in public health &#8211; Communicating and arguing in health promotion<\/h3>\n\n\n\n<p>Speakers:<\/p>\n\n\n\n<ul class=\"wp-block-list\"><li><strong>Pr. David Hou\u00e9to<\/strong>, Pr\u00e9sident du R\u00c9FIPS international et Ma\u00eetre de Conf\u00e9rences agr\u00e9g\u00e9 en Promotion de la sant\u00e9 \u00e0 l\u2019\u00c9cole de Sant\u00e9 Publique, Universit\u00e9 de Parakou, B\u00e9nin<\/li><li><strong>Fannie Dagenais<\/strong>, Directrice de l\u2019Observatoire des tout-petits, Montr\u00e9al, Canada<\/li><li><strong>Fran\u00e7ois Lagarde<\/strong>, Professeur associ\u00e9 \u00e0 l\u2019\u00e9cole de sant\u00e9 publique de l\u2019Universit\u00e9 de Montr\u00e9al et vice-pr\u00e9sident communications \u00e0 la Fondation Lucie et Andr\u00e9 Chagnon<\/li><li><strong>Didier Jourdan<\/strong>, Professeur des Universit\u00e9s, Titulaire de la Chaire UNESCO et Centre collaborateur OMS \u00c9ducationS &amp; Sant\u00e9<\/li><\/ul>\n\n\n\n<p>Time: 18.00 &#8211; 19.00 CET<\/p>\n\n\n\n<p>Language: French<\/p>\n\n\n\n<p><a rel=\"noreferrer noopener\" href=\"https:\/\/chaireunesco-es.org\/2021\/11\/09\/plaidoyer-pour-le-plaidoyer-en-sante-publique\/\" target=\"_blank\">More information<\/a> (in French)<\/p>\n\n\n\n<p><a href=\"https:\/\/us02web.zoom.us\/webinar\/register\/WN_Jv4gYxzOTX2p0x4QdRQeIw\" target=\"_blank\" rel=\"noreferrer noopener\">Register for the webinar<\/a>. Registration is free. The link to the webinar will be sent to you after registration.<\/p>\n\n\n\n<figure class=\"wp-block-image size-large\"><img decoding=\"async\" width=\"1024\" height=\"536\" data-src=\"https:\/\/unescochair-ghe.org\/wp-content\/uploads\/2021\/11\/Visuel-webinaire-plaidoyer-def-1024x536.png\" alt=\"\" class=\"wp-image-4654 lazyload\" data-srcset=\"https:\/\/unescochair-ghe.org\/wp-content\/uploads\/2021\/11\/Visuel-webinaire-plaidoyer-def-1024x536.png 1024w, https:\/\/unescochair-ghe.org\/wp-content\/uploads\/2021\/11\/Visuel-webinaire-plaidoyer-def-300x157.png 300w, https:\/\/unescochair-ghe.org\/wp-content\/uploads\/2021\/11\/Visuel-webinaire-plaidoyer-def-768x402.png 768w, https:\/\/unescochair-ghe.org\/wp-content\/uploads\/2021\/11\/Visuel-webinaire-plaidoyer-def-18x9.png 18w, https:\/\/unescochair-ghe.org\/wp-content\/uploads\/2021\/11\/Visuel-webinaire-plaidoyer-def-373x195.png 373w, https:\/\/unescochair-ghe.org\/wp-content\/uploads\/2021\/11\/Visuel-webinaire-plaidoyer-def.png 1200w\" data-sizes=\"(max-width: 1024px) 100vw, 1024px\" src=\"data:image\/svg+xml;base64,PHN2ZyB3aWR0aD0iMSIgaGVpZ2h0PSIxIiB4bWxucz0iaHR0cDovL3d3dy53My5vcmcvMjAwMC9zdmciPjwvc3ZnPg==\" style=\"--smush-placeholder-width: 1024px; --smush-placeholder-aspect-ratio: 1024\/536;\" \/><\/figure>","protected":false},"excerpt":{"rendered":"<p>Advocacy in public health &#8211; Communicating and arguing in health promotion Speakers: Pr. David Hou\u00e9to, Pr\u00e9sident du R\u00c9FIPS international et Ma\u00eetre de Conf\u00e9rences agr\u00e9g\u00e9 en Promotion de la sant\u00e9 \u00e0 &hellip;<\/p>","protected":false},"author":3,"featured_media":4654,"comment_status":"closed","ping_status":"closed","sticky":false,"template":"","format":"standard","meta":{"footnotes":"","_links_to":"","_links_to_target":""},"categories":[48],"tags":[110,12,51,102,42,27],"class_list":["post-4653","post","type-post","status-publish","format-standard","has-post-thumbnail","hentry","category-webinar","tag-advocacy","tag-health-promotion","tag-inequalities","tag-public-health","tag-social-determinants-of-health","tag-webinar"],"_links":{"self":[{"href":"https:\/\/unescochair-ghe.org\/fa\/wp-json\/wp\/v2\/posts\/4653","targetHints":{"allow":["GET"]}}],"collection":[{"href":"https:\/\/unescochair-ghe.org\/fa\/wp-json\/wp\/v2\/posts"}],"about":[{"href":"https:\/\/unescochair-ghe.org\/fa\/wp-json\/wp\/v2\/types\/post"}],"author":[{"embeddable":true,"href":"https:\/\/unescochair-ghe.org\/fa\/wp-json\/wp\/v2\/users\/3"}],"replies":[{"embeddable":true,"href":"https:\/\/unescochair-ghe.org\/fa\/wp-json\/wp\/v2\/comments?post=4653"}],"version-history":[{"count":1,"href":"https:\/\/unescochair-ghe.org\/fa\/wp-json\/wp\/v2\/posts\/4653\/revisions"}],"predecessor-version":[{"id":4655,"href":"https:\/\/unescochair-ghe.org\/fa\/wp-json\/wp\/v2\/posts\/4653\/revisions\/4655"}],"wp:featuredmedia":[{"embeddable":true,"href":"https:\/\/unescochair-ghe.org\/fa\/wp-json\/wp\/v2\/media\/4654"}],"wp:attachment":[{"href":"https:\/\/unescochair-ghe.org\/fa\/wp-json\/wp\/v2\/media?parent=4653"}],"wp:term":[{"taxonomy":"category","embeddable":true,"href":"https:\/\/unescochair-ghe.org\/fa\/wp-json\/wp\/v2\/categories?post=4653"},{"taxonomy":"post_tag","embeddable":true,"href":"https:\/\/unescochair-ghe.org\/fa\/wp-json\/wp\/v2\/tags?post=4653"}],"curies":[{"name":"wp","href":"https:\/\/api.w.org\/{rel}","templated":true}]}}