{"id":4060,"date":"2021-06-29T10:00:39","date_gmt":"2021-06-29T08:00:39","guid":{"rendered":"https:\/\/unescochair-ghe.org\/?p=4060"},"modified":"2023-12-19T14:40:12","modified_gmt":"2023-12-19T13:40:12","slug":"global-community-health-annual-workshop-first-edition-2","status":"publish","type":"post","link":"https:\/\/unescochair-ghe.org\/fa\/global-community-health-annual-workshop-first-edition-2\/","title":{"rendered":"Global Community Health Annual Workshop &#8211; first edition 2021"},"content":{"rendered":"\n<p>From 6 to 8 July 2021 the UNESCO Chair and WHO Collaborating Center on Global Health &amp; Education and <a rel=\"noreferrer noopener\" href=\"https:\/\/www.ehesp.fr\/en\/\" target=\"_blank\">EHESP <\/a>organised the first edition of the Global Community Health Annual Workshop. This year\u2019s course was held online and FREE of charge.<\/p>\n\n\n\n<p>For information about:<\/p>\n\n\n\n<ul class=\"wp-block-list\">\n<li><a href=\"https:\/\/unescochair-ghe.org\/the-unesco-chair-ghe\/activities\/global-community-health-annual-workshop\/\">Second edition of the Global Community Health Annual Workshop, 2022<\/a><\/li>\n\n\n\n<li><a href=\"https:\/\/unescochair-ghe.org\/the-unesco-chair-ghe\/activities\/global-community-health-annual-workshop\/review-assignments-first-edition-global-community-health-annual-workshop\/\">Review of participants assignments<\/a><\/li>\n<\/ul>\n\n\n\n<h3 class=\"wp-block-heading\">Aim and audience<\/h3>\n\n\n\n<div class=\"wp-block-columns is-layout-flex wp-container-core-columns-is-layout-9d6595d7 wp-block-columns-is-layout-flex\">\n<div class=\"wp-block-column is-layout-flow wp-block-column-is-layout-flow\" style=\"flex-basis:66.66%\">\n<p>The main aim of the workshop was to explore the diverse practices of community health worldwide, learn from them, and apply those newly acquired skills and knowledge to current\/future projects. We welcomed all those involved in health promotion, prevention, healthcare and social care services:<\/p>\n\n\n\n<ul class=\"wp-block-list\">\n<li>Professionals working in public health institutions, NGOs<\/li>\n\n\n\n<li>Students undertaking a Master or PhD in Public Health or Health Promotion<\/li>\n\n\n\n<li>Researchers and professionals involved in implementation of community health programs<\/li>\n<\/ul>\n<\/div>\n\n\n\n<div class=\"wp-block-column is-layout-flow wp-block-column-is-layout-flow\" style=\"flex-basis:33.33%\"><div class=\"wp-block-image\">\n<figure class=\"aligncenter size-large\"><img decoding=\"async\" width=\"240\" height=\"249\" data-src=\"https:\/\/unescochair-ghe.org\/wp-content\/uploads\/2021\/06\/Image-1.png\" alt=\"\" class=\"wp-image-4127 lazyload\" data-srcset=\"https:\/\/unescochair-ghe.org\/wp-content\/uploads\/2021\/06\/Image-1.png 240w, https:\/\/unescochair-ghe.org\/wp-content\/uploads\/2021\/06\/Image-1-12x12.png 12w\" data-sizes=\"(max-width: 240px) 100vw, 240px\" src=\"data:image\/svg+xml;base64,PHN2ZyB3aWR0aD0iMSIgaGVpZ2h0PSIxIiB4bWxucz0iaHR0cDovL3d3dy53My5vcmcvMjAwMC9zdmciPjwvc3ZnPg==\" style=\"--smush-placeholder-width: 240px; --smush-placeholder-aspect-ratio: 240\/249;\" \/><\/figure>\n<\/div><\/div>\n<\/div>\n\n\n\n<hr class=\"wp-block-separator has-css-opacity is-style-wide\" \/>\n\n\n\n<h3 class=\"wp-block-heading\">Day 1 &#8211; Community health as a practice<\/h3>\n\n\n\n<h4 class=\"wp-block-heading\"><strong>Welcome<\/strong><\/h4>\n\n\n\n<div class=\"wp-block-columns is-layout-flex wp-container-core-columns-is-layout-9d6595d7 wp-block-columns-is-layout-flex\">\n<div class=\"wp-block-column is-vertically-aligned-center is-layout-flow wp-block-column-is-layout-flow\" style=\"flex-basis:33.33%\"><div class=\"wp-block-image is-style-rounded\">\n<figure class=\"aligncenter size-large is-resized\"><img decoding=\"async\" data-src=\"https:\/\/unescochair-ghe.org\/wp-content\/uploads\/2021\/02\/GoofBuijs.jpg\" alt=\"\" class=\"wp-image-3279 lazyload\" width=\"200\" height=\"200\" data-srcset=\"https:\/\/unescochair-ghe.org\/wp-content\/uploads\/2021\/02\/GoofBuijs.jpg 500w, https:\/\/unescochair-ghe.org\/wp-content\/uploads\/2021\/02\/GoofBuijs-300x300.jpg 300w, https:\/\/unescochair-ghe.org\/wp-content\/uploads\/2021\/02\/GoofBuijs-150x150.jpg 150w, https:\/\/unescochair-ghe.org\/wp-content\/uploads\/2021\/02\/GoofBuijs-12x12.jpg 12w\" data-sizes=\"(max-width: 200px) 100vw, 200px\" src=\"data:image\/svg+xml;base64,PHN2ZyB3aWR0aD0iMSIgaGVpZ2h0PSIxIiB4bWxucz0iaHR0cDovL3d3dy53My5vcmcvMjAwMC9zdmciPjwvc3ZnPg==\" style=\"--smush-placeholder-width: 200px; --smush-placeholder-aspect-ratio: 200\/200;\" \/><\/figure>\n<\/div><\/div>\n\n\n\n<div class=\"wp-block-column is-vertically-aligned-center is-layout-flow wp-block-column-is-layout-flow\" style=\"flex-basis:66.66%\">\n<h5 class=\"wp-block-heading\"><strong>Moderator<\/strong><\/h5>\n\n\n\n<p><strong>Goof Buijs<\/strong> is the manager of UNESCO Chair \/ WHO Collaborating Centre Global Health &amp; Education. From 2019 he is director of Global Health &amp; Education Consultancy. His field of expertise is bringing health and education together. He is an experienced networker, expert in creating and leading international projects focused on prevention and youth, innovator, trainer and facilitator of events and conferences. He supports cooperation among people, focusing on everyone\u2019s talents and uniqueness.<\/p>\n<\/div>\n<\/div>\n\n\n\n<div class=\"wp-block-columns is-layout-flex wp-container-core-columns-is-layout-9d6595d7 wp-block-columns-is-layout-flex\">\n<div class=\"wp-block-column is-vertically-aligned-center is-layout-flow wp-block-column-is-layout-flow\" style=\"flex-basis:33.33%\"><div class=\"wp-block-image is-style-rounded\">\n<figure class=\"aligncenter size-large is-resized\"><img decoding=\"async\" data-src=\"https:\/\/unescochair-ghe.org\/wp-content\/uploads\/2021\/07\/BRETON_Eric_web-2-edited.jpg\" alt=\"\" class=\"wp-image-4167 lazyload\" width=\"200\" height=\"200\" data-srcset=\"https:\/\/unescochair-ghe.org\/wp-content\/uploads\/2021\/07\/BRETON_Eric_web-2-edited.jpg 779w, https:\/\/unescochair-ghe.org\/wp-content\/uploads\/2021\/07\/BRETON_Eric_web-2-edited-300x300.jpg 300w, https:\/\/unescochair-ghe.org\/wp-content\/uploads\/2021\/07\/BRETON_Eric_web-2-edited-150x150.jpg 150w, https:\/\/unescochair-ghe.org\/wp-content\/uploads\/2021\/07\/BRETON_Eric_web-2-edited-768x768.jpg 768w, https:\/\/unescochair-ghe.org\/wp-content\/uploads\/2021\/07\/BRETON_Eric_web-2-edited-12x12.jpg 12w, https:\/\/unescochair-ghe.org\/wp-content\/uploads\/2021\/07\/BRETON_Eric_web-2-edited-512x512.jpg 512w\" data-sizes=\"(max-width: 200px) 100vw, 200px\" src=\"data:image\/svg+xml;base64,PHN2ZyB3aWR0aD0iMSIgaGVpZ2h0PSIxIiB4bWxucz0iaHR0cDovL3d3dy53My5vcmcvMjAwMC9zdmciPjwvc3ZnPg==\" style=\"--smush-placeholder-width: 200px; --smush-placeholder-aspect-ratio: 200\/200;\" \/><\/figure>\n<\/div><\/div>\n\n\n\n<div class=\"wp-block-column is-layout-flow wp-block-column-is-layout-flow\" style=\"flex-basis:66.66%\">\n<p><strong>Eric Breton<\/strong>, a Canadian, is professor of health promotion at the EHESP School of public health. Before settling in France, he acquired a broad international experience in research in Canada, Australia and the United Arab Emirates. His main research interests focus on policy advocacy strategies in the prevention of NCDs, evaluation of complex community-based interventions, and on local capacity building strategies for health and equity. He is an affiliated researcher of the <em>UNESCO Chair Global Health &amp; Education<\/em>, an Associated Editor for the journal <em>Health Education and Behavior,<\/em> he also sits on different national and regional expert groups such as the <em>High Council for Public Health<\/em> (HCSP). In 2020, he published with three other editors the second edition of the first health promotion handbook in French, a publication that has mobilized contributions from 40 authors from 6 countries.<\/p>\n<\/div>\n<\/div>\n\n\n\n<div class=\"wp-block-columns is-layout-flex wp-container-core-columns-is-layout-9d6595d7 wp-block-columns-is-layout-flex\">\n<div class=\"wp-block-column is-layout-flow wp-block-column-is-layout-flow\" style=\"flex-basis:33.33%\">\n<figure class=\"wp-block-embed is-type-video is-provider-youtube wp-block-embed-youtube wp-embed-aspect-16-9 wp-has-aspect-ratio\"><div class=\"wp-block-embed__wrapper\">\n<iframe title=\"Introduction Global Community Health Annual Workshop 2021 with Laurent Chambaud and Liane Comeau\" width=\"1233\" height=\"694\" data-src=\"https:\/\/www.youtube.com\/embed\/MFWE2fJJECQ?feature=oembed\" frameborder=\"0\" allow=\"accelerometer; autoplay; clipboard-write; encrypted-media; gyroscope; picture-in-picture; web-share\" referrerpolicy=\"strict-origin-when-cross-origin\" allowfullscreen src=\"data:image\/svg+xml;base64,PHN2ZyB3aWR0aD0iMSIgaGVpZ2h0PSIxIiB4bWxucz0iaHR0cDovL3d3dy53My5vcmcvMjAwMC9zdmciPjwvc3ZnPg==\" class=\"lazyload\" data-load-mode=\"1\"><\/iframe>\n<\/div><\/figure>\n<\/div>\n\n\n\n<div class=\"wp-block-column is-layout-flow wp-block-column-is-layout-flow\" style=\"flex-basis:66.66%\">\n<p><strong>Didier Jourdan<\/strong> &#8211; Chair holder UNESCO Chair and head of the WHO Collaborating Center Global Health &amp; Education, France <\/p>\n\n\n\n<p><strong>Laurent Chambaud<\/strong> &#8211; Dean of EHESP School of public health, Rennes, France<\/p>\n\n\n\n<p><strong>Liane Comeau<\/strong> &#8211; Executive Director International Union for Health Promotion and Education (IUHPE)<\/p>\n<\/div>\n<\/div>\n\n\n\n<h4 class=\"wp-block-heading\"><strong>Community health as a field of practices<\/strong><\/h4>\n\n\n\n<div class=\"wp-block-columns is-layout-flex wp-container-core-columns-is-layout-9d6595d7 wp-block-columns-is-layout-flex\">\n<div class=\"wp-block-column is-vertically-aligned-center is-layout-flow wp-block-column-is-layout-flow\" style=\"flex-basis:33.33%\"><div class=\"wp-block-image is-style-rounded\">\n<figure class=\"aligncenter size-full is-resized\"><img decoding=\"async\" data-src=\"https:\/\/unescochair-ghe.org\/wp-content\/uploads\/2021\/06\/Didier-JOURDAN-photo-edited.jpg\" alt=\"\" class=\"wp-image-4069 lazyload\" width=\"200\" height=\"200\" data-srcset=\"https:\/\/unescochair-ghe.org\/wp-content\/uploads\/2021\/06\/Didier-JOURDAN-photo-edited.jpg 268w, https:\/\/unescochair-ghe.org\/wp-content\/uploads\/2021\/06\/Didier-JOURDAN-photo-edited-150x150.jpg 150w, https:\/\/unescochair-ghe.org\/wp-content\/uploads\/2021\/06\/Didier-JOURDAN-photo-edited-12x12.jpg 12w\" data-sizes=\"(max-width: 200px) 100vw, 200px\" src=\"data:image\/svg+xml;base64,PHN2ZyB3aWR0aD0iMSIgaGVpZ2h0PSIxIiB4bWxucz0iaHR0cDovL3d3dy53My5vcmcvMjAwMC9zdmciPjwvc3ZnPg==\" style=\"--smush-placeholder-width: 200px; --smush-placeholder-aspect-ratio: 200\/200;\" \/><\/figure>\n<\/div><\/div>\n\n\n\n<div class=\"wp-block-column is-vertically-aligned-center is-layout-flow wp-block-column-is-layout-flow\" style=\"flex-basis:66.66%\">\n<p><strong>Didier Jourdan <\/strong>is the chair holder of the UNESCO chair &#8220;Global Health &amp; Education&#8221; and head of the WHO collaborating center for \u201cResearch in Education &amp; Health\u201d. He is full Professor, former Dean of the Faculty of Education and Vice-President of Clermont-Auvergne University in France. Website of the UNESCO chair and WHO collaborating Centre <a href=\"https:\/\/unescochair-ghe.org\/\">https:\/\/unescochair-ghe.org\/<\/a> Personal website: <a href=\"http:\/\/didier-jourdan.com\/\">http:\/\/didier-jourdan.com\/<\/a><\/p>\n<\/div>\n<\/div>\n\n\n\n<div class=\"wp-block-columns is-layout-flex wp-container-core-columns-is-layout-9d6595d7 wp-block-columns-is-layout-flex\">\n<div class=\"wp-block-column is-layout-flow wp-block-column-is-layout-flow\" style=\"flex-basis:33.33%\">\n<figure class=\"wp-block-embed is-type-video is-provider-youtube wp-block-embed-youtube wp-embed-aspect-16-9 wp-has-aspect-ratio\"><div class=\"wp-block-embed__wrapper\">\n<iframe title=\"Didier Jourdan - Community health as a field of practices - 2021\" width=\"1233\" height=\"694\" data-src=\"https:\/\/www.youtube.com\/embed\/UBZWkGHZIgE?feature=oembed\" frameborder=\"0\" allow=\"accelerometer; autoplay; clipboard-write; encrypted-media; gyroscope; picture-in-picture; web-share\" referrerpolicy=\"strict-origin-when-cross-origin\" allowfullscreen src=\"data:image\/svg+xml;base64,PHN2ZyB3aWR0aD0iMSIgaGVpZ2h0PSIxIiB4bWxucz0iaHR0cDovL3d3dy53My5vcmcvMjAwMC9zdmciPjwvc3ZnPg==\" class=\"lazyload\" data-load-mode=\"1\"><\/iframe>\n<\/div><\/figure>\n\n\n\n<p class=\"has-text-align-center\"><a href=\"https:\/\/unescochair-ghe.org\/wp-content\/uploads\/2021\/07\/Didier-Jourdan.pdf\" target=\"_blank\" rel=\"noreferrer noopener\">Download the PPT from Didier Jourdan<\/a><\/p>\n<\/div>\n\n\n\n<div class=\"wp-block-column is-layout-flow wp-block-column-is-layout-flow\" style=\"flex-basis:66.66%\">\n<p><\/p>\n<\/div>\n<\/div>\n\n\n\n<div style=\"height:9px\" aria-hidden=\"true\" class=\"wp-block-spacer\"><\/div>\n\n\n\n<h4 class=\"wp-block-heading\"><strong>Empower communities to effectively control and prevent child malaria in Sub-Saharan Africa<\/strong><\/h4>\n\n\n\n<div class=\"wp-block-columns is-layout-flex wp-container-core-columns-is-layout-9d6595d7 wp-block-columns-is-layout-flex\">\n<div class=\"wp-block-column is-vertically-aligned-center is-layout-flow wp-block-column-is-layout-flow\" style=\"flex-basis:33.33%\"><div class=\"wp-block-image is-style-rounded\">\n<figure class=\"aligncenter size-medium is-resized\"><img decoding=\"async\" data-src=\"https:\/\/unescochair-ghe.org\/wp-content\/uploads\/2021\/07\/Houeto_1-edited-1-300x300.jpg\" alt=\"\" class=\"wp-image-4195 lazyload\" width=\"200\" height=\"200\" data-srcset=\"https:\/\/unescochair-ghe.org\/wp-content\/uploads\/2021\/07\/Houeto_1-edited-1-300x300.jpg 300w, https:\/\/unescochair-ghe.org\/wp-content\/uploads\/2021\/07\/Houeto_1-edited-1-1024x1024.jpg 1024w, https:\/\/unescochair-ghe.org\/wp-content\/uploads\/2021\/07\/Houeto_1-edited-1-150x150.jpg 150w, https:\/\/unescochair-ghe.org\/wp-content\/uploads\/2021\/07\/Houeto_1-edited-1-768x766.jpg 768w, https:\/\/unescochair-ghe.org\/wp-content\/uploads\/2021\/07\/Houeto_1-edited-1-1536x1532.jpg 1536w, https:\/\/unescochair-ghe.org\/wp-content\/uploads\/2021\/07\/Houeto_1-edited-1-2048x2043.jpg 2048w, https:\/\/unescochair-ghe.org\/wp-content\/uploads\/2021\/07\/Houeto_1-edited-1-12x12.jpg 12w, https:\/\/unescochair-ghe.org\/wp-content\/uploads\/2021\/07\/Houeto_1-edited-1-301x300.jpg 301w, https:\/\/unescochair-ghe.org\/wp-content\/uploads\/2021\/07\/Houeto_1-edited-1-512x512.jpg 512w\" data-sizes=\"(max-width: 200px) 100vw, 200px\" src=\"data:image\/svg+xml;base64,PHN2ZyB3aWR0aD0iMSIgaGVpZ2h0PSIxIiB4bWxucz0iaHR0cDovL3d3dy53My5vcmcvMjAwMC9zdmciPjwvc3ZnPg==\" style=\"--smush-placeholder-width: 200px; --smush-placeholder-aspect-ratio: 200\/200;\" \/><\/figure>\n<\/div><\/div>\n\n\n\n<div class=\"wp-block-column is-vertically-aligned-center is-layout-flow wp-block-column-is-layout-flow\" style=\"flex-basis:66.66%\">\n<p><strong>David Houeto<\/strong>, Medical Doctor, holds a Masters degree in Public Nutrition and Health System Organization and a PhD in Health Promotion. He is currently Associate Professor in Health Promotion and Social Determinants of Health (School of Public Health, University of Parakou, Benin), where he launched the first regional Francophone Africa Masters course in Health Promotion in 2013 with an online version since 2019 in collaboration with AUF (Agence Universitaire Francophone), UQAM (Universit\u00e9 du Qu\u00e9bec \u00e0 Montr\u00e9al) and UniGe (University of Geneva). He is the current President of the International Francophone Network for Health Promotion (REFIPS, www.refips.org). His main research interests include community development\/engagement including health literacy, health in all policies, healthy settings programs and health system strengthening with health promotion approach. He is author of many books and book chapters all focusing on the Health Promotion development in Africa.<\/p>\n<\/div>\n<\/div>\n\n\n\n<div class=\"wp-block-columns is-layout-flex wp-container-core-columns-is-layout-9d6595d7 wp-block-columns-is-layout-flex\">\n<div class=\"wp-block-column is-layout-flow wp-block-column-is-layout-flow\" style=\"flex-basis:33.33%\">\n<figure class=\"wp-block-embed is-type-video is-provider-youtube wp-block-embed-youtube wp-embed-aspect-16-9 wp-has-aspect-ratio\"><div class=\"wp-block-embed__wrapper\">\n<iframe title=\"David Houeto - Empower comm. to effectively control &amp; prevent child malaria in Sub-Saharan Africa\" width=\"1233\" height=\"694\" data-src=\"https:\/\/www.youtube.com\/embed\/A20tYIiotMM?feature=oembed\" frameborder=\"0\" allow=\"accelerometer; autoplay; clipboard-write; encrypted-media; gyroscope; picture-in-picture; web-share\" referrerpolicy=\"strict-origin-when-cross-origin\" allowfullscreen src=\"data:image\/svg+xml;base64,PHN2ZyB3aWR0aD0iMSIgaGVpZ2h0PSIxIiB4bWxucz0iaHR0cDovL3d3dy53My5vcmcvMjAwMC9zdmciPjwvc3ZnPg==\" class=\"lazyload\" data-load-mode=\"1\"><\/iframe>\n<\/div><\/figure>\n\n\n\n<p class=\"has-text-align-center\"><a href=\"https:\/\/unescochair-ghe.org\/wp-content\/uploads\/2021\/07\/David-Houeto-1.pdf\" target=\"_blank\" rel=\"noreferrer noopener\">Download the PPT of David Houeto<\/a><\/p>\n<\/div>\n\n\n\n<div class=\"wp-block-column is-layout-flow wp-block-column-is-layout-flow\" style=\"flex-basis:66.66%\">\n<p><strong>Summary<\/strong>: Malaria remains a vital concern of child survival in sub-Saharan Africa despite the existence of effective curative and preventive measures. It is known that child malaria is underpinned by factors such as socioeconomic, cultural, environmental etc. that must be considered simultaneously in order to effectively control it. This study applied to a rural community in Benin (West Africa) the Health Promotion concept (community participation and empowerment, contextualism, intersectorality, multistrategy, equity, and sustainability) to develop a programme in order to control child malaria and closing the gap of unsuccessfully programmes. The study design was a quasi-experimental pre-post conducted over a period of 27 months. As results, 80% of the community members participated in six of the seven sub-projects planned. The prevalence of fever (malaria) was significantly reduced after the intervention (P= 0,008). The recourse to adequate health care has significantly increased after the intervention (\uf063\u00b2= 48.07, P&lt; 0.001). All these contributed to a statistically significant reduction of children deaths due to malaria (P= 0,001) in the village. Health Promotion strategies are likely to contribute to sustainable malaria programmes\u2019 implementation that reduce malaria incidence and deaths in children under five.<\/p>\n<\/div>\n<\/div>\n\n\n\n<hr class=\"wp-block-separator has-css-opacity is-style-dots\" \/>\n\n\n\n<h3 class=\"wp-block-heading\">Day 2 &#8211; Mobilizing communities<\/h3>\n\n\n\n<h4 class=\"wp-block-heading\"><strong>Exploring the complexity of asset-based approaches as a key strategy to mobilise communities<\/strong><\/h4>\n\n\n\n<div class=\"wp-block-columns is-layout-flex wp-container-core-columns-is-layout-9d6595d7 wp-block-columns-is-layout-flex\">\n<div class=\"wp-block-column is-vertically-aligned-center is-layout-flow wp-block-column-is-layout-flow\" style=\"flex-basis:33.33%\"><div class=\"wp-block-image is-style-rounded\">\n<figure class=\"aligncenter size-medium is-resized\"><img decoding=\"async\" data-src=\"https:\/\/unescochair-ghe.org\/wp-content\/uploads\/2021\/06\/viola-casetti-edited-300x300.jpg\" alt=\"\" class=\"wp-image-4108 lazyload\" width=\"200\" height=\"200\" data-srcset=\"https:\/\/unescochair-ghe.org\/wp-content\/uploads\/2021\/06\/viola-casetti-edited-300x300.jpg 300w, https:\/\/unescochair-ghe.org\/wp-content\/uploads\/2021\/06\/viola-casetti-edited-1024x1024.jpg 1024w, https:\/\/unescochair-ghe.org\/wp-content\/uploads\/2021\/06\/viola-casetti-edited-150x150.jpg 150w, https:\/\/unescochair-ghe.org\/wp-content\/uploads\/2021\/06\/viola-casetti-edited-768x769.jpg 768w, https:\/\/unescochair-ghe.org\/wp-content\/uploads\/2021\/06\/viola-casetti-edited-12x12.jpg 12w, https:\/\/unescochair-ghe.org\/wp-content\/uploads\/2021\/06\/viola-casetti-edited-512x512.jpg 512w, https:\/\/unescochair-ghe.org\/wp-content\/uploads\/2021\/06\/viola-casetti-edited.jpg 1162w\" data-sizes=\"(max-width: 200px) 100vw, 200px\" src=\"data:image\/svg+xml;base64,PHN2ZyB3aWR0aD0iMSIgaGVpZ2h0PSIxIiB4bWxucz0iaHR0cDovL3d3dy53My5vcmcvMjAwMC9zdmciPjwvc3ZnPg==\" style=\"--smush-placeholder-width: 200px; --smush-placeholder-aspect-ratio: 200\/200;\" \/><\/figure>\n<\/div><\/div>\n\n\n\n<div class=\"wp-block-column is-vertically-aligned-center is-layout-flow wp-block-column-is-layout-flow\" style=\"flex-basis:66.66%\">\n<p><strong>Viola Cassetti<\/strong> is a public health researcher and anthropologist, specialised in community health promotion initiatives, in particular with a focus on qualitative and participatory methodologies. She has worked in community development in Latin America and in applied research in primary care and public health in the UK and Spain. She recently completed her PhD in Public Health at the University of Sheffield (UK) on asset-based approaches in communities. She currently works in a project to evaluate the implementation of community engagement guidelines in Spain and collaborates with local authorities to promote community action in health from a participatory and interdisciplinary approach.<\/p>\n<\/div>\n<\/div>\n\n\n\n<div class=\"wp-block-columns is-layout-flex wp-container-core-columns-is-layout-9d6595d7 wp-block-columns-is-layout-flex\">\n<div class=\"wp-block-column is-layout-flow wp-block-column-is-layout-flow\" style=\"flex-basis:33.33%\">\n<figure class=\"wp-block-embed is-type-video is-provider-youtube wp-block-embed-youtube wp-embed-aspect-16-9 wp-has-aspect-ratio\"><div class=\"wp-block-embed__wrapper\">\n<iframe title=\"Viola Cassetti - Exploring complexity of asset-based approaches as strategy to mobilise communities\" width=\"1233\" height=\"694\" data-src=\"https:\/\/www.youtube.com\/embed\/MSOW-hHswns?feature=oembed\" frameborder=\"0\" allow=\"accelerometer; autoplay; clipboard-write; encrypted-media; gyroscope; picture-in-picture; web-share\" referrerpolicy=\"strict-origin-when-cross-origin\" allowfullscreen src=\"data:image\/svg+xml;base64,PHN2ZyB3aWR0aD0iMSIgaGVpZ2h0PSIxIiB4bWxucz0iaHR0cDovL3d3dy53My5vcmcvMjAwMC9zdmciPjwvc3ZnPg==\" class=\"lazyload\" data-load-mode=\"1\"><\/iframe>\n<\/div><\/figure>\n\n\n\n<p class=\"has-text-align-center\"><a href=\"https:\/\/unescochair-ghe.org\/wp-content\/uploads\/2021\/07\/unesco-workshop-VIOLA-copy-to-share-1.pdf\" target=\"_blank\" rel=\"noreferrer noopener\">Download the PPT from Viola Cassetti<\/a><\/p>\n<\/div>\n\n\n\n<div class=\"wp-block-column is-layout-flow wp-block-column-is-layout-flow\" style=\"flex-basis:66.66%\">\n<p><strong>Summary<\/strong>: In recent years, asset-based approaches have been increasingly adopted by health promotion workers and researchers as the underpinning paradigm of community-based initiatives. However, asset-based approaches draw on various theories on community health and their implementation can take up a variety of forms. This lecture will introduce the major theories underpinning asset-based approaches and explore how they are translated into practice when designing a community-based initiative, with a specific focus on the role of assets when identifying and tackling health needs.&nbsp;&nbsp;<\/p>\n<\/div>\n<\/div>\n\n\n\n<h4 class=\"wp-block-heading\"><strong>Experience of Health Promoters in local communities in South Africa<\/strong><\/h4>\n\n\n\n<div class=\"wp-block-columns is-layout-flex wp-container-core-columns-is-layout-9d6595d7 wp-block-columns-is-layout-flex\">\n<div class=\"wp-block-column is-vertically-aligned-center is-layout-flow wp-block-column-is-layout-flow\" style=\"flex-basis:33.33%\"><div class=\"wp-block-image is-style-rounded\">\n<figure class=\"aligncenter size-large is-resized\"><img decoding=\"async\" data-src=\"https:\/\/unescochair-ghe.org\/wp-content\/uploads\/2021\/06\/George-Arrey-edited-1.png\" alt=\"\" class=\"wp-image-4123 lazyload\" width=\"200\" height=\"200\" data-srcset=\"https:\/\/unescochair-ghe.org\/wp-content\/uploads\/2021\/06\/George-Arrey-edited-1.png 206w, https:\/\/unescochair-ghe.org\/wp-content\/uploads\/2021\/06\/George-Arrey-edited-1-150x150.png 150w, https:\/\/unescochair-ghe.org\/wp-content\/uploads\/2021\/06\/George-Arrey-edited-1-12x12.png 12w\" data-sizes=\"(max-width: 200px) 100vw, 200px\" src=\"data:image\/svg+xml;base64,PHN2ZyB3aWR0aD0iMSIgaGVpZ2h0PSIxIiB4bWxucz0iaHR0cDovL3d3dy53My5vcmcvMjAwMC9zdmciPjwvc3ZnPg==\" style=\"--smush-placeholder-width: 200px; --smush-placeholder-aspect-ratio: 200\/200;\" \/><\/figure>\n<\/div><\/div>\n\n\n\n<div class=\"wp-block-column is-vertically-aligned-center is-layout-flow wp-block-column-is-layout-flow\" style=\"flex-basis:66.66%\">\n<p><strong>George Arrey<\/strong> is the chief executive officer of Health Promotion South Africa Trust in South Africa. He is a certified senior health promotor. Has a BA in Health Sciences and Social services (Community and Health Psychology) and a BA Hons (Community and health Psychology). He has worked as general trader, as community development coordinator and health educator. <\/p>\n<\/div>\n<\/div>\n\n\n\n<div class=\"wp-block-columns is-layout-flex wp-container-core-columns-is-layout-9d6595d7 wp-block-columns-is-layout-flex\">\n<div class=\"wp-block-column is-layout-flow wp-block-column-is-layout-flow\" style=\"flex-basis:33.33%\">\n<figure class=\"wp-block-embed aligncenter is-type-video is-provider-youtube wp-block-embed-youtube wp-embed-aspect-16-9 wp-has-aspect-ratio\"><div class=\"wp-block-embed__wrapper\">\n<iframe title=\"George Arrey - Experience of Health Promoters in local communities in South Africa -2021\" width=\"1233\" height=\"694\" data-src=\"https:\/\/www.youtube.com\/embed\/9Qt22CHveKA?feature=oembed\" frameborder=\"0\" allow=\"accelerometer; autoplay; clipboard-write; encrypted-media; gyroscope; picture-in-picture; web-share\" referrerpolicy=\"strict-origin-when-cross-origin\" allowfullscreen src=\"data:image\/svg+xml;base64,PHN2ZyB3aWR0aD0iMSIgaGVpZ2h0PSIxIiB4bWxucz0iaHR0cDovL3d3dy53My5vcmcvMjAwMC9zdmciPjwvc3ZnPg==\" class=\"lazyload\" data-load-mode=\"1\"><\/iframe>\n<\/div><\/figure>\n\n\n\n<p class=\"has-text-align-center\"><a rel=\"noreferrer noopener\" href=\"https:\/\/unescochair-ghe.org\/wp-content\/uploads\/2021\/07\/COMMUNITY-HEALTH-PRESENTATION-AA.pptx\" target=\"_blank\">Download the PP<\/a><a href=\"https:\/\/unescochair-ghe.org\/wp-content\/uploads\/2021\/07\/COMMUNITY-HEALTH-PRESENTATION-AA.pptx\" target=\"_blank\" rel=\"noreferrer noopener\">T<\/a><a rel=\"noreferrer noopener\" href=\"https:\/\/unescochair-ghe.org\/wp-content\/uploads\/2021\/07\/COMMUNITY-HEALTH-PRESENTATION-AA.pptx\" target=\"_blank\"> from George Arrey<\/a><\/p>\n<\/div>\n\n\n\n<div class=\"wp-block-column is-layout-flow wp-block-column-is-layout-flow\" style=\"flex-basis:66.66%\">\n<p><strong>Summary<\/strong>: The Health Promoters Logic Model of Health Education has been developed and implemented for the last 15 years plus. It is based on the practical optimization of community resources and assets to create awareness and conscientize the local community about the endemic health issues of their context, and through participatory action, plan, implement and evaluate, together with the target community, an intervention project suitable to alleviate and\/or manage these health issues. It\u2019s main area of focus is primary prevention. The latter is crucial to lighten the burden on secondary and tertiary prevention. The following key aspects are involved in the process: Situational analysis of the target community; Needs assessment of the target community; Identification of local resources and assets; Identification of role players and their inputs; Assessment of throughputs and timeline; Implementation; Evaluation of short-term and long -term outcomes; and, Creation of impact.<\/p>\n<\/div>\n<\/div>\n\n\n\n<h4 class=\"wp-block-heading\"><strong><strong>Providing sense to diversity in health settings.&nbsp;An experience from Argentina<\/strong><\/strong><\/h4>\n\n\n\n<div class=\"wp-block-columns is-layout-flex wp-container-core-columns-is-layout-9d6595d7 wp-block-columns-is-layout-flex\">\n<div class=\"wp-block-column is-vertically-aligned-center is-layout-flow wp-block-column-is-layout-flow\" style=\"flex-basis:33.33%\"><div class=\"wp-block-image is-style-rounded\">\n<figure class=\"aligncenter size-medium is-resized\"><img decoding=\"async\" data-src=\"https:\/\/unescochair-ghe.org\/wp-content\/uploads\/2021\/07\/Raul-Mercer-edited-300x300.jpg\" alt=\"\" class=\"wp-image-4200 lazyload\" width=\"200\" height=\"200\" data-srcset=\"https:\/\/unescochair-ghe.org\/wp-content\/uploads\/2021\/07\/Raul-Mercer-edited-300x300.jpg 300w, https:\/\/unescochair-ghe.org\/wp-content\/uploads\/2021\/07\/Raul-Mercer-edited-1020x1024.jpg 1020w, https:\/\/unescochair-ghe.org\/wp-content\/uploads\/2021\/07\/Raul-Mercer-edited-150x150.jpg 150w, https:\/\/unescochair-ghe.org\/wp-content\/uploads\/2021\/07\/Raul-Mercer-edited-768x771.jpg 768w, https:\/\/unescochair-ghe.org\/wp-content\/uploads\/2021\/07\/Raul-Mercer-edited-1529x1536.jpg 1529w, https:\/\/unescochair-ghe.org\/wp-content\/uploads\/2021\/07\/Raul-Mercer-edited-2039x2048.jpg 2039w, https:\/\/unescochair-ghe.org\/wp-content\/uploads\/2021\/07\/Raul-Mercer-edited-12x12.jpg 12w, https:\/\/unescochair-ghe.org\/wp-content\/uploads\/2021\/07\/Raul-Mercer-edited-299x300.jpg 299w, https:\/\/unescochair-ghe.org\/wp-content\/uploads\/2021\/07\/Raul-Mercer-edited-512x512.jpg 512w, https:\/\/unescochair-ghe.org\/wp-content\/uploads\/2021\/07\/Raul-Mercer-edited-1024x1024.jpg 1024w\" data-sizes=\"(max-width: 200px) 100vw, 200px\" src=\"data:image\/svg+xml;base64,PHN2ZyB3aWR0aD0iMSIgaGVpZ2h0PSIxIiB4bWxucz0iaHR0cDovL3d3dy53My5vcmcvMjAwMC9zdmciPjwvc3ZnPg==\" style=\"--smush-placeholder-width: 200px; --smush-placeholder-aspect-ratio: 200\/200;\" \/><\/figure>\n<\/div><\/div>\n\n\n\n<div class=\"wp-block-column is-vertically-aligned-center is-layout-flow wp-block-column-is-layout-flow\" style=\"flex-basis:66.66%\">\n<p><strong>Raul Mercer, <\/strong>Coordinator of the Program of Social Sciences and Health at FLACSO (Latin American School of Social Sciences), Buenos Aires, Argentina. He graduated as a medical doctor from the National University of La Plata, Argentina. Specialist in Paediatrics and Child Care and has a Master of Science (Epidemiology),University of Madison, USA. Consultant for different international agencies and government bodies on child, adolescent and women&#8217;s health issues. Researcher in projects on maternal mortality, infant malnutrition, health care practices during the perinatal period, reproductive health policies. Member of the Social Sciences and Health Programme of FLACSO, Argentina, where he develops teaching activities in Health Promotion.<\/p>\n<\/div>\n<\/div>\n\n\n\n<div class=\"wp-block-columns is-layout-flex wp-container-core-columns-is-layout-9d6595d7 wp-block-columns-is-layout-flex\">\n<div class=\"wp-block-column is-layout-flow wp-block-column-is-layout-flow\" style=\"flex-basis:100%\">\n<div class=\"wp-block-columns is-layout-flex wp-container-core-columns-is-layout-9d6595d7 wp-block-columns-is-layout-flex\">\n<div class=\"wp-block-column is-vertically-aligned-top is-layout-flow wp-block-column-is-layout-flow\" style=\"flex-basis:33.33%\">\n<figure class=\"wp-block-embed is-type-video is-provider-youtube wp-block-embed-youtube wp-embed-aspect-16-9 wp-has-aspect-ratio\"><div class=\"wp-block-embed__wrapper\">\n<iframe title=\"Raul Mercer - Providing sense to diversity in health settings. An experience from Argentina - 2021\" width=\"1233\" height=\"694\" data-src=\"https:\/\/www.youtube.com\/embed\/Fvs20MMtIwo?feature=oembed\" frameborder=\"0\" allow=\"accelerometer; autoplay; clipboard-write; encrypted-media; gyroscope; picture-in-picture; web-share\" referrerpolicy=\"strict-origin-when-cross-origin\" allowfullscreen src=\"data:image\/svg+xml;base64,PHN2ZyB3aWR0aD0iMSIgaGVpZ2h0PSIxIiB4bWxucz0iaHR0cDovL3d3dy53My5vcmcvMjAwMC9zdmciPjwvc3ZnPg==\" class=\"lazyload\" data-load-mode=\"1\"><\/iframe>\n<\/div><\/figure>\n\n\n\n<p class=\"has-text-align-center\"><a rel=\"noreferrer noopener\" href=\"https:\/\/unescochair-ghe.org\/wp-content\/uploads\/2021\/07\/Diversity-in-Health_Mercer.pdf\" target=\"_blank\">Download the PPT of Raul Mercer<\/a><\/p>\n<\/div>\n\n\n\n<div class=\"wp-block-column is-vertically-aligned-top is-layout-flow wp-block-column-is-layout-flow\" style=\"flex-basis:66.66%\">\n<p><strong>Summary<\/strong>: When we refer to the differences that occur in a society, in a didactic way we could infer two types of differences: 1. Those that are the product of the constitutive diversity of a population, 2. Those that are the result of injustices generated by the humankind and that adopt different forms of expression such as inequities, inequalities, injustices, discrimination and social exclusion, among others. In turn, the two types of differences can interact with each other through its intersectionalities, an expression of the heterogeneous behavior of social determinants when considering contexts and population groups. We will address the following questions:<\/p>\n\n\n\n<ul class=\"wp-block-list\">\n<li>How do we understand diversity in the field of health?<\/li>\n\n\n\n<li>Why do we give importance to diversity as the axis of development of professional practices?<\/li>\n\n\n\n<li>How to make the concept of diversity tangible through research, extension and teaching activities?<\/li>\n<\/ul>\n<\/div>\n<\/div>\n<\/div>\n<\/div>\n\n\n\n<hr class=\"wp-block-separator has-css-opacity is-style-dots\" \/>\n\n\n\n<h3 class=\"wp-block-heading\">Day 3 &#8211; Promoting \/ advancing health and well-being<\/h3>\n\n\n\n<h4 class=\"wp-block-heading\"><strong>Access to health care for the worst-off: strengths and limitations of action research in West Africa<\/strong><\/h4>\n\n\n\n<div class=\"wp-block-columns is-layout-flex wp-container-core-columns-is-layout-9d6595d7 wp-block-columns-is-layout-flex\">\n<div class=\"wp-block-column is-layout-flow wp-block-column-is-layout-flow\" style=\"flex-basis:33.33%\"><div class=\"wp-block-image is-style-rounded\">\n<figure class=\"aligncenter size-full is-resized\"><img decoding=\"async\" data-src=\"https:\/\/unescochair-ghe.org\/wp-content\/uploads\/2021\/06\/Valery-Ridde.jpg\" alt=\"\" class=\"wp-image-4068 lazyload\" width=\"200\" height=\"200\" data-srcset=\"https:\/\/unescochair-ghe.org\/wp-content\/uploads\/2021\/06\/Valery-Ridde-150x150.jpg 150w, https:\/\/unescochair-ghe.org\/wp-content\/uploads\/2021\/06\/Valery-Ridde-12x12.jpg 12w, https:\/\/unescochair-ghe.org\/wp-content\/uploads\/2021\/06\/Valery-Ridde-512x512.jpg 512w\" data-sizes=\"(max-width: 200px) 100vw, 200px\" src=\"data:image\/svg+xml;base64,PHN2ZyB3aWR0aD0iMSIgaGVpZ2h0PSIxIiB4bWxucz0iaHR0cDovL3d3dy53My5vcmcvMjAwMC9zdmciPjwvc3ZnPg==\" style=\"--smush-placeholder-width: 200px; --smush-placeholder-aspect-ratio: 200\/200;\" \/><\/figure>\n<\/div><\/div>\n\n\n\n<div class=\"wp-block-column is-vertically-aligned-center is-layout-flow wp-block-column-is-layout-flow\" style=\"flex-basis:66.66%\">\n<p><strong>Val\u00e9ry Ridde<\/strong> is Director of Research at CEPED (http:\/\/www.ceped.org), a Joint Research Unit involving the University of Paris and the Institut de Recherche pour le D\u00e9veloppement (IRD). He was Associate Professor at the School of Public Health at the University of Montreal. He is currently hosting the Institute of Health and Development at the Cheikh Anta Diop University of Dakar (Senegal). His research work focuses on universal health coverage, health service financing, program evaluation, public health policies and health promotion.<\/p>\n<\/div>\n<\/div>\n\n\n\n<div class=\"wp-block-columns is-layout-flex wp-container-core-columns-is-layout-9d6595d7 wp-block-columns-is-layout-flex\">\n<div class=\"wp-block-column is-layout-flow wp-block-column-is-layout-flow\" style=\"flex-basis:33.33%\">\n<figure class=\"wp-block-embed is-type-video is-provider-youtube wp-block-embed-youtube wp-embed-aspect-16-9 wp-has-aspect-ratio\"><div class=\"wp-block-embed__wrapper\">\n<iframe title=\"Val\u00e9ry Ridde - Access to health care for worst-off: action research in West Africa - 2021\" width=\"1233\" height=\"694\" data-src=\"https:\/\/www.youtube.com\/embed\/4eTLdHa_Ghg?feature=oembed\" frameborder=\"0\" allow=\"accelerometer; autoplay; clipboard-write; encrypted-media; gyroscope; picture-in-picture; web-share\" referrerpolicy=\"strict-origin-when-cross-origin\" allowfullscreen src=\"data:image\/svg+xml;base64,PHN2ZyB3aWR0aD0iMSIgaGVpZ2h0PSIxIiB4bWxucz0iaHR0cDovL3d3dy53My5vcmcvMjAwMC9zdmciPjwvc3ZnPg==\" class=\"lazyload\" data-load-mode=\"1\"><\/iframe>\n<\/div><\/figure>\n\n\n\n<p class=\"has-text-align-center\"><a href=\"https:\/\/unescochair-ghe.org\/wp-content\/uploads\/2021\/07\/Valery-Ridde.pdf\" target=\"_blank\" rel=\"noreferrer noopener\">Download the PPT from Val\u00e9ry Ridde<\/a><\/p>\n<\/div>\n\n\n\n<div class=\"wp-block-column is-layout-flow wp-block-column-is-layout-flow\" style=\"flex-basis:66.66%\">\n<p><strong>Summary<\/strong>: Most health systems in Francophone West Africa still require user fees from patients. As a result, the worst-off are excluded from access to care. Several action-research have been organized in Burkina Faso and Mali to show that community-based and participatory approaches are socially acceptable and relevant for selecting indigents to benefit from free healthcare. But these processes have shown their limitations as they do not work well in urban areas and in rural areas, user fees exemption is not enough for these socially and geographically excluded people. Thus, health navigation interventions are now urgently needed to be deployed and tested to ensure that the poorest can benefit from their rights in the context of universal health coverage.<\/p>\n<\/div>\n<\/div>\n\n\n\n<h4 class=\"wp-block-heading\"><strong>Home, School, and Community Collaboration in Health Service Delivery for Children: Practices of PROC Cohort<\/strong><\/h4>\n\n\n\n<div class=\"wp-block-columns is-layout-flex wp-container-core-columns-is-layout-9d6595d7 wp-block-columns-is-layout-flex\">\n<div class=\"wp-block-column is-vertically-aligned-center is-layout-flow wp-block-column-is-layout-flow\" style=\"flex-basis:33.33%\"><div class=\"wp-block-image is-style-rounded\">\n<figure class=\"aligncenter size-medium is-resized\"><img decoding=\"async\" data-src=\"https:\/\/unescochair-ghe.org\/wp-content\/uploads\/2021\/06\/Yifei-Hu-edited-1-300x300.jpg\" alt=\"\" class=\"wp-image-4072 lazyload\" width=\"200\" height=\"200\" data-srcset=\"https:\/\/unescochair-ghe.org\/wp-content\/uploads\/2021\/06\/Yifei-Hu-edited-1-300x300.jpg 300w, https:\/\/unescochair-ghe.org\/wp-content\/uploads\/2021\/06\/Yifei-Hu-edited-1-1024x1024.jpg 1024w, https:\/\/unescochair-ghe.org\/wp-content\/uploads\/2021\/06\/Yifei-Hu-edited-1-150x150.jpg 150w, https:\/\/unescochair-ghe.org\/wp-content\/uploads\/2021\/06\/Yifei-Hu-edited-1-768x768.jpg 768w, https:\/\/unescochair-ghe.org\/wp-content\/uploads\/2021\/06\/Yifei-Hu-edited-1-1536x1536.jpg 1536w, https:\/\/unescochair-ghe.org\/wp-content\/uploads\/2021\/06\/Yifei-Hu-edited-1-2048x2048.jpg 2048w, https:\/\/unescochair-ghe.org\/wp-content\/uploads\/2021\/06\/Yifei-Hu-edited-1-12x12.jpg 12w, https:\/\/unescochair-ghe.org\/wp-content\/uploads\/2021\/06\/Yifei-Hu-edited-1-512x512.jpg 512w\" data-sizes=\"(max-width: 200px) 100vw, 200px\" src=\"data:image\/svg+xml;base64,PHN2ZyB3aWR0aD0iMSIgaGVpZ2h0PSIxIiB4bWxucz0iaHR0cDovL3d3dy53My5vcmcvMjAwMC9zdmciPjwvc3ZnPg==\" style=\"--smush-placeholder-width: 200px; --smush-placeholder-aspect-ratio: 200\/200;\" \/><\/figure>\n<\/div><\/div>\n\n\n\n<div class=\"wp-block-column is-vertically-aligned-center is-layout-flow wp-block-column-is-layout-flow\" style=\"flex-basis:66.66%\">\n<p><strong>Yifei Hu, <\/strong>is full professor at the Department of Child and Adolescent Health and Maternal Care at Capital Medical University, China. Dr. Hu conducted postdoctoral research at the Vanderbilt University, USA, from October 2009-July 2011. Dr. Hu received a CIRA International Visiting Fellow Program 2018 (CIRA) from the Center for Interdisciplinary Research on AIDS at Yale University. Dr. Hu was formerly associate research professor at NCAIDS from 2003-2015 as well as the National Technical Officer for the WHO China Representative Office from 2005-2008. At present, Dr. Hu\u2019s research focuses on Child, adolescent health and maternal care and is running two registered clinical trials: Beijing child growth and health cohort a population-based study and a multi-center longitudinal study on infant feeding behavior and growth in China. She is currently principal investigator of the 3 research supported by National Natural Science Foundation of China.<\/p>\n<\/div>\n<\/div>\n\n\n\n<div class=\"wp-block-columns is-layout-flex wp-container-core-columns-is-layout-9d6595d7 wp-block-columns-is-layout-flex\">\n<div class=\"wp-block-column is-layout-flow wp-block-column-is-layout-flow\" style=\"flex-basis:33.33%\">\n<figure class=\"wp-block-embed aligncenter is-type-video is-provider-youtube wp-block-embed-youtube wp-embed-aspect-16-9 wp-has-aspect-ratio\"><div class=\"wp-block-embed__wrapper\">\n<iframe title=\"Yifei Hu - Home, School, and Community Collaboration in Health Service Delivery for Children - 2021\" width=\"1233\" height=\"694\" data-src=\"https:\/\/www.youtube.com\/embed\/4J2tHerC58I?feature=oembed\" frameborder=\"0\" allow=\"accelerometer; autoplay; clipboard-write; encrypted-media; gyroscope; picture-in-picture; web-share\" referrerpolicy=\"strict-origin-when-cross-origin\" allowfullscreen src=\"data:image\/svg+xml;base64,PHN2ZyB3aWR0aD0iMSIgaGVpZ2h0PSIxIiB4bWxucz0iaHR0cDovL3d3dy53My5vcmcvMjAwMC9zdmciPjwvc3ZnPg==\" class=\"lazyload\" data-load-mode=\"1\"><\/iframe>\n<\/div><\/figure>\n\n\n\n<p class=\"has-text-align-center\"><a href=\"https:\/\/unescochair-ghe.org\/wp-content\/uploads\/2021\/07\/France-Chair-Seminar20210707final.pptx\" target=\"_blank\" rel=\"noreferrer noopener\">Download the PPT of Yifei Hu<\/a><\/p>\n\n\n\n<p><\/p>\n<\/div>\n\n\n\n<div class=\"wp-block-column is-layout-flow wp-block-column-is-layout-flow\" style=\"flex-basis:66.66%\">\n<p><strong>Summary<\/strong>: We want to share experience on how to link research-based PROC study to Home, School, and Community Collaboration in Health Service Delivery for Children. PROC study is a prospective cohort study established in 2018 in Beijing, China to study obesity and cardiovascular risk among the kids before onset of puberty, who are expected to be followed up till adulthood. With close follow up with their anthropometry, blood pressure, body composition, and urinalysis and their daytime-activity pattern, echocardiological imaging of heart and major vessels, ultrasonic examination of liver and hearing loss, we provide timely medical service to the kids and their parents. We have supported the schools to modify their physical education curriculums to better address high prevalence of obesity and overweight of the children via safely increasing interests and intensity of the physical activity. Along the research, we keep routinely briefing to local education commission and inform individual report to the parents and provide free registration, consultation, and access to hospitals with good academic reputation. With such efforts, we achieve a home, school and community collaboration in service delivery for school kids.<\/p>\n<\/div>\n<\/div>\n\n\n\n<h4 class=\"wp-block-heading\"><strong>Local intersectoral action: what does it do and how?<\/strong><\/h4>\n\n\n\n<div class=\"wp-block-columns is-layout-flex wp-container-core-columns-is-layout-9d6595d7 wp-block-columns-is-layout-flex\">\n<div class=\"wp-block-column is-vertically-aligned-center is-layout-flow wp-block-column-is-layout-flow\" style=\"flex-basis:33.33%\"><div class=\"wp-block-image is-style-rounded\">\n<figure class=\"aligncenter size-large is-resized\"><img decoding=\"async\" data-src=\"https:\/\/unescochair-ghe.org\/wp-content\/uploads\/2021\/07\/Potvin-6.1-2017-1-edited.jpg\" alt=\"\" class=\"wp-image-4153 lazyload\" width=\"200\" height=\"200\" data-srcset=\"https:\/\/unescochair-ghe.org\/wp-content\/uploads\/2021\/07\/Potvin-6.1-2017-1-edited.jpg 542w, https:\/\/unescochair-ghe.org\/wp-content\/uploads\/2021\/07\/Potvin-6.1-2017-1-edited-300x300.jpg 300w, https:\/\/unescochair-ghe.org\/wp-content\/uploads\/2021\/07\/Potvin-6.1-2017-1-edited-150x150.jpg 150w, https:\/\/unescochair-ghe.org\/wp-content\/uploads\/2021\/07\/Potvin-6.1-2017-1-edited-12x12.jpg 12w, https:\/\/unescochair-ghe.org\/wp-content\/uploads\/2021\/07\/Potvin-6.1-2017-1-edited-512x512.jpg 512w\" data-sizes=\"(max-width: 200px) 100vw, 200px\" src=\"data:image\/svg+xml;base64,PHN2ZyB3aWR0aD0iMSIgaGVpZ2h0PSIxIiB4bWxucz0iaHR0cDovL3d3dy53My5vcmcvMjAwMC9zdmciPjwvc3ZnPg==\" style=\"--smush-placeholder-width: 200px; --smush-placeholder-aspect-ratio: 200\/200;\" \/><\/figure>\n<\/div><\/div>\n\n\n\n<div class=\"wp-block-column is-vertically-aligned-center is-layout-flow wp-block-column-is-layout-flow\" style=\"flex-basis:66.66%\">\n<p><strong><strong>Louise Potvin<\/strong> <\/strong>is a professor at the Department of Social and Preventive Medicine, School of Public Health (ESPUM), Universit\u00e9 de Montr\u00e9al. She is the Scientific Director of the Centre de recherche en sant\u00e9 publique. She holds the Canada Research Chair in Community Approaches and Health Inequalities. She is known as a founder and pioneer of Population Health Intervention Research, a domain of scientific domain that seeks to develop a cumulative body of knowledge on public health interventions, their planning, implementation, scaling up and sustainability. She is also a leading figure in health promotion research, more specifically through her work on the role of local environments in health inequality and local intersectoral action. In addition to having edited and co-edited 8 books and 12 supplements in major scientific journals, she has published more than 300 peer-reviewed articles, book chapters, editorials and comments. She has served on numerous research organization\u2019s scientific boards in Canada and in Europe. She is the Editor-in-Chief of the Canadian Journal of Public Health. She is a Fellow of the Canadian Academy of Health Sciences. She received the 2017 Pierre-Dansereau Award from the Association canadienne fran\u00e7aise pour l\u2019avancement des sciences (ACFAS), the 2019 Canadian Institute of Health Research &#8211; Institute of Public and Population Health, Trailblazer Award and the 2021 R.D. Defries Award from the Canadian Public Health Association for outstanding contributions in the field of public health.<\/p>\n<\/div>\n<\/div>\n\n\n\n<div class=\"wp-block-columns is-layout-flex wp-container-core-columns-is-layout-9d6595d7 wp-block-columns-is-layout-flex\">\n<div class=\"wp-block-column is-layout-flow wp-block-column-is-layout-flow\" style=\"flex-basis:33.33%\">\n<figure class=\"wp-block-embed is-type-video is-provider-youtube wp-block-embed-youtube wp-embed-aspect-16-9 wp-has-aspect-ratio\"><div class=\"wp-block-embed__wrapper\">\n<iframe title=\"Louise Potvin - Local intersectoral action: what does it do and how? - 2021\" width=\"1233\" height=\"694\" data-src=\"https:\/\/www.youtube.com\/embed\/hMuI-9KwtSE?feature=oembed\" frameborder=\"0\" allow=\"accelerometer; autoplay; clipboard-write; encrypted-media; gyroscope; picture-in-picture; web-share\" referrerpolicy=\"strict-origin-when-cross-origin\" allowfullscreen src=\"data:image\/svg+xml;base64,PHN2ZyB3aWR0aD0iMSIgaGVpZ2h0PSIxIiB4bWxucz0iaHR0cDovL3d3dy53My5vcmcvMjAwMC9zdmciPjwvc3ZnPg==\" class=\"lazyload\" data-load-mode=\"1\"><\/iframe>\n<\/div><\/figure>\n<\/div>\n\n\n\n<div class=\"wp-block-column is-layout-flow wp-block-column-is-layout-flow\" style=\"flex-basis:66.66%\">\n<p><strong>Summary<\/strong>: Health and well-being are produced in everyday life through the use and transformation of accessible resources that range from housing to food to greenery to safe public spaces and so on. Those resources are controlled mostly by actors outside the health system. Therefore, promoting health and well-being in communities require that actors from a variety of sectors together with citizens develop a shared understanding of the local challenges and assets, create common goals and coordinate their action. This is generally known as local intersectoral action. Based on a 15-year research program that studied l\u2019Initiative montr\u00e9alaise de d\u00e9veloppement local, this presentation will explore three functions operated by local intersectoral coalitions and through which they produce observable transformations in people\u2019s living environments.&nbsp;<\/p>\n<\/div>\n<\/div>\n\n\n\n<hr class=\"wp-block-separator has-css-opacity is-style-wide\" \/>\n\n\n\n<h3 class=\"wp-block-heading\">Experts about community health<\/h3>\n\n\n\n<div class=\"wp-block-columns is-layout-flex wp-container-core-columns-is-layout-9d6595d7 wp-block-columns-is-layout-flex\">\n<div class=\"wp-block-column is-layout-flow wp-block-column-is-layout-flow\" style=\"flex-basis:33.33%\">\n<figure class=\"wp-block-embed is-type-video is-provider-youtube wp-block-embed-youtube wp-embed-aspect-16-9 wp-has-aspect-ratio\"><div class=\"wp-block-embed__wrapper\">\n<iframe title=\"Gwendolijn Boonekamp (English)- Voices from the field - Global Community Health Annual Workshop 2021\" width=\"1233\" height=\"694\" data-src=\"https:\/\/www.youtube.com\/embed\/BoGmbkNb3jU?feature=oembed\" frameborder=\"0\" allow=\"accelerometer; autoplay; clipboard-write; encrypted-media; gyroscope; picture-in-picture; web-share\" referrerpolicy=\"strict-origin-when-cross-origin\" allowfullscreen src=\"data:image\/svg+xml;base64,PHN2ZyB3aWR0aD0iMSIgaGVpZ2h0PSIxIiB4bWxucz0iaHR0cDovL3d3dy53My5vcmcvMjAwMC9zdmciPjwvc3ZnPg==\" class=\"lazyload\" data-load-mode=\"1\"><\/iframe>\n<\/div><\/figure>\n<\/div>\n\n\n\n<div class=\"wp-block-column is-layout-flow wp-block-column-is-layout-flow\" style=\"flex-basis:66.66%\">\n<p><strong>Gwendolijn Boonekamp<\/strong>, Senior Lecturer Health Promotion, HAN University of Applied Sciences, the Netherlands<\/p>\n\n\n\n<p>Topics:<\/p>\n\n\n\n<ul class=\"wp-block-list\">\n<li>Community health can be more effective if an asset approach is taken<\/li>\n\n\n\n<li>A balance with what professionals think and what the community wants<\/li>\n\n\n\n<li>Translate resources into assets, including salutogenesis and agency<\/li>\n\n\n\n<li>Health not as a goal in itself but as a means for people to pursue life<\/li>\n<\/ul>\n<\/div>\n<\/div>\n\n\n\n<div class=\"wp-block-columns is-layout-flex wp-container-core-columns-is-layout-9d6595d7 wp-block-columns-is-layout-flex\">\n<div class=\"wp-block-column is-layout-flow wp-block-column-is-layout-flow\" style=\"flex-basis:33.33%\">\n<figure class=\"wp-block-embed is-type-video is-provider-youtube wp-block-embed-youtube wp-embed-aspect-16-9 wp-has-aspect-ratio\"><div class=\"wp-block-embed__wrapper\">\n<iframe title=\"Jennie Popay (English) - Voices from the field - Global Community Health Annual Workshop 2021\" width=\"1233\" height=\"694\" data-src=\"https:\/\/www.youtube.com\/embed\/EbL6XicNSJY?feature=oembed\" frameborder=\"0\" allow=\"accelerometer; autoplay; clipboard-write; encrypted-media; gyroscope; picture-in-picture; web-share\" referrerpolicy=\"strict-origin-when-cross-origin\" allowfullscreen src=\"data:image\/svg+xml;base64,PHN2ZyB3aWR0aD0iMSIgaGVpZ2h0PSIxIiB4bWxucz0iaHR0cDovL3d3dy53My5vcmcvMjAwMC9zdmciPjwvc3ZnPg==\" class=\"lazyload\" data-load-mode=\"1\"><\/iframe>\n<\/div><\/figure>\n<\/div>\n\n\n\n<div class=\"wp-block-column is-layout-flow wp-block-column-is-layout-flow\" style=\"flex-basis:66.66%\">\n<p><strong>Jennie Popay<\/strong>, Distinguished Professor of Sociology &amp; Public Health, Lancaster University, United Kingdom<\/p>\n\n\n\n<p>Topics:<\/p>\n\n\n\n<ul class=\"wp-block-list\">\n<li>Health inequalities and social justice<\/li>\n\n\n\n<li>Concept of Community Health, a different perspective from a sociologist<\/li>\n\n\n\n<li>Covid-19 pandemic made the existing health inequalities more visible<\/li>\n<\/ul>\n<\/div>\n<\/div>\n\n\n\n<div class=\"wp-block-columns is-layout-flex wp-container-core-columns-is-layout-9d6595d7 wp-block-columns-is-layout-flex\">\n<div class=\"wp-block-column is-layout-flow wp-block-column-is-layout-flow\" style=\"flex-basis:33.33%\">\n<figure class=\"wp-block-embed is-type-video is-provider-youtube wp-block-embed-youtube wp-embed-aspect-16-9 wp-has-aspect-ratio\"><div class=\"wp-block-embed__wrapper\">\n<iframe title=\"Myriam Dufay (French) - Voices from the field - Global Community Health Annual Workshop 2021\" width=\"1233\" height=\"694\" data-src=\"https:\/\/www.youtube.com\/embed\/knwwr3NQl1Q?feature=oembed\" frameborder=\"0\" allow=\"accelerometer; autoplay; clipboard-write; encrypted-media; gyroscope; picture-in-picture; web-share\" referrerpolicy=\"strict-origin-when-cross-origin\" allowfullscreen src=\"data:image\/svg+xml;base64,PHN2ZyB3aWR0aD0iMSIgaGVpZ2h0PSIxIiB4bWxucz0iaHR0cDovL3d3dy53My5vcmcvMjAwMC9zdmciPjwvc3ZnPg==\" class=\"lazyload\" data-load-mode=\"1\"><\/iframe>\n<\/div><\/figure>\n<\/div>\n\n\n\n<div class=\"wp-block-column is-layout-flow wp-block-column-is-layout-flow\" style=\"flex-basis:66.66%\">\n<p><strong>Myriam Dufay<\/strong> (video in French), Professional intermediary, Association L\u2019Effet Morpho, French Guiana<\/p>\n\n\n\n<p>Topics:<\/p>\n\n\n\n<ul class=\"wp-block-list\">\n<li>Action de L&#8217;Effet Morpho pour la communaut\u00e9. La lutte contre le paludisme (Malaria), L&#8217;acc\u00e8s \u00e0 l&#8217;eau potable.<\/li>\n\n\n\n<li>L&#8217;importance des m\u00e9diateurs de sant\u00e9 dans l&#8217;accompagnement des communaut\u00e9s.<\/li>\n\n\n\n<li>Valoriser les petites victoires<\/li>\n<\/ul>\n<\/div>\n<\/div>\n\n\n\n<div class=\"wp-block-columns is-layout-flex wp-container-core-columns-is-layout-9d6595d7 wp-block-columns-is-layout-flex\">\n<div class=\"wp-block-column is-layout-flow wp-block-column-is-layout-flow\" style=\"flex-basis:33.33%\">\n<figure class=\"wp-block-embed is-type-video is-provider-youtube wp-block-embed-youtube wp-embed-aspect-16-9 wp-has-aspect-ratio\"><div class=\"wp-block-embed__wrapper\">\n<iframe title=\"Nina Wallerstein (English) - Voices from the field - Global Community Health Annual Workshop\" width=\"1233\" height=\"694\" data-src=\"https:\/\/www.youtube.com\/embed\/4rFnh6T-0zw?feature=oembed\" frameborder=\"0\" allow=\"accelerometer; autoplay; clipboard-write; encrypted-media; gyroscope; picture-in-picture; web-share\" referrerpolicy=\"strict-origin-when-cross-origin\" allowfullscreen src=\"data:image\/svg+xml;base64,PHN2ZyB3aWR0aD0iMSIgaGVpZ2h0PSIxIiB4bWxucz0iaHR0cDovL3d3dy53My5vcmcvMjAwMC9zdmciPjwvc3ZnPg==\" class=\"lazyload\" data-load-mode=\"1\"><\/iframe>\n<\/div><\/figure>\n<\/div>\n\n\n\n<div class=\"wp-block-column is-layout-flow wp-block-column-is-layout-flow\" style=\"flex-basis:66.66%\">\n<p><strong>Nina Wallerstein<\/strong>, Professor of Public Health, College of Population Health, Director, Center for Participatory Research,&nbsp;University of New Mexico USA<\/p>\n\n\n\n<p>Topics:<\/p>\n\n\n\n<ul class=\"wp-block-list\">\n<li>Community-based participatory research for many decades<\/li>\n\n\n\n<li>Assisting communities with health and healing practices<\/li>\n\n\n\n<li>Health is linked to economics and politics<\/li>\n\n\n\n<li>Community knowledge<\/li>\n\n\n\n<li>Listening as key skill<\/li>\n<\/ul>\n<\/div>\n<\/div>\n\n\n\n<div class=\"wp-block-columns is-layout-flex wp-container-core-columns-is-layout-9d6595d7 wp-block-columns-is-layout-flex\">\n<div class=\"wp-block-column is-layout-flow wp-block-column-is-layout-flow\" style=\"flex-basis:33.33%\">\n<figure class=\"wp-block-embed is-type-video is-provider-youtube wp-block-embed-youtube wp-embed-aspect-16-9 wp-has-aspect-ratio\"><div class=\"wp-block-embed__wrapper\">\n<iframe title=\"Rebecca A Rae (English) - Voices from the field - Global Community Health Annual Workshop 2021\" width=\"1233\" height=\"694\" data-src=\"https:\/\/www.youtube.com\/embed\/59VBX5NwqFU?feature=oembed\" frameborder=\"0\" allow=\"accelerometer; autoplay; clipboard-write; encrypted-media; gyroscope; picture-in-picture; web-share\" referrerpolicy=\"strict-origin-when-cross-origin\" allowfullscreen src=\"data:image\/svg+xml;base64,PHN2ZyB3aWR0aD0iMSIgaGVpZ2h0PSIxIiB4bWxucz0iaHR0cDovL3d3dy53My5vcmcvMjAwMC9zdmciPjwvc3ZnPg==\" class=\"lazyload\" data-load-mode=\"1\"><\/iframe>\n<\/div><\/figure>\n<\/div>\n\n\n\n<div class=\"wp-block-column is-layout-flow wp-block-column-is-layout-flow\" style=\"flex-basis:66.66%\">\n<p><strong>Rebecca Rae<\/strong>, Research Lecturer III, University of New Mexico, College of Population Health, USA<\/p>\n\n\n\n<p>Topics:<\/p>\n\n\n\n<ul class=\"wp-block-list\">\n<li>Implement community based participatory research in tribal nations in New Mexico<\/li>\n\n\n\n<li>Family listening project curriculum<\/li>\n\n\n\n<li>Community health is holistic: physical, spiritual, mental, social, ways of knowing, grounded in our cultural ways that are in place since millenials,<\/li>\n\n\n\n<li>Have passion and really enjoy the work that you do<\/li>\n\n\n\n<li>Mentorship and learning from people who have been working in this field<\/li>\n<\/ul>\n<\/div>\n<\/div>\n\n\n\n<div class=\"wp-block-columns is-layout-flex wp-container-core-columns-is-layout-9d6595d7 wp-block-columns-is-layout-flex\">\n<div class=\"wp-block-column is-layout-flow wp-block-column-is-layout-flow\" style=\"flex-basis:33.33%\">\n<figure class=\"wp-block-embed is-type-video is-provider-youtube wp-block-embed-youtube wp-embed-aspect-16-9 wp-has-aspect-ratio\"><div class=\"wp-block-embed__wrapper\">\n<iframe title=\"Satarupa Dasgupta (English) - Voices from the field - Global Community Health Annual Workshop 2021\" width=\"1233\" height=\"694\" data-src=\"https:\/\/www.youtube.com\/embed\/iq2OUW_4DRE?feature=oembed\" frameborder=\"0\" allow=\"accelerometer; autoplay; clipboard-write; encrypted-media; gyroscope; picture-in-picture; web-share\" referrerpolicy=\"strict-origin-when-cross-origin\" allowfullscreen src=\"data:image\/svg+xml;base64,PHN2ZyB3aWR0aD0iMSIgaGVpZ2h0PSIxIiB4bWxucz0iaHR0cDovL3d3dy53My5vcmcvMjAwMC9zdmciPjwvc3ZnPg==\" class=\"lazyload\" data-load-mode=\"1\"><\/iframe>\n<\/div><\/figure>\n<\/div>\n\n\n\n<div class=\"wp-block-column is-layout-flow wp-block-column-is-layout-flow\" style=\"flex-basis:66.66%\">\n<p><strong>Satarupa Dasgupta<\/strong>, Assistant Professor of Applied Communication, Ramapo College of New Jersey, USA<\/p>\n\n\n\n<p>Topics:<\/p>\n\n\n\n<ul class=\"wp-block-list\">\n<li>The intersectorality of Community Health:&nbsp; healthcare component, economics involved and the social interaction of community members<\/li>\n\n\n\n<li>Contribution of Community Health Workers to better health and equity<\/li>\n\n\n\n<li>Impact of covid-19 on transgender communities in India<\/li>\n<\/ul>\n<\/div>\n<\/div>\n\n\n\n<hr class=\"wp-block-separator has-css-opacity is-style-wide\" \/>\n\n\n\n<h3 class=\"wp-block-heading\">Our participants contribution<\/h3>\n\n\n\n<h4 class=\"wp-block-heading\">Community health for me is&#8230;<\/h4>\n\n\n\n<figure class=\"wp-block-image size-large\"><img decoding=\"async\" width=\"1024\" height=\"235\" data-src=\"https:\/\/unescochair-ghe.org\/wp-content\/uploads\/2021\/07\/Community-health-for-me-is-1024x235.png\" alt=\"\" class=\"wp-image-4318 lazyload\" data-srcset=\"https:\/\/unescochair-ghe.org\/wp-content\/uploads\/2021\/07\/Community-health-for-me-is-1024x235.png 1024w, https:\/\/unescochair-ghe.org\/wp-content\/uploads\/2021\/07\/Community-health-for-me-is-300x69.png 300w, https:\/\/unescochair-ghe.org\/wp-content\/uploads\/2021\/07\/Community-health-for-me-is-768x177.png 768w, https:\/\/unescochair-ghe.org\/wp-content\/uploads\/2021\/07\/Community-health-for-me-is-1536x353.png 1536w, https:\/\/unescochair-ghe.org\/wp-content\/uploads\/2021\/07\/Community-health-for-me-is-16x4.png 16w, https:\/\/unescochair-ghe.org\/wp-content\/uploads\/2021\/07\/Community-health-for-me-is-373x86.png 373w, https:\/\/unescochair-ghe.org\/wp-content\/uploads\/2021\/07\/Community-health-for-me-is.png 1736w\" data-sizes=\"(max-width: 1024px) 100vw, 1024px\" src=\"data:image\/svg+xml;base64,PHN2ZyB3aWR0aD0iMSIgaGVpZ2h0PSIxIiB4bWxucz0iaHR0cDovL3d3dy53My5vcmcvMjAwMC9zdmciPjwvc3ZnPg==\" style=\"--smush-placeholder-width: 1024px; --smush-placeholder-aspect-ratio: 1024\/235;\" \/><\/figure>\n\n\n\n<hr class=\"wp-block-separator has-css-opacity is-style-wide\" \/>\n\n\n\n<h3 class=\"wp-block-heading\">Facilitators<\/h3>\n\n\n\n<div class=\"wp-block-columns is-layout-flex wp-container-core-columns-is-layout-9d6595d7 wp-block-columns-is-layout-flex\">\n<div class=\"wp-block-column is-vertically-aligned-center is-layout-flow wp-block-column-is-layout-flow\" style=\"flex-basis:33.33%\"><div class=\"wp-block-image is-style-rounded\">\n<figure class=\"aligncenter size-large is-resized\"><img decoding=\"async\" data-src=\"https:\/\/unescochair-ghe.org\/wp-content\/uploads\/2021\/07\/Saloua-edited.jpg\" alt=\"\" class=\"wp-image-4220 lazyload\" width=\"200\" height=\"200\" data-srcset=\"https:\/\/unescochair-ghe.org\/wp-content\/uploads\/2021\/07\/Saloua-edited.jpg 186w, https:\/\/unescochair-ghe.org\/wp-content\/uploads\/2021\/07\/Saloua-edited-150x150.jpg 150w, https:\/\/unescochair-ghe.org\/wp-content\/uploads\/2021\/07\/Saloua-edited-12x12.jpg 12w\" data-sizes=\"(max-width: 200px) 100vw, 200px\" src=\"data:image\/svg+xml;base64,PHN2ZyB3aWR0aD0iMSIgaGVpZ2h0PSIxIiB4bWxucz0iaHR0cDovL3d3dy53My5vcmcvMjAwMC9zdmciPjwvc3ZnPg==\" style=\"--smush-placeholder-width: 200px; --smush-placeholder-aspect-ratio: 200\/200;\" \/><\/figure>\n<\/div><\/div>\n\n\n\n<div class=\"wp-block-column is-vertically-aligned-center is-layout-flow wp-block-column-is-layout-flow\" style=\"flex-basis:66.66%\">\n<p><strong>Saloua Abouchadi<\/strong>, is a public health medical doctor, researcher and, lecturer at the National School of Public Health, Rabat, Morocco since 2013. She has a professional experience of 22 years including 7 years as a medical officer in a rural district, and 5 years as a program health manager in the direction of hospitals &amp; ambulatory Care (Ministry of Health, Morocco). She was involved in the implementation of many health programs at the ministry of health: the action plan to reduce maternal and neonatal mortality 2008-2012, the maternal deaths surveillance system <em>(as member of the national committee for confidential inquiries into maternal deaths)<\/em>, primary health care information system for family practice, improving medical certification of cause of death. Her main field of research interest is the health care system, with a focus on maternal and neonatal health and primary health care. As a lecturer, she is involved in different training programs, mainly in basic concepts in public health and health promotion. Currently, she is expecting to broaden her research field in health promotion.<\/p>\n<\/div>\n<\/div>\n\n\n\n<div class=\"wp-block-columns is-layout-flex wp-container-core-columns-is-layout-9d6595d7 wp-block-columns-is-layout-flex\">\n<div class=\"wp-block-column is-vertically-aligned-center is-layout-flow wp-block-column-is-layout-flow\" style=\"flex-basis:33.33%\"><div class=\"wp-block-image is-style-rounded\">\n<figure class=\"aligncenter size-large is-resized\"><img decoding=\"async\" data-src=\"https:\/\/unescochair-ghe.org\/wp-content\/uploads\/2021\/07\/Camila-Ait-Yala-edited.jpg\" alt=\"\" class=\"wp-image-4174 lazyload\" width=\"200\" height=\"200\" data-srcset=\"https:\/\/unescochair-ghe.org\/wp-content\/uploads\/2021\/07\/Camila-Ait-Yala-edited.jpg 2322w, https:\/\/unescochair-ghe.org\/wp-content\/uploads\/2021\/07\/Camila-Ait-Yala-edited-300x300.jpg 300w, https:\/\/unescochair-ghe.org\/wp-content\/uploads\/2021\/07\/Camila-Ait-Yala-edited-1024x1024.jpg 1024w, https:\/\/unescochair-ghe.org\/wp-content\/uploads\/2021\/07\/Camila-Ait-Yala-edited-150x150.jpg 150w, https:\/\/unescochair-ghe.org\/wp-content\/uploads\/2021\/07\/Camila-Ait-Yala-edited-768x768.jpg 768w, https:\/\/unescochair-ghe.org\/wp-content\/uploads\/2021\/07\/Camila-Ait-Yala-edited-1536x1536.jpg 1536w, https:\/\/unescochair-ghe.org\/wp-content\/uploads\/2021\/07\/Camila-Ait-Yala-edited-2048x2048.jpg 2048w, https:\/\/unescochair-ghe.org\/wp-content\/uploads\/2021\/07\/Camila-Ait-Yala-edited-12x12.jpg 12w, https:\/\/unescochair-ghe.org\/wp-content\/uploads\/2021\/07\/Camila-Ait-Yala-edited-512x512.jpg 512w\" data-sizes=\"(max-width: 200px) 100vw, 200px\" src=\"data:image\/svg+xml;base64,PHN2ZyB3aWR0aD0iMSIgaGVpZ2h0PSIxIiB4bWxucz0iaHR0cDovL3d3dy53My5vcmcvMjAwMC9zdmciPjwvc3ZnPg==\" style=\"--smush-placeholder-width: 200px; --smush-placeholder-aspect-ratio: 200\/200;\" \/><\/figure>\n<\/div><\/div>\n\n\n\n<div class=\"wp-block-column is-vertically-aligned-center is-layout-flow wp-block-column-is-layout-flow\" style=\"flex-basis:66.66%\">\n<p><strong>Camila Ait-Yala<\/strong>, is the project leader of the &#8220;IEC Sant\u00e9&#8221; team at GRAS (Unit\u00e9 de Recherche en Anthropologie de la Sant\u00e9), located at the University of Oran 2 (Algeria). She holds a doctorate in language science from the University of Oran 2 and specialises in the analysis of verbal interactions in professional situations, particularly in hospitals. Camila is the Algerian coordinator of the UNESCO Chair in Education and Health.<\/p>\n\n\n\n<p><em>Camila Ait-Yala, est chef de projet de l&#8217;\u00e9quipe \u00ab IEC en Sant\u00e9 \u00bb au GRAS (Unit\u00e9 de Recherche en Anthropologie de la Sant\u00e9), situ\u00e9e \u00e0 l&#8217;Universit\u00e9 d&#8217;Oran 2 (Alg\u00e9rie).&nbsp;Elle est titulaire d&#8217;un doctorat en sciences du langage de l&#8217;Universit\u00e9 d&#8217;Oran 2 et s&#8217;est sp\u00e9cialis\u00e9e dans l&#8217;analyse des interactions verbales en situations professionnelles, notamment en milieu hospitalier. Camila est coordinatrice pour l&#8217;Alg\u00e9rie de la Chaire UNESCO EducationS &amp; Sant\u00e8.<\/em><\/p>\n<\/div>\n<\/div>\n\n\n\n<div class=\"wp-block-columns is-layout-flex wp-container-core-columns-is-layout-9d6595d7 wp-block-columns-is-layout-flex\">\n<div class=\"wp-block-column is-vertically-aligned-center is-layout-flow wp-block-column-is-layout-flow\" style=\"flex-basis:33.33%\"><div class=\"wp-block-image is-style-rounded\">\n<figure class=\"aligncenter size-large is-resized\"><img decoding=\"async\" data-src=\"https:\/\/unescochair-ghe.org\/wp-content\/uploads\/2021\/07\/Ashfaaque-edited.jpg\" alt=\"\" class=\"wp-image-4218 lazyload\" width=\"200\" height=\"200\" data-srcset=\"https:\/\/unescochair-ghe.org\/wp-content\/uploads\/2021\/07\/Ashfaaque-edited.jpg 497w, https:\/\/unescochair-ghe.org\/wp-content\/uploads\/2021\/07\/Ashfaaque-edited-300x300.jpg 300w, https:\/\/unescochair-ghe.org\/wp-content\/uploads\/2021\/07\/Ashfaaque-edited-150x150.jpg 150w, https:\/\/unescochair-ghe.org\/wp-content\/uploads\/2021\/07\/Ashfaaque-edited-12x12.jpg 12w\" data-sizes=\"(max-width: 200px) 100vw, 200px\" src=\"data:image\/svg+xml;base64,PHN2ZyB3aWR0aD0iMSIgaGVpZ2h0PSIxIiB4bWxucz0iaHR0cDovL3d3dy53My5vcmcvMjAwMC9zdmciPjwvc3ZnPg==\" style=\"--smush-placeholder-width: 200px; --smush-placeholder-aspect-ratio: 200\/200;\" \/><\/figure>\n<\/div><\/div>\n\n\n\n<div class=\"wp-block-column is-vertically-aligned-center is-layout-flow wp-block-column-is-layout-flow\" style=\"flex-basis:66.66%\">\n<p><strong>Ashfaaque Bhunnoo<\/strong>, a MPH candidate at Ecole des Hautes Etudes en Sant\u00e9 Publique (EHESP). He is a registered medical practitioner in Mauritius with over 5 years of clinical experience. He completed his MBBS from Dalian Medical University, China, in 2015 and since, has been trying to promote healthy behavior at a local level.<\/p>\n<\/div>\n<\/div>\n\n\n\n<div class=\"wp-block-columns is-layout-flex wp-container-core-columns-is-layout-9d6595d7 wp-block-columns-is-layout-flex\">\n<div class=\"wp-block-column is-vertically-aligned-center is-layout-flow wp-block-column-is-layout-flow\" style=\"flex-basis:33.33%\"><div class=\"wp-block-image is-style-rounded\">\n<figure class=\"aligncenter size-large\"><img decoding=\"async\" width=\"96\" height=\"100\" data-src=\"https:\/\/unescochair-ghe.org\/wp-content\/uploads\/2021\/07\/Emmanuel.jpg\" alt=\"\" class=\"wp-image-4214 lazyload\" data-srcset=\"https:\/\/unescochair-ghe.org\/wp-content\/uploads\/2021\/07\/Emmanuel.jpg 96w, https:\/\/unescochair-ghe.org\/wp-content\/uploads\/2021\/07\/Emmanuel-12x12.jpg 12w\" data-sizes=\"(max-width: 96px) 100vw, 96px\" src=\"data:image\/svg+xml;base64,PHN2ZyB3aWR0aD0iMSIgaGVpZ2h0PSIxIiB4bWxucz0iaHR0cDovL3d3dy53My5vcmcvMjAwMC9zdmciPjwvc3ZnPg==\" style=\"--smush-placeholder-width: 96px; --smush-placeholder-aspect-ratio: 96\/100;\" \/><\/figure>\n<\/div><\/div>\n\n\n\n<div class=\"wp-block-column is-vertically-aligned-center is-layout-flow wp-block-column-is-layout-flow\" style=\"flex-basis:66.66%\">\n<p><strong>Emmanuel Courmaire<\/strong>, is a director of a primary school in France. He has a long working experience with active participation with children and young people. He is currently doing a Health Promotion study at the Clermont-Ferrand University UCA. He currently is an intern at the UNESCO Chair Global Health &amp; Education<\/p>\n<\/div>\n<\/div>\n\n\n\n<div class=\"wp-block-columns is-layout-flex wp-container-core-columns-is-layout-9d6595d7 wp-block-columns-is-layout-flex\">\n<div class=\"wp-block-column is-vertically-aligned-center is-layout-flow wp-block-column-is-layout-flow\" style=\"flex-basis:33.33%\"><div class=\"wp-block-image is-style-rounded\">\n<figure class=\"aligncenter size-large is-resized\"><img decoding=\"async\" data-src=\"https:\/\/unescochair-ghe.org\/wp-content\/uploads\/2021\/07\/Sonia.jpg\" alt=\"\" class=\"wp-image-4223 lazyload\" width=\"200\" height=\"200\" data-srcset=\"https:\/\/unescochair-ghe.org\/wp-content\/uploads\/2021\/07\/Sonia.jpg 400w, https:\/\/unescochair-ghe.org\/wp-content\/uploads\/2021\/07\/Sonia-300x300.jpg 300w, https:\/\/unescochair-ghe.org\/wp-content\/uploads\/2021\/07\/Sonia-150x150.jpg 150w, https:\/\/unescochair-ghe.org\/wp-content\/uploads\/2021\/07\/Sonia-12x12.jpg 12w\" data-sizes=\"(max-width: 200px) 100vw, 200px\" src=\"data:image\/svg+xml;base64,PHN2ZyB3aWR0aD0iMSIgaGVpZ2h0PSIxIiB4bWxucz0iaHR0cDovL3d3dy53My5vcmcvMjAwMC9zdmciPjwvc3ZnPg==\" style=\"--smush-placeholder-width: 200px; --smush-placeholder-aspect-ratio: 200\/200;\" \/><\/figure>\n<\/div><\/div>\n\n\n\n<div class=\"wp-block-column is-vertically-aligned-center is-layout-flow wp-block-column-is-layout-flow\" style=\"flex-basis:66.66%\">\n<p><strong>Sonia L\u00f3pez Villar<\/strong>, works in the General Directorate of Public Health of Asturias, specifically in the <a href=\"https:\/\/ddei3-0-ctp.trendmicro.com:443\/wis\/clicktime\/v1\/query?url=https%3a%2f%2fobsaludasturias.com%2fobsa%2f&amp;umid=198156AE-C65C-E205-8A4D-EBBA1FA528D1&amp;auth=4ceff9107ab9c25786f1a828bbcb8ff8204474b0-fccab3400208c80cfdbe842a1a5562bc36fc09ef\">Health Observatory in Asturias<\/a>, belonging to the Population Health Service. Part of her professional work is linked to community action, coordinating Asturias Act\u00faa, a technical support project for various community participation structures in Asturian municipalities. Likewise, she has participated in several guides linked to the community action, both at the <a href=\"https:\/\/ddei3-0-ctp.trendmicro.com:443\/wis\/clicktime\/v1\/query?url=https%3a%2f%2fobsaludasturias.com%2fobsa%2fguia%2dsalud%2dcomunitaria%2f&amp;umid=198156AE-C65C-E205-8A4D-EBBA1FA528D1&amp;auth=4ceff9107ab9c25786f1a828bbcb8ff8204474b0-668d5460c9b960ee82065e56c8cd060253261c4e\">regional<\/a> and at the national level, being one of the authors of the recent <a href=\"https:\/\/www.mscbs.gob.es\/profesionales\/saludPublica\/prevPromocion\/Estrategia\/Accion_Comunitaria_Ganar_Salud.htm\">Guide of Community Action to Gain Health<\/a> from the Spanish Ministry of Health of Spain<\/p>\n<\/div>\n<\/div>\n\n\n\n<h3 class=\"wp-block-heading\">Host<\/h3>\n\n\n\n<div class=\"wp-block-columns is-layout-flex wp-container-core-columns-is-layout-9d6595d7 wp-block-columns-is-layout-flex\">\n<div class=\"wp-block-column is-vertically-aligned-center is-layout-flow wp-block-column-is-layout-flow\" style=\"flex-basis:33.33%\"><div class=\"wp-block-image is-style-rounded\">\n<figure class=\"aligncenter size-large is-resized\"><img decoding=\"async\" data-src=\"https:\/\/unescochair-ghe.org\/wp-content\/uploads\/2021\/02\/SilviaDeRuiter-1.jpg\" alt=\"\" class=\"wp-image-3318 lazyload\" width=\"200\" height=\"200\" data-srcset=\"https:\/\/unescochair-ghe.org\/wp-content\/uploads\/2021\/02\/SilviaDeRuiter-1.jpg 269w, https:\/\/unescochair-ghe.org\/wp-content\/uploads\/2021\/02\/SilviaDeRuiter-1-150x150.jpg 150w, https:\/\/unescochair-ghe.org\/wp-content\/uploads\/2021\/02\/SilviaDeRuiter-1-12x12.jpg 12w\" data-sizes=\"(max-width: 200px) 100vw, 200px\" src=\"data:image\/svg+xml;base64,PHN2ZyB3aWR0aD0iMSIgaGVpZ2h0PSIxIiB4bWxucz0iaHR0cDovL3d3dy53My5vcmcvMjAwMC9zdmciPjwvc3ZnPg==\" style=\"--smush-placeholder-width: 200px; --smush-placeholder-aspect-ratio: 200\/200;\" \/><\/figure>\n<\/div><\/div>\n\n\n\n<div class=\"wp-block-column is-vertically-aligned-center is-layout-flow wp-block-column-is-layout-flow\" style=\"flex-basis:66.66%\">\n<p><strong>Silvia de Ruiter<\/strong>, project officer at the UNESCO Chair Global Health &amp; Education. She has a Master&#8217;s degree in Communication Sciences from the University of Twente (Netherlands). She has worked on several European health promotion programmes, including the Schools for Health in Europe (SHE network). She has also been involved in the development and implementation of the health promoting school in the Netherlands.<\/p>\n<\/div>\n<\/div>\n\n\n\n<hr class=\"wp-block-separator has-css-opacity is-style-wide\" \/>\n\n\n\n<h3 class=\"wp-block-heading\">Resources<\/h3>\n\n\n\n<h4 class=\"wp-block-heading\"><span style=\"text-decoration: underline\">George Arrey<\/span><\/h4>\n\n\n\n<p>The mission and vision of Health Promoters International. <a href=\"https:\/\/hp.some-time.nl\/blog\/our-mission\/\">https:\/\/hp.some-time.nl\/blog\/our-mission\/<\/a><\/p>\n\n\n\n<h4 class=\"wp-block-heading\"><span style=\"text-decoration: underline\">Gwendolijn Boonekamp<\/span><\/h4>\n\n\n\n<p>Boonekamp, G. M., Dierx, J. A., Van Hove, P., &amp; Jansen, E. (2020). Interactive interviewing and imaging: engaging Dutch PVE-students in dialogue.&nbsp;<em>Educational Action Research<\/em>,&nbsp;<em>28<\/em>(5), 807-822. DOI: <a href=\"https:\/\/doi.org\/10.1177%2F1356336X20970215\">https:\/\/doi.org\/10.1177\/1356336X20970215<\/a><\/p>\n\n\n\n<p>Boonekamp, G. M., Dierx, J. A., &amp; Jansen, E. (2020). Motivating students for physical activity: What can we learn from student perspectives?.&nbsp;<em>European Physical Education Review<\/em>. DOI: <a href=\"https:\/\/doi.org\/10.1177%2F1356336X20970215\">https:\/\/doi.org\/10.1177\/1356336X20970215<\/a><\/p>\n\n\n\n<p>Boonekamp, G. M., Jansen, E., O\u2019Sullivan, T., Dierx, J. A., Lindstr\u00f6m, B., P\u00e9rez-Wilson, P., &amp; \u00c1lvarez-Dardet D\u00edaz, C. (2021). The need for adolescents\u2019 agency in salutogenic approaches shaping physical activity in schools.&nbsp;<em>Health Promotion International<\/em>. DOI: &nbsp;<a href=\"https:\/\/doi.org\/10.1093\/heapro\/daab073\">https:\/\/doi.org\/10.1093\/heapro\/daab073<\/a><\/p>\n\n\n\n<h4 class=\"wp-block-heading\"><span style=\"text-decoration: underline\">Viola Cassetti<\/span><\/h4>\n\n\n\n<p>Cassetti V, Powell K, Barnes A, et al. (2020) A systematic scoping review of asset-based approaches to promote health in communities: development of a framework<em>. Global Health Promotion 27(3)<\/em>: 15\u201323. DOI: <a href=\"https:\/\/doi.org\/10.1177\/1757975919848925\">https:\/\/doi.org\/10.1177\/1757975919848925<\/a>.<\/p>\n\n\n\n<p>Jane Foot, Trevor Hopkins, Simon Rippon and Judy White. Online book: A glass half-full: 10 years on review (2020).&nbsp;<a href=\"https:\/\/www.local.gov.uk\/publications\/glass-half-full-10-years-review\">https:\/\/www.local.gov.uk\/publications\/glass-half-full-10-years-review<\/a>. + all the additional contributions at the end<\/p>\n\n\n\n<p>Center for Community Health and Development, University of Kansas.&nbsp;Community Tool Box. <a href=\"https:\/\/ctb.ku.edu\/en\/table-of-contents\">https:\/\/ctb.ku.edu\/en\/table-of-contents<\/a>. Available in English and Spanish<\/p>\n\n\n\n<h4 class=\"wp-block-heading\"><span style=\"text-decoration: underline\">David Houeto<\/span><\/h4>\n\n\n\n<p>Furler, John. (2007). Social determinants of health and health inequalities: what role for general practice?. Health promotion journal of Australia : official journal of Australian Association of Health Promotion Professionals. 17. 264-5. 10.1071\/HE06264. https:\/\/www.researchgate.net\/publication\/6624404 <\/p>\n\n\n\n<p>Houeto D, Deccache A. Child malaria in sub-saharan Africa: effective control and prevention require a health promotion approach. Int Q Community Health Educ. 2007-2008;28(1):51-62. doi: 10.2190\/IQ.28.1.e. PMID: 18644764. https:\/\/pubmed.ncbi.nlm.nih.gov\/18644764\/<\/p>\n\n\n\n<h4 class=\"wp-block-heading\"><span style=\"text-decoration: underline\">Yifei Hu<\/span><\/h4>\n\n\n\n<p>A Beijing child growth and health cohort (&#8221;PROC&#8221;): a population-based study, clinical trial registration information: <a href=\"http:\/\/www.chictr.org.cn\/showproj.aspx?proj=122175\">http:\/\/www.chictr.org.cn\/showproj.aspx?proj=122175<\/a><\/p>\n\n\n\n<h4 class=\"wp-block-heading\"><span style=\"text-decoration: underline\">Didier Jourdan<\/span><\/h4>\n\n\n\n<p>French:<\/p>\n\n\n\n<p>Didier Jourdan, 2021. <a rel=\"noreferrer noopener\" href=\"https:\/\/unescochair-ghe.org\/wp-content\/uploads\/2021\/07\/Action-communautaire-en-sante\u0301.pdf\" target=\"_blank\">Action communautaire en sant\u00e9.<\/a><\/p>\n\n\n\n<p>Jourdan, D.,&nbsp;O\u2019Neill, M.,&nbsp;Dup\u00e9r\u00e9, S. &amp;&nbsp;Stirling, J. (2012). Quarante ans apr\u00e8s, o\u00f9 en est la sant\u00e9 communautaire&nbsp;?.&nbsp;<em>Sant\u00e9 Publique<\/em>, 24, 165-178.&nbsp;<a href=\"https:\/\/doi.org\/10.3917\/spub.122.0165\">https:\/\/doi.org\/10.3917\/spub.122.0165<\/a><\/p>\n\n\n\n<h4 class=\"wp-block-heading\"><span style=\"text-decoration: underline\">Ra\u00fal Mercer<\/span><\/h4>\n\n\n\n<p>Jeffrey L Goldhagen, Sherry Shenoda, Charles Oberg, Ra\u00fal Mercer, Ayesha Kadir, Shanti Raman, Tony Waterston, Nicholas J Spencer. Rights, justice, and equity: a global agenda for child health and wellbeing.  <a href=\"https:\/\/www.flacso.org.ar\/wp-content\/uploads\/2019\/12\/Rights-justice-and-equity-A-global-agenda-for-child-health-Lancet-CAH.pdf\">https:\/\/www.flacso.org.ar\/wp-content\/uploads\/2019\/12\/Rights-justice-and-equity-A-global-agenda-for-child-health-Lancet-CAH.pdf<\/a><\/p>\n\n\n\n<p>Gender Tool,&nbsp; European strategy for child and adolescent health and development. <a href=\"https:\/\/www.euro.who.int\/__data\/assets\/pdf_file\/0020\/76511\/EuroStrat_Gender_tool.pdf\">https:\/\/www.euro.who.int\/__data\/assets\/pdf_file\/0020\/76511\/EuroStrat_Gender_tool.pdf<\/a><\/p>\n\n\n\n<p>Spanish:<\/p>\n\n\n\n<p>Estrategia Europea para la Salud y Desarrollo de la Infancia y la Adolescencia. <a href=\"https:\/\/www.mscbs.gob.es\/organizacion\/sns\/planCalidadSNS\/pdf\/equidad\/herramGeneroEstratInfanAdolesc.pdf\">https:\/\/www.mscbs.gob.es\/organizacion\/sns\/planCalidadSNS\/pdf\/equidad\/herramGeneroEstratInfanAdolesc.pdf<\/a><\/p>\n\n\n\n<p>Proyecto &#8220;Te Escucho&#8221;: Integraci\u00f3n de las perspectivas de derechos, g\u00e9nero e interculturalidad y las maternidades de Argentina. <a href=\"https:\/\/www.flacso.org.ar\/wp-content\/uploads\/2013\/08\/SALUD_2015_Te_Escucho_Booklet.pdf\">https:\/\/www.flacso.org.ar\/wp-content\/uploads\/2013\/08\/SALUD_2015_Te_Escucho_Booklet.pdf<\/a><\/p>\n\n\n\n<p>Perspectiva de G\u00e9nero en Medicina. <a href=\"https:\/\/www.flacso.org.ar\/wp-content\/uploads\/2019\/10\/EM-39-Perspectiva-de-genero-en-medicina_MTRuizCantero.pdf\">https:\/\/www.flacso.org.ar\/wp-content\/uploads\/2019\/10\/EM-39-Perspectiva-de-genero-en-medicina_MTRuizCantero.pdf<\/a><\/p>\n\n\n\n<h4 class=\"wp-block-heading\"><span style=\"text-decoration: underline\">Louise Potvin<\/span><\/h4>\n\n\n\n<p>Bernard, P., Charafeddine, R., Frohlich, K. L., Daniel, M., Kestens, Y., Potvin, L. (2007). Health inequalities and place: A theoretical conception of neighbourhood<em>. Social Science and Medicine<\/em>, <em>65<\/em>(9), 1839-1852. doi: <a href=\"https:\/\/doi.org\/10.1016\/j.socscimed.2007.05.037\">https:\/\/doi.org\/10.1016\/j.socscimed.2007.05.037<\/a><\/p>\n\n\n\n<p>Bilodeau, A. (2005). Les conditions de r\u00e9ussite de l\u2019intersectoralit\u00e9 aux niveaux r\u00e9gional et local. <em>Promotion &amp; Education<\/em>, Supp 3, 20-21.<\/p>\n\n\n\n<p>Bilodeau, A., Galarneau, M., Lefebvre, C., &amp; Potvin, L. (2019). Linking process and effects of intersectoral action on local neighbourhoods: systemic modelling based on Actor-Network Theory. <em>Sociology of Health and Illness<\/em>, <em>41<\/em>,165-179. doi: 10.1111\/1467-9566.12813<\/p>\n\n\n\n<p>Bilodeau, A., Parent A-A, &amp; Potvin, L. <em>Les collaborations intersectorielles et l\u2019action en partenariat, comment \u00e7a marche<\/em> ? Available from&nbsp;: <a href=\"https:\/\/chairecacis.org\/fichiers\/intersectorialite_partenariat_2019.pdf\">https:\/\/chairecacis.org\/fichiers\/intersectorialite_partenariat_2019.pdf<\/a><\/p>\n\n\n\n<p>Chircop, A., Bassett, R., Taylor, E. (2015). Evidence on how to practice intersectoral collaboration for health equity: a scoping review. <em>Critical Public Health<\/em>, <em>25<\/em>(2), 178-191. doi: 10.1080\/09581596.2014.887831<\/p>\n\n\n\n<p>Corbin JH, Jones J, Barry MM. (2018). What makes intersectoral partnerships for health promotion work? A review of the international literature. <em>Health Promotion International<\/em>, <em>33<\/em>(1), 4\u201126.<\/p>\n\n\n\n<p>Health Nexus. (2018). <em>Partnership essentials<\/em>. Available from: <a href=\"https:\/\/en.healthnexus.ca\/sites\/en.healthnexus.ca\/files\/u47\/partnership_essentials.pdf\">https:\/\/en.healthnexus.ca\/sites\/en.healthnexus.ca\/files\/u47\/partnership_essentials.pdf<\/a><\/p>\n\n\n\n<p>Rantala, R., Bortz, M., Armada, F. (2014). Intersectoral action: Local governments promoting health. <em>Health Promotion International, 29<\/em>, i92-i102.<\/p>\n\n\n\n<p>Miro, Al., Kishchuk, N. A., Perrotta, K., Swinkels, H. M. (2015). Healthy Canada by Design CLASP: Lessons learned from the first phase of an intersectoral, cross-provincial built environment initiative. <em>Canadian Journal of Public Health, 106<\/em>(1): e550-e558.<\/p>\n\n\n\n<p>Ndumbe-Eyoh, S., &amp; Moffatt, H. (2013). Intersectoral action for health equity: A rapid systematic review.&nbsp; BMC Public Health, 13, 1056<\/p>\n\n\n\n<p>Seaton, C. L., Holm, N., Bottorff, J. L., Jones-Bricker, M., Errey, S., Caperchione, C. M et al. (2017). Factors That Impact the Success of Interorganizational Health Promotion Collaborations: A Scoping Review. <em>American Journal of Health Promotion, 32<\/em>(4), 1095-1109. doi: 10.1177\/0890117117710875<\/p>\n\n\n\n<p>Shankardass, K., Solar, O., Murphy, K., Greaves, L., O\u2019Campo P. (2012). A scoping review of intersectoral action for health equity involving governments. <em>International Journal of Public Health, 57<\/em>, 25-33<\/p>\n\n\n\n<p>Stolp, S., Bottorff, J. L., Seaton, C. L., Jones-Bricker, M., Oliffe, J. L., Johnson, S.T. Lamont, S. (2017). Measurement and evaluation practices of factors that contribute to effective health promotion collaboration functioning: A scoping review. <em>Evaluation and Program Planning, 61<\/em>, 38-44. doi:10.1016\/j.evalprogplan.2016.11.013<\/p>\n\n\n\n<h4 class=\"wp-block-heading\"><span style=\"text-decoration: underline\">Val\u00e9ry Ridde<\/span><\/h4>\n\n\n\n<p>Louart, S., Bonnet, E., Kadio, K., &amp; Ridde, V. (2021). How could patient navigation help promote health equity in sub-Saharan Africa? A qualitative study among public health experts. <em>Global Health Promotion, 28(1_suppl),<\/em> 75\u201385. <a href=\"https:\/\/doi.org\/10.1177\/1757975920980723\">https:\/\/doi.org\/10.1177\/1757975920980723<\/a><\/p>\n\n\n\n<p>Val\u00e9ry Ridde, Emmanuel Bonnet, Kadidiatou Kadio, Sarah Louart, Manuela De Allegri, \u201cDemographics in the service of Universal Health Coverage: examples in West Africa\u201d, <em>Humanitarian Alternatives, n\u00b012<\/em>, November 2019, p.33-48, <a href=\"http:\/\/alternatives-humanitaires.org\/en\/2019\/11\/13\/demographics-in-the-service-of-universal-health-coverageexamples-in-west-africa\/\">http:\/\/alternatives-humanitaires.org\/en\/2019\/11\/13\/demographics-in-the-service-of-universal-health-coverageexamples-in-west-africa\/<\/a> ISBN of the article (PDF): 978-2-37704-583-9<\/p>\n\n\n\n<p>Video:&nbsp;<a href=\"https:\/\/www.youtube.com\/watch?v=LEnd05H3glY\">https:\/\/www.youtube.com\/watch?v=LEnd05H3glY<\/a><\/p>\n\n\n\n<p>French:<\/p>\n\n\n\n<p>Val\u00e9ry Ridde, Emmanuel Bonnet, Kadidiatou Kadio, Sarah Louart, Manuela De Allegri, \u00ab La d\u00e9mographie au secours de la couverture sant\u00e9 universelle : exemples en Afrique de l\u2019Ouest \u00bb, Alternatives Humanitaires, n\u00b012, novembre 2019, p. 33-48, <a href=\"http:\/\/alternatives-humanitaires.org\/fr\/2019\/11\/13\/la-demographie-au-secours-de-la-couverture-sante-universelleexemples-en-afrique-de-louest\/\">http:\/\/alternatives-humanitaires.org\/fr\/2019\/11\/13\/la-demographie-au-secours-de-la-couverture-sante-universelleexemples-en-afrique-de-louest\/<\/a> ISBN de l\u2019article (PDF) : 978-2-37704-581-5<\/p>\n\n\n\n<p>RIDDE, Val\u00e9ry.&nbsp;<em>L\u2019acc\u00e8s aux soins de sant\u00e9 en Afrique de l\u2019Ouest: Au-del\u00e0 des id\u00e9ologies et&nbsp;des&nbsp;id\u00e9es&nbsp;re\u00e7ues.<\/em>&nbsp;New edition [online]. Montr\u00e9al: Presses de l\u2019Universit\u00e9 de Montr\u00e9al, 2012 (generated 28 June 2021). Available on the Internet: &lt;http:\/\/books.openedition.org\/pum\/8686&gt;. ISBN: 9782821898356. DOI: <a href=\"https:\/\/doi.org\/10.4000\/books.pum.8686\">https:\/\/doi.org\/10.4000\/books.pum.8686<\/a><\/p>\n\n\n\n<p>Website: <a href=\"http:\/\/www.origine-burkina.org\">http:\/\/www.origine-burkina.org<\/a><\/p>\n\n\n\n<h4 class=\"wp-block-heading\"><span style=\"text-decoration: underline\">Nina Wallerstein<\/span><\/h4>\n\n\n\n<p>Wallerstein, N., Oetzel, J. G., Sanchez-Youngman, S., Boursaw, B., Dickson, E., Kastelic, S., Koegel, P., Lucero, J. E., Magarati, M., Ortiz, K., Parker, M., Pe\u00f1a, J., Richmond, A., &amp; Duran, B. (2020). Engage for Equity: A Long-Term Study of Community-Based Participatory Research and Community-Engaged Research Practices and Outcomes. Health Education &amp; Behavior, 47(3), 380\u2013390. <a href=\"https:\/\/doi.org\/10.1177\/1090198119897075\">https:\/\/doi.org\/10.1177\/1090198119897075<\/a> <\/p>\n\n\n\n<p>Wallerstein, N., Muhammad, M., Sanchez-Youngman, S., Rodriguez Espinosa, P., Avila, M., Baker, E. A., Barnett, S., Belone, L., Golub, M., Lucero, J., Mahdi, I., Noyes, E., Nguyen, T., Roubideaux, Y., Sigo, R., &amp; Duran, B. (2019). Power Dynamics in Community-Based Participatory Research: A Multiple\u2013Case Study Analysis of Partnering Contexts, Histories, and Practices. Health Education &amp; Behavior, 46(1_suppl), 19S-32S. <a href=\"https:\/\/doi.org\/10.1177\/1090198119852998\">https:\/\/doi.org\/10.1177\/1090198119852998<\/a><\/p>\n\n\n\n<p>Belone, L., Tosca, J., Shendo, K., Toya, A., Straits, K., Tafoya, G., Rae, R., Noyes, E., Bird, D. &amp; Wallerstein, N. (2016). <a href=\"https:\/\/unescochair-ghe.org\/wp-content\/uploads\/2021\/07\/Belone-et-al_2016ChapterJemezCC.pdf\" target=\"_blank\" rel=\"noreferrer noopener\">Community-based participatory research for cocreating interventions with native communities: a partnership between the University of New Mexico and the Pueblo of Jemez<\/a>. <\/p>\n","protected":false},"excerpt":{"rendered":"<p>From 6 to 8 July 2021 the UNESCO Chair and WHO Collaborating Center on Global Health &amp; Education and EHESP organised the first edition of the Global Community Health Annual &hellip;<\/p>","protected":false},"author":3,"featured_media":3645,"comment_status":"closed","ping_status":"closed","sticky":false,"template":"","format":"standard","meta":{"footnotes":"","_links_to":"","_links_to_target":""},"categories":[49],"tags":[18,31,12,30],"class_list":["post-4060","post","type-post","status-publish","format-standard","has-post-thumbnail","hentry","category-case","tag-community","tag-health","tag-health-promotion","tag-workshop"],"_links":{"self":[{"href":"https:\/\/unescochair-ghe.org\/fa\/wp-json\/wp\/v2\/posts\/4060","targetHints":{"allow":["GET"]}}],"collection":[{"href":"https:\/\/unescochair-ghe.org\/fa\/wp-json\/wp\/v2\/posts"}],"about":[{"href":"https:\/\/unescochair-ghe.org\/fa\/wp-json\/wp\/v2\/types\/post"}],"author":[{"embeddable":true,"href":"https:\/\/unescochair-ghe.org\/fa\/wp-json\/wp\/v2\/users\/3"}],"replies":[{"embeddable":true,"href":"https:\/\/unescochair-ghe.org\/fa\/wp-json\/wp\/v2\/comments?post=4060"}],"version-history":[{"count":116,"href":"https:\/\/unescochair-ghe.org\/fa\/wp-json\/wp\/v2\/posts\/4060\/revisions"}],"predecessor-version":[{"id":7212,"href":"https:\/\/unescochair-ghe.org\/fa\/wp-json\/wp\/v2\/posts\/4060\/revisions\/7212"}],"wp:featuredmedia":[{"embeddable":true,"href":"https:\/\/unescochair-ghe.org\/fa\/wp-json\/wp\/v2\/media\/3645"}],"wp:attachment":[{"href":"https:\/\/unescochair-ghe.org\/fa\/wp-json\/wp\/v2\/media?parent=4060"}],"wp:term":[{"taxonomy":"category","embeddable":true,"href":"https:\/\/unescochair-ghe.org\/fa\/wp-json\/wp\/v2\/categories?post=4060"},{"taxonomy":"post_tag","embeddable":true,"href":"https:\/\/unescochair-ghe.org\/fa\/wp-json\/wp\/v2\/tags?post=4060"}],"curies":[{"name":"wp","href":"https:\/\/api.w.org\/{rel}","templated":true}]}}