{"id":3601,"date":"2021-04-20T12:01:43","date_gmt":"2021-04-20T10:01:43","guid":{"rendered":"https:\/\/unescochair-ghe.org\/?p=3601"},"modified":"2022-11-29T14:05:41","modified_gmt":"2022-11-29T13:05:41","slug":"11-may-2021-school-health-promotion-in-latin-america-lessons-learned","status":"publish","type":"post","link":"https:\/\/unescochair-ghe.org\/fa\/11-may-2021-school-health-promotion-in-latin-america-lessons-learned\/","title":{"rendered":"11 May 2021 &#8211; School Health Promotion in Latin America: Lessons Learned"},"content":{"rendered":"<h3 class=\"wp-block-heading\"><a href=\"https:\/\/unescochair-ghe.org\/fa\/webinars\/\">\u0633\u0631\u06cc \u0648\u0628\u06cc\u0646\u0627\u0631 \u0647\u0627\u06cc \u06a9\u0631\u0633\u06cc \u062c\u0647\u0627\u0646\u06cc \u0633\u0644\u0627\u0645\u062a \u0648 \u0622\u0645\u0648\u0632\u0634<\/a><\/h3>\n\n\n\n<h4 class=\"wp-block-heading\">11 May 2021<\/h4>\n\n\n\n<p><a href=\"https:\/\/unescochair-ghe.org\/fa\/11-mayo-2021-lecciones-y-desafios-de-la-promocion-de-la-salud-escolar-en-america-latina\/\">Versi\u00f3n en espag\u00f1ol<\/a><\/p>\n\n\n\n<h4 class=\"wp-block-heading\">Moderator<\/h4>\n\n\n\n<div class=\"wp-block-columns is-layout-flex wp-container-core-columns-is-layout-9d6595d7 wp-block-columns-is-layout-flex\">\n<div class=\"wp-block-column is-layout-flow wp-block-column-is-layout-flow\" style=\"flex-basis:33.33%\"><div class=\"wp-block-image is-style-rounded\">\n<figure class=\"aligncenter size-full is-resized\"><img decoding=\"async\" data-src=\"https:\/\/unescochair-ghe.org\/wp-content\/uploads\/2020\/10\/Foto-de-Dr.-Hiram-V.-Arroyo-cut.png\" alt=\"\" class=\"wp-image-2113 lazyload\" width=\"145\" height=\"149\" src=\"data:image\/svg+xml;base64,PHN2ZyB3aWR0aD0iMSIgaGVpZ2h0PSIxIiB4bWxucz0iaHR0cDovL3d3dy53My5vcmcvMjAwMC9zdmciPjwvc3ZnPg==\" style=\"--smush-placeholder-width: 145px; --smush-placeholder-aspect-ratio: 145\/149;\" \/><\/figure>\n<\/div><\/div>\n\n\n\n<div class=\"wp-block-column is-layout-flow wp-block-column-is-layout-flow\" style=\"flex-basis:66.66%\">\n<p><strong>Dr. Hiram V. Arroyo<\/strong>, Professor, Director, Department of Social Sciences, Director, World Health Organization (WHO\/PAHO) Collaborating Centre for Training and Research in Health Promotion and Health Education, Faculty of Biosocial Sciences and Graduate School of Public Health, Medical Sciences Campus, University of Puerto Rico<\/p>\n<\/div>\n<\/div>\n\n\n\n<h4 class=\"wp-block-heading\">\u0633\u062e\u0646\u0631\u0627\u0646\u0627\u0646<\/h4>\n\n\n\n<div class=\"wp-block-columns is-layout-flex wp-container-core-columns-is-layout-9d6595d7 wp-block-columns-is-layout-flex\">\n<div class=\"wp-block-column is-layout-flow wp-block-column-is-layout-flow\" style=\"flex-basis:33.33%\"><div class=\"wp-block-image is-style-rounded\">\n<figure class=\"aligncenter size-medium is-resized\"><img decoding=\"async\" data-src=\"https:\/\/unescochair-ghe.org\/wp-content\/uploads\/2021\/04\/Blanca-Patricia-Mantilla.-Perfil-300x300.jpg\" alt=\"\" class=\"wp-image-3602 lazyload\" width=\"150\" height=\"150\" data-srcset=\"https:\/\/unescochair-ghe.org\/wp-content\/uploads\/2021\/04\/Blanca-Patricia-Mantilla.-Perfil-300x300.jpg 300w, https:\/\/unescochair-ghe.org\/wp-content\/uploads\/2021\/04\/Blanca-Patricia-Mantilla.-Perfil-150x150.jpg 150w, https:\/\/unescochair-ghe.org\/wp-content\/uploads\/2021\/04\/Blanca-Patricia-Mantilla.-Perfil-12x12.jpg 12w, https:\/\/unescochair-ghe.org\/wp-content\/uploads\/2021\/04\/Blanca-Patricia-Mantilla.-Perfil-299x300.jpg 299w, https:\/\/unescochair-ghe.org\/wp-content\/uploads\/2021\/04\/Blanca-Patricia-Mantilla.-Perfil-512x512.jpg 512w, https:\/\/unescochair-ghe.org\/wp-content\/uploads\/2021\/04\/Blanca-Patricia-Mantilla.-Perfil.jpg 720w\" data-sizes=\"(max-width: 150px) 100vw, 150px\" src=\"data:image\/svg+xml;base64,PHN2ZyB3aWR0aD0iMSIgaGVpZ2h0PSIxIiB4bWxucz0iaHR0cDovL3d3dy53My5vcmcvMjAwMC9zdmciPjwvc3ZnPg==\" style=\"--smush-placeholder-width: 150px; --smush-placeholder-aspect-ratio: 150\/150;\" \/><\/figure>\n<\/div><\/div>\n\n\n\n<div class=\"wp-block-column is-layout-flow wp-block-column-is-layout-flow\" style=\"flex-basis:66.66%\">\n<p><strong>Prof. Blanca Patricia Mantilla Uribe<\/strong>, Director Instituto Proinapsa, WHO Collaborating Centre for Health Promotion and Sexual and Reproductive Health, Faculty of Health, Universidad Industrial de Santander, Colombia<\/p>\n<\/div>\n<\/div>\n\n\n\n<div class=\"wp-block-columns is-layout-flex wp-container-core-columns-is-layout-9d6595d7 wp-block-columns-is-layout-flex\">\n<div class=\"wp-block-column is-layout-flow wp-block-column-is-layout-flow\" style=\"flex-basis:33.33%\"><div class=\"wp-block-image is-style-rounded\">\n<figure class=\"aligncenter size-large is-resized\"><img decoding=\"async\" data-src=\"https:\/\/unescochair-ghe.org\/wp-content\/uploads\/2021\/04\/Photo-Ks.png\" alt=\"\" class=\"wp-image-3603 lazyload\" width=\"150\" height=\"150\" data-srcset=\"https:\/\/unescochair-ghe.org\/wp-content\/uploads\/2021\/04\/Photo-Ks.png 150w, https:\/\/unescochair-ghe.org\/wp-content\/uploads\/2021\/04\/Photo-Ks-12x12.png 12w\" data-sizes=\"(max-width: 150px) 100vw, 150px\" src=\"data:image\/svg+xml;base64,PHN2ZyB3aWR0aD0iMSIgaGVpZ2h0PSIxIiB4bWxucz0iaHR0cDovL3d3dy53My5vcmcvMjAwMC9zdmciPjwvc3ZnPg==\" style=\"--smush-placeholder-width: 150px; --smush-placeholder-aspect-ratio: 150\/150;\" \/><\/figure>\n<\/div><\/div>\n\n\n\n<div class=\"wp-block-column is-layout-flow wp-block-column-is-layout-flow\" style=\"flex-basis:66.66%\">\n<p><strong>Prof.<\/strong> <strong>Karina Cimmino<\/strong>, Member of the Social Sciences and Health Programme of FLACSO Argentina<\/p>\n<\/div>\n<\/div>\n\n\n\n<p><i class=\"fas fa-globe\"><\/i> Spanish<\/p>\n\n\n\n<hr class=\"wp-block-separator has-css-opacity is-style-wide\" \/>\n\n\n\n\n\n<h3 class=\"wp-block-heading\">\u062e\u0644\u0627\u0635\u0647<\/h3>\n\n\n\n<p>During this webinar the experts will reflect on the lessons learned in the past 35 years with regard to health promotion in schools in Latin America.<\/p>\n\n\n\n<p>The experts will address the following questions:<\/p>\n\n\n\n<div class=\"wp-block-columns is-layout-flex wp-container-core-columns-is-layout-9d6595d7 wp-block-columns-is-layout-flex\">\n<div class=\"wp-block-column is-layout-flow wp-block-column-is-layout-flow\" style=\"flex-basis:33.33%\">\n<figure class=\"wp-block-embed is-type-video is-provider-youtube wp-block-embed-youtube wp-embed-aspect-16-9 wp-has-aspect-ratio\"><div class=\"wp-block-embed__wrapper\">\n<iframe title=\"Lecciones y Desaf\u00edos de la Promoci\u00f3n de la Salud Escolar en Am\u00e9rica Latina - Prof. Karina Cimmino\" width=\"1233\" height=\"694\" data-src=\"https:\/\/www.youtube.com\/embed\/8H8oBacKgMQ?feature=oembed\" frameborder=\"0\" allow=\"accelerometer; autoplay; clipboard-write; encrypted-media; gyroscope; picture-in-picture; web-share\" referrerpolicy=\"strict-origin-when-cross-origin\" allowfullscreen src=\"data:image\/svg+xml;base64,PHN2ZyB3aWR0aD0iMSIgaGVpZ2h0PSIxIiB4bWxucz0iaHR0cDovL3d3dy53My5vcmcvMjAwMC9zdmciPjwvc3ZnPg==\" class=\"lazyload\" data-load-mode=\"1\"><\/iframe>\n<\/div><\/figure>\n<\/div>\n\n\n\n<div class=\"wp-block-column is-vertically-aligned-center is-layout-flow wp-block-column-is-layout-flow\" style=\"flex-basis:66.66%\">\n<p>\u00bfCu\u00e1l ha sido el aporte de la Promoci\u00f3n de la Salud Escolar en la promoci\u00f3n del desarrollo y la equidad en salud de la ni\u00f1ez y adolescencia en Am\u00e9rica Latina? \/ <em>What has been the contribution of School Health Promotion in promoting development and equity in health for children and adolescents in Latin America?<\/em> &#8211; <strong>Prof. Karina Cimmino<\/strong><\/p>\n\n\n\n<p><\/p>\n<\/div>\n<\/div>\n\n\n\n<div class=\"wp-block-columns is-layout-flex wp-container-core-columns-is-layout-9d6595d7 wp-block-columns-is-layout-flex\">\n<div class=\"wp-block-column is-layout-flow wp-block-column-is-layout-flow\" style=\"flex-basis:33.33%\">\n<figure class=\"wp-block-embed is-type-video is-provider-youtube wp-block-embed-youtube wp-embed-aspect-16-9 wp-has-aspect-ratio\"><div class=\"wp-block-embed__wrapper\">\n<iframe title=\"Lecciones y Desaf\u00edos de la Promoci\u00f3n de la Salud Escolar en Am\u00e9rica Latina - Prof. Blanca Uribe\" width=\"1233\" height=\"694\" data-src=\"https:\/\/www.youtube.com\/embed\/qMByS5Cyv6A?feature=oembed\" frameborder=\"0\" allow=\"accelerometer; autoplay; clipboard-write; encrypted-media; gyroscope; picture-in-picture; web-share\" referrerpolicy=\"strict-origin-when-cross-origin\" allowfullscreen src=\"data:image\/svg+xml;base64,PHN2ZyB3aWR0aD0iMSIgaGVpZ2h0PSIxIiB4bWxucz0iaHR0cDovL3d3dy53My5vcmcvMjAwMC9zdmciPjwvc3ZnPg==\" class=\"lazyload\" data-load-mode=\"1\"><\/iframe>\n<\/div><\/figure>\n<\/div>\n\n\n\n<div class=\"wp-block-column is-vertically-aligned-center is-layout-flow wp-block-column-is-layout-flow\" style=\"flex-basis:66.66%\">\n<p>\u00bfCu\u00e1les han sido los avances, los componentes distintivos \/ potenciales y el aporte de las redes en el trabajo del Movimiento de Promoci\u00f3n de la Salud Escolar en Am\u00e9rica Latina? \/ <em>What have been the advances, the distinctive\/potential components and the contribution of the networks on school health promotion in Latin America?<\/em> &#8211; <strong>Prof. Blanca Patricia Mantilla Uribe<\/strong><\/p>\n<\/div>\n<\/div>\n\n\n\n<div class=\"wp-block-columns is-layout-flex wp-container-core-columns-is-layout-9d6595d7 wp-block-columns-is-layout-flex\">\n<div class=\"wp-block-column is-layout-flow wp-block-column-is-layout-flow\" style=\"flex-basis:33.33%\">\n<figure class=\"wp-block-embed is-type-video is-provider-youtube wp-block-embed-youtube wp-embed-aspect-16-9 wp-has-aspect-ratio\"><div class=\"wp-block-embed__wrapper\">\n<iframe title=\"Lecciones y Desaf\u00edos de la Promoci\u00f3n de la Salud Escolar en Am\u00e9rica Latina - Q3\" width=\"1233\" height=\"694\" data-src=\"https:\/\/www.youtube.com\/embed\/krG3My0dy3M?feature=oembed\" frameborder=\"0\" allow=\"accelerometer; autoplay; clipboard-write; encrypted-media; gyroscope; picture-in-picture; web-share\" referrerpolicy=\"strict-origin-when-cross-origin\" allowfullscreen src=\"data:image\/svg+xml;base64,PHN2ZyB3aWR0aD0iMSIgaGVpZ2h0PSIxIiB4bWxucz0iaHR0cDovL3d3dy53My5vcmcvMjAwMC9zdmciPjwvc3ZnPg==\" class=\"lazyload\" data-load-mode=\"1\"><\/iframe>\n<\/div><\/figure>\n<\/div>\n\n\n\n<div class=\"wp-block-column is-vertically-aligned-center is-layout-flow wp-block-column-is-layout-flow\" style=\"flex-basis:66.66%\">\n<p>\u00bfQu\u00e9 caminos pol\u00edticos, acciones program\u00e1ticas y otras oportunidades deber\u00edan dar forma a la agenda futura del Movimiento Latinoamericano de Promoci\u00f3n de la Salud Escolar? \/ <em>What political paths, programmatic actions and other opportunities should shape the future agenda of the Latin American School Health Promotion Movement? <\/em>&#8211; <strong>Prof. Karina Cimmino<\/strong> <strong>y Prof. Blanca Patricia Mantilla Uribe<\/strong><\/p>\n<\/div>\n<\/div>\n\n\n\n<div class=\"wp-block-columns is-layout-flex wp-container-core-columns-is-layout-9d6595d7 wp-block-columns-is-layout-flex\">\n<div class=\"wp-block-column is-layout-flow wp-block-column-is-layout-flow\" style=\"flex-basis:33.33%\">\n<figure class=\"wp-block-embed is-type-video is-provider-youtube wp-block-embed-youtube wp-embed-aspect-16-9 wp-has-aspect-ratio\"><div class=\"wp-block-embed__wrapper\">\n<iframe title=\"Webinario Lecciones y Desaf\u00edos de la Promoci\u00f3n de la Salud Escolar en Am\u00e9rica Latina\" width=\"1233\" height=\"694\" data-src=\"https:\/\/www.youtube.com\/embed\/S4RnCA-sxY0?feature=oembed\" frameborder=\"0\" allow=\"accelerometer; autoplay; clipboard-write; encrypted-media; gyroscope; picture-in-picture; web-share\" referrerpolicy=\"strict-origin-when-cross-origin\" allowfullscreen src=\"data:image\/svg+xml;base64,PHN2ZyB3aWR0aD0iMSIgaGVpZ2h0PSIxIiB4bWxucz0iaHR0cDovL3d3dy53My5vcmcvMjAwMC9zdmciPjwvc3ZnPg==\" class=\"lazyload\" data-load-mode=\"1\"><\/iframe>\n<\/div><\/figure>\n<\/div>\n\n\n\n<div class=\"wp-block-column is-layout-flow wp-block-column-is-layout-flow\"><\/div>\n\n\n\n<div class=\"wp-block-column is-vertically-aligned-center is-layout-flow wp-block-column-is-layout-flow\" style=\"flex-basis:66.66%\">\n<p>Full video of the webinar in Spanish<\/p>\n<\/div>\n<\/div>\n\n\n\n<hr class=\"wp-block-separator has-css-opacity is-style-wide\" \/>\n\n\n\n<h3 class=\"wp-block-heading\">Participants&#8217;contribution<\/h3>\n\n\n\n<figure class=\"wp-block-image size-large\"><img decoding=\"async\" width=\"986\" height=\"461\" data-src=\"https:\/\/unescochair-ghe.org\/wp-content\/uploads\/2021\/05\/Chat-en-Q.png\" alt=\"\" class=\"wp-image-3810 lazyload\" data-srcset=\"https:\/\/unescochair-ghe.org\/wp-content\/uploads\/2021\/05\/Chat-en-Q.png 986w, https:\/\/unescochair-ghe.org\/wp-content\/uploads\/2021\/05\/Chat-en-Q-300x140.png 300w, https:\/\/unescochair-ghe.org\/wp-content\/uploads\/2021\/05\/Chat-en-Q-768x359.png 768w, https:\/\/unescochair-ghe.org\/wp-content\/uploads\/2021\/05\/Chat-en-Q-16x7.png 16w, https:\/\/unescochair-ghe.org\/wp-content\/uploads\/2021\/05\/Chat-en-Q-373x174.png 373w, https:\/\/unescochair-ghe.org\/wp-content\/uploads\/2021\/05\/Chat-en-Q-640x300.png 640w\" data-sizes=\"(max-width: 986px) 100vw, 986px\" src=\"data:image\/svg+xml;base64,PHN2ZyB3aWR0aD0iMSIgaGVpZ2h0PSIxIiB4bWxucz0iaHR0cDovL3d3dy53My5vcmcvMjAwMC9zdmciPjwvc3ZnPg==\" style=\"--smush-placeholder-width: 986px; --smush-placeholder-aspect-ratio: 986\/461;\" \/><\/figure>\n\n\n\n<hr class=\"wp-block-separator has-css-opacity is-style-wide\" \/>\n\n\n\n<h3 class=\"wp-block-heading\">\u0645\u0646\u0627\u0628\u0639<\/h3>\n\n\n\n<p>Blanca Patricia Mantilla Uribe, Jacqueline Hern\u00e1ndez S\u00e1nchez, Mar\u00eda Constanza Hakspiel Plata, Alba Yaneth Rinc\u00f3n M\u00e9ndez, Mar\u00eda del Pilar Oviedo C\u00e1ceres. <a rel=\"noreferrer noopener\" href=\"http:\/\/proinapsa.uis.edu.co\/index.php\/top-blocks\/233-libro\" target=\"_blank\">Promoci\u00f3n de la salud en la escuela. Mirada al ayer y retos en Am\u00e9rica Latina<\/a>. Instituto Proinapsa, Universidad Industrial de Santander<\/p>\n\n\n\n<hr class=\"wp-block-separator has-css-opacity is-style-wide\" \/>\n\n\n\n<p>This webinar is organised by the UNESCO Chair and WHO Collaborating Center Global Health &amp; Education in collaboration with the <a rel=\"noreferrer noopener\" href=\"https:\/\/www.upr.edu\/\" target=\"_blank\">University of Puerto Rico<\/a>, the <a href=\"https:\/\/www.uis.edu.co\/webUIS\/es\/index.jsp\" target=\"_blank\" rel=\"noreferrer noopener\">Universidad Industrial de Santander<\/a>, <a href=\"https:\/\/www.flacso.org.ar\/\" target=\"_blank\" rel=\"noreferrer noopener\">FLACSO Argentina<\/a> and supported by <a rel=\"noreferrer noopener\" href=\"https:\/\/www.emeraldgrouppublishing.com\/journal\/he\" target=\"_blank\">Emerald Publishing<\/a>.<\/p>\n\n\n\n<figure class=\"wp-block-image size-large\"><img decoding=\"async\" width=\"1024\" height=\"536\" data-src=\"https:\/\/unescochair-ghe.org\/wp-content\/uploads\/2021\/04\/Webinar-School-Health-Promotion-in-Latin-America-1-1024x536.png\" alt=\"\" class=\"wp-image-3695 lazyload\" data-srcset=\"https:\/\/unescochair-ghe.org\/wp-content\/uploads\/2021\/04\/Webinar-School-Health-Promotion-in-Latin-America-1-1024x536.png 1024w, https:\/\/unescochair-ghe.org\/wp-content\/uploads\/2021\/04\/Webinar-School-Health-Promotion-in-Latin-America-1-300x157.png 300w, https:\/\/unescochair-ghe.org\/wp-content\/uploads\/2021\/04\/Webinar-School-Health-Promotion-in-Latin-America-1-768x402.png 768w, https:\/\/unescochair-ghe.org\/wp-content\/uploads\/2021\/04\/Webinar-School-Health-Promotion-in-Latin-America-1-16x8.png 16w, https:\/\/unescochair-ghe.org\/wp-content\/uploads\/2021\/04\/Webinar-School-Health-Promotion-in-Latin-America-1-373x195.png 373w, https:\/\/unescochair-ghe.org\/wp-content\/uploads\/2021\/04\/Webinar-School-Health-Promotion-in-Latin-America-1.png 1200w\" data-sizes=\"(max-width: 1024px) 100vw, 1024px\" src=\"data:image\/svg+xml;base64,PHN2ZyB3aWR0aD0iMSIgaGVpZ2h0PSIxIiB4bWxucz0iaHR0cDovL3d3dy53My5vcmcvMjAwMC9zdmciPjwvc3ZnPg==\" style=\"--smush-placeholder-width: 1024px; --smush-placeholder-aspect-ratio: 1024\/536;\" \/><\/figure>","protected":false},"excerpt":{"rendered":"<p>Global Health &amp; Education webinar series 11 May 2021 Versi\u00f3n en espag\u00f1ol Moderator Dr. Hiram V. Arroyo, Professor, Director, Department of Social Sciences, Director, World Health Organization (WHO\/PAHO) Collaborating Centre &hellip;<\/p>","protected":false},"author":3,"featured_media":3697,"comment_status":"closed","ping_status":"closed","sticky":false,"template":"","format":"standard","meta":{"footnotes":"","_links_to":"","_links_to_target":""},"categories":[48],"tags":[12,17,27],"class_list":["post-3601","post","type-post","status-publish","format-standard","has-post-thumbnail","hentry","category-webinar","tag-health-promotion","tag-school","tag-webinar"],"_links":{"self":[{"href":"https:\/\/unescochair-ghe.org\/fa\/wp-json\/wp\/v2\/posts\/3601","targetHints":{"allow":["GET"]}}],"collection":[{"href":"https:\/\/unescochair-ghe.org\/fa\/wp-json\/wp\/v2\/posts"}],"about":[{"href":"https:\/\/unescochair-ghe.org\/fa\/wp-json\/wp\/v2\/types\/post"}],"author":[{"embeddable":true,"href":"https:\/\/unescochair-ghe.org\/fa\/wp-json\/wp\/v2\/users\/3"}],"replies":[{"embeddable":true,"href":"https:\/\/unescochair-ghe.org\/fa\/wp-json\/wp\/v2\/comments?post=3601"}],"version-history":[{"count":20,"href":"https:\/\/unescochair-ghe.org\/fa\/wp-json\/wp\/v2\/posts\/3601\/revisions"}],"predecessor-version":[{"id":5945,"href":"https:\/\/unescochair-ghe.org\/fa\/wp-json\/wp\/v2\/posts\/3601\/revisions\/5945"}],"wp:featuredmedia":[{"embeddable":true,"href":"https:\/\/unescochair-ghe.org\/fa\/wp-json\/wp\/v2\/media\/3697"}],"wp:attachment":[{"href":"https:\/\/unescochair-ghe.org\/fa\/wp-json\/wp\/v2\/media?parent=3601"}],"wp:term":[{"taxonomy":"category","embeddable":true,"href":"https:\/\/unescochair-ghe.org\/fa\/wp-json\/wp\/v2\/categories?post=3601"},{"taxonomy":"post_tag","embeddable":true,"href":"https:\/\/unescochair-ghe.org\/fa\/wp-json\/wp\/v2\/tags?post=3601"}],"curies":[{"name":"wp","href":"https:\/\/api.w.org\/{rel}","templated":true}]}}