{"id":3545,"date":"2022-01-25T12:33:00","date_gmt":"2022-01-25T11:33:00","guid":{"rendered":"https:\/\/unescochair-ghe.org\/?p=3545"},"modified":"2022-02-24T17:35:10","modified_gmt":"2022-02-24T16:35:10","slug":"17-february-2022-implications-of-adultcentrism-on-the-health-of-children-and-adolescents-in-latin-america","status":"publish","type":"post","link":"https:\/\/unescochair-ghe.org\/fa\/17-february-2022-implications-of-adultcentrism-on-the-health-of-children-and-adolescents-in-latin-america\/","title":{"rendered":"17 February 2022 &#8211; Implications of adultcentrism on the health of children and adolescents in Latin America"},"content":{"rendered":"<h3 class=\"wp-block-heading\"><a href=\"https:\/\/unescochair-ghe.org\/fa\/webinars\/\">\u0633\u0631\u06cc \u0648\u0628\u06cc\u0646\u0627\u0631 \u0647\u0627\u06cc \u06a9\u0631\u0633\u06cc \u062c\u0647\u0627\u0646\u06cc \u0633\u0644\u0627\u0645\u062a \u0648 \u0622\u0645\u0648\u0632\u0634<\/a><\/h3>\n\n\n\n<h4 class=\"wp-block-heading\"><a href=\"https:\/\/unescochair-ghe.org\/fa\/17-febrero-2022-implicaciones-del-adultocentrismo-en-la-salud-de-las-infancias-y-juventudes-de-america-latina\/\">Versi\u00f3n en espa\u00f1ol<\/a><\/h4>\n\n\n\n<h4 class=\"wp-block-heading\">Moderator<\/h4>\n\n\n\n<div class=\"wp-block-columns is-layout-flex wp-container-core-columns-is-layout-9d6595d7 wp-block-columns-is-layout-flex\">\n<div class=\"wp-block-column is-layout-flow wp-block-column-is-layout-flow\" style=\"flex-basis:100%\">\n<div class=\"wp-block-columns is-layout-flex wp-container-core-columns-is-layout-9d6595d7 wp-block-columns-is-layout-flex\">\n<div class=\"wp-block-column is-layout-flow wp-block-column-is-layout-flow\" style=\"flex-basis:33.33%\">\n<div class=\"wp-block-image is-style-rounded\"><figure class=\"aligncenter size-medium is-resized\"><img decoding=\"async\" data-src=\"https:\/\/unescochair-ghe.org\/wp-content\/uploads\/2020\/10\/Marinilda-Rivera-Diaz-290x300.png\" alt=\"\" class=\"wp-image-2083 lazyload\" width=\"218\" height=\"225\" data-srcset=\"https:\/\/unescochair-ghe.org\/wp-content\/uploads\/2020\/10\/Marinilda-Rivera-Diaz-290x300.png 290w, https:\/\/unescochair-ghe.org\/wp-content\/uploads\/2020\/10\/Marinilda-Rivera-Diaz-990x1024.png 990w, https:\/\/unescochair-ghe.org\/wp-content\/uploads\/2020\/10\/Marinilda-Rivera-Diaz-768x794.png 768w, https:\/\/unescochair-ghe.org\/wp-content\/uploads\/2020\/10\/Marinilda-Rivera-Diaz-373x386.png 373w, https:\/\/unescochair-ghe.org\/wp-content\/uploads\/2020\/10\/Marinilda-Rivera-Diaz.png 1160w\" data-sizes=\"(max-width: 218px) 100vw, 218px\" src=\"data:image\/svg+xml;base64,PHN2ZyB3aWR0aD0iMSIgaGVpZ2h0PSIxIiB4bWxucz0iaHR0cDovL3d3dy53My5vcmcvMjAwMC9zdmciPjwvc3ZnPg==\" style=\"--smush-placeholder-width: 218px; --smush-placeholder-aspect-ratio: 218\/225;\" \/><\/figure><\/div>\n<\/div>\n\n\n\n<div class=\"wp-block-column is-layout-flow wp-block-column-is-layout-flow\" style=\"flex-basis:66.66%\">\n<p><strong>Dr. Marinilda Rivera D\u00edaz<\/strong>, Puerto Rico.&nbsp;Coordinator of the Doctoral Programme in Social Determinants of Health at the Graduate School of Public Health, Department of Social Sciences, Medical Sciences Campus, University of Puerto Rico. Education Delegate for Latin America and the Caribbean of the International Federation of Social Workers. Coordinator of the Working Group on International Health and Health Sovereignty of the Latin American Council of Social Sciences.<\/p>\n<\/div>\n<\/div>\n\n\n\n<h4 class=\"wp-block-heading\">\u0633\u062e\u0646\u0631\u0627\u0646\u0627\u0646<\/h4>\n\n\n\n<div class=\"wp-block-columns is-layout-flex wp-container-core-columns-is-layout-9d6595d7 wp-block-columns-is-layout-flex\">\n<div class=\"wp-block-column is-layout-flow wp-block-column-is-layout-flow\" style=\"flex-basis:100%\">\n<div class=\"wp-block-columns is-layout-flex wp-container-core-columns-is-layout-9d6595d7 wp-block-columns-is-layout-flex\">\n<div class=\"wp-block-column is-layout-flow wp-block-column-is-layout-flow\" style=\"flex-basis:33.33%\">\n<div class=\"wp-block-image is-style-rounded\"><figure class=\"aligncenter size-medium is-resized\"><img decoding=\"async\" data-src=\"https:\/\/unescochair-ghe.org\/wp-content\/uploads\/2021\/04\/Ivan-de-Jesus-Rosa-300x300.jpg\" alt=\"\" class=\"wp-image-3546 lazyload\" width=\"225\" height=\"225\" data-srcset=\"https:\/\/unescochair-ghe.org\/wp-content\/uploads\/2021\/04\/Ivan-de-Jesus-Rosa-300x300.jpg 300w, https:\/\/unescochair-ghe.org\/wp-content\/uploads\/2021\/04\/Ivan-de-Jesus-Rosa-150x150.jpg 150w, https:\/\/unescochair-ghe.org\/wp-content\/uploads\/2021\/04\/Ivan-de-Jesus-Rosa-12x12.jpg 12w, https:\/\/unescochair-ghe.org\/wp-content\/uploads\/2021\/04\/Ivan-de-Jesus-Rosa-512x512.jpg 512w, https:\/\/unescochair-ghe.org\/wp-content\/uploads\/2021\/04\/Ivan-de-Jesus-Rosa.jpg 640w\" data-sizes=\"(max-width: 225px) 100vw, 225px\" src=\"data:image\/svg+xml;base64,PHN2ZyB3aWR0aD0iMSIgaGVpZ2h0PSIxIiB4bWxucz0iaHR0cDovL3d3dy53My5vcmcvMjAwMC9zdmciPjwvc3ZnPg==\" style=\"--smush-placeholder-width: 225px; --smush-placeholder-aspect-ratio: 225\/225;\" \/><\/figure><\/div>\n<\/div>\n\n\n\n<div class=\"wp-block-column is-layout-flow wp-block-column-is-layout-flow\" style=\"flex-basis:66.66%\">\n<p><strong>Dr. Iv\u00e1n De Jes\u00fas Rosa<\/strong>, Lecturer in Social Work, Ana G. M\u00e9ndez University, Puerto Rico<\/p>\n<\/div>\n<\/div>\n<\/div>\n<\/div>\n\n\n\n<div class=\"wp-block-columns is-layout-flex wp-container-core-columns-is-layout-9d6595d7 wp-block-columns-is-layout-flex\">\n<div class=\"wp-block-column is-layout-flow wp-block-column-is-layout-flow\" style=\"flex-basis:33.33%\">\n<div class=\"wp-block-image is-style-rounded\"><figure class=\"aligncenter size-medium is-resized\"><img decoding=\"async\" data-src=\"https:\/\/unescochair-ghe.org\/wp-content\/uploads\/2021\/04\/Elba-Pacheco-282x300.jpg\" alt=\"\" class=\"wp-image-3548 lazyload\" width=\"212\" height=\"225\" data-srcset=\"https:\/\/unescochair-ghe.org\/wp-content\/uploads\/2021\/04\/Elba-Pacheco-282x300.jpg 282w, https:\/\/unescochair-ghe.org\/wp-content\/uploads\/2021\/04\/Elba-Pacheco-963x1024.jpg 963w, https:\/\/unescochair-ghe.org\/wp-content\/uploads\/2021\/04\/Elba-Pacheco-768x816.jpg 768w, https:\/\/unescochair-ghe.org\/wp-content\/uploads\/2021\/04\/Elba-Pacheco-11x12.jpg 11w, https:\/\/unescochair-ghe.org\/wp-content\/uploads\/2021\/04\/Elba-Pacheco.jpg 1095w\" data-sizes=\"(max-width: 212px) 100vw, 212px\" src=\"data:image\/svg+xml;base64,PHN2ZyB3aWR0aD0iMSIgaGVpZ2h0PSIxIiB4bWxucz0iaHR0cDovL3d3dy53My5vcmcvMjAwMC9zdmciPjwvc3ZnPg==\" style=\"--smush-placeholder-width: 212px; --smush-placeholder-aspect-ratio: 212\/225;\" \/><\/figure><\/div>\n<\/div>\n\n\n\n<div class=\"wp-block-column is-layout-flow wp-block-column-is-layout-flow\" style=\"flex-basis:66.66%\">\n<p><strong>Dr. Elba Betancourt D\u00edaz<\/strong>, Lecturer in Social Work, Ana G. M\u00e9ndez University, Puerto Rico<\/p>\n<\/div>\n<\/div>\n<\/div>\n<\/div>\n\n\n\n<p><i class=\"fas fa-globe\"> <\/i> Espa\u00f1ol<\/p>\n\n\n\n<hr class=\"wp-block-separator is-style-wide\" \/>\n\n\n\n<h3 class=\"wp-block-heading\">\u062e\u0644\u0627\u0635\u0647<\/h3>\n\n\n\n<p>This webinar aims to explore the implications of adultcentrism on the overall health of children and adolescents in Latin America. To this end, a conceptual definition of adultcentrism will be presented, focusing on its ideological, economic and political dimensions, explaining its effect on child and adolescent health. Various regional examples of how the health of children and adolescents is undermined as a result of adultcentred views will be presented. Then, the speakers will present how the framework of child and youth citizenship can help us to overcome the impact of adultcentrism on health. Finally, they will point out specific contributions aimed at renewing the framework of health promotion with this age group. The speakers will explore the following questions:<\/p>\n\n\n\n<ol class=\"wp-block-list\"><li>What are the implications of adultcentrism for the health of children and adolescents in Latin America?<\/li><li>How can the framework of child and youth citizenship help us to overcome the impact of adultcentrism on health?<\/li><li>How does our work contribute to the renewal of the health promotion (research) framework? What are the priorities in the field of health promotion?<\/li><\/ol>\n\n\n\n<hr class=\"wp-block-separator is-style-wide\" \/>\n\n\n\n<h2 class=\"wp-block-heading\">Our speakers\u2019contributions<\/h2>\n\n\n\n<div class=\"wp-block-columns is-layout-flex wp-container-core-columns-is-layout-9d6595d7 wp-block-columns-is-layout-flex\">\n<div class=\"wp-block-column is-layout-flow wp-block-column-is-layout-flow\" style=\"flex-basis:33.33%\">\n<figure class=\"wp-block-embed is-type-video is-provider-youtube wp-block-embed-youtube wp-embed-aspect-16-9 wp-has-aspect-ratio\"><div class=\"wp-block-embed__wrapper\">\n<iframe title=\"Implicaciones del adultocentrismo en la salud de las infancias y juventudes de Am\u00e9rica Latina\" width=\"1233\" height=\"694\" data-src=\"https:\/\/www.youtube.com\/embed\/ATdqEkDoeP8?feature=oembed\" frameborder=\"0\" allow=\"accelerometer; autoplay; clipboard-write; encrypted-media; gyroscope; picture-in-picture; web-share\" referrerpolicy=\"strict-origin-when-cross-origin\" allowfullscreen src=\"data:image\/svg+xml;base64,PHN2ZyB3aWR0aD0iMSIgaGVpZ2h0PSIxIiB4bWxucz0iaHR0cDovL3d3dy53My5vcmcvMjAwMC9zdmciPjwvc3ZnPg==\" class=\"lazyload\" data-load-mode=\"1\"><\/iframe>\n<\/div><\/figure>\n<\/div>\n\n\n\n<div class=\"wp-block-column is-layout-flow wp-block-column-is-layout-flow\" style=\"flex-basis:66.66%\">\n<p><strong><a href=\"https:\/\/unescochair-ghe.org\/wp-content\/uploads\/2022\/02\/Webinar-17-FEB-2022.pdf\">The ppt of the webinar<\/a> <\/strong>(in Spanish)<\/p>\n<\/div>\n<\/div>\n\n\n\n<hr class=\"wp-block-separator\" \/>\n\n\n\n<p>This webinar is organised by the UNESCO Chair and WHO Collaborating Center Global Health &amp; Education in collaboration with the <a rel=\"noreferrer noopener\" href=\"https:\/\/www.upr.edu\/\" target=\"_blank\">University of Puerto Rico<\/a> and the <a rel=\"noreferrer noopener\" href=\"https:\/\/usa.uagm.edu\/\" target=\"_blank\">Ana G. M\u00e9ndez University<\/a> and supported by <a rel=\"noreferrer noopener\" href=\"https:\/\/www.emeraldgrouppublishing.com\/journal\/he\" target=\"_blank\">Emerald Publishing<\/a>.<\/p>\n\n\n\n<figure class=\"wp-block-image size-large\"><img decoding=\"async\" width=\"1024\" height=\"536\" data-src=\"https:\/\/unescochair-ghe.org\/wp-content\/uploads\/2022\/01\/Webinar-Implications-of-adultcentrism-EN-1024x536.png\" alt=\"\" class=\"wp-image-4916 lazyload\" data-srcset=\"https:\/\/unescochair-ghe.org\/wp-content\/uploads\/2022\/01\/Webinar-Implications-of-adultcentrism-EN-1024x536.png 1024w, https:\/\/unescochair-ghe.org\/wp-content\/uploads\/2022\/01\/Webinar-Implications-of-adultcentrism-EN-300x157.png 300w, https:\/\/unescochair-ghe.org\/wp-content\/uploads\/2022\/01\/Webinar-Implications-of-adultcentrism-EN-768x402.png 768w, https:\/\/unescochair-ghe.org\/wp-content\/uploads\/2022\/01\/Webinar-Implications-of-adultcentrism-EN-18x9.png 18w, https:\/\/unescochair-ghe.org\/wp-content\/uploads\/2022\/01\/Webinar-Implications-of-adultcentrism-EN-373x195.png 373w, https:\/\/unescochair-ghe.org\/wp-content\/uploads\/2022\/01\/Webinar-Implications-of-adultcentrism-EN.png 1200w\" data-sizes=\"(max-width: 1024px) 100vw, 1024px\" src=\"data:image\/svg+xml;base64,PHN2ZyB3aWR0aD0iMSIgaGVpZ2h0PSIxIiB4bWxucz0iaHR0cDovL3d3dy53My5vcmcvMjAwMC9zdmciPjwvc3ZnPg==\" style=\"--smush-placeholder-width: 1024px; --smush-placeholder-aspect-ratio: 1024\/536;\" \/><\/figure>","protected":false},"excerpt":{"rendered":"<p>Global Health &amp; Education webinar series Versi\u00f3n en espa\u00f1ol Moderator Dr. Marinilda Rivera D\u00edaz, Puerto Rico.&nbsp;Coordinator of the Doctoral Programme in Social Determinants of Health at the Graduate School of &hellip;<\/p>","protected":false},"author":3,"featured_media":4916,"comment_status":"closed","ping_status":"closed","sticky":false,"template":"","format":"standard","meta":{"footnotes":"","_links_to":"","_links_to_target":""},"categories":[48],"tags":[55,23,31,120,27],"class_list":["post-3545","post","type-post","status-publish","format-standard","has-post-thumbnail","hentry","category-webinar","tag-adolescents","tag-children","tag-health","tag-spanish","tag-webinar"],"_links":{"self":[{"href":"https:\/\/unescochair-ghe.org\/fa\/wp-json\/wp\/v2\/posts\/3545","targetHints":{"allow":["GET"]}}],"collection":[{"href":"https:\/\/unescochair-ghe.org\/fa\/wp-json\/wp\/v2\/posts"}],"about":[{"href":"https:\/\/unescochair-ghe.org\/fa\/wp-json\/wp\/v2\/types\/post"}],"author":[{"embeddable":true,"href":"https:\/\/unescochair-ghe.org\/fa\/wp-json\/wp\/v2\/users\/3"}],"replies":[{"embeddable":true,"href":"https:\/\/unescochair-ghe.org\/fa\/wp-json\/wp\/v2\/comments?post=3545"}],"version-history":[{"count":17,"href":"https:\/\/unescochair-ghe.org\/fa\/wp-json\/wp\/v2\/posts\/3545\/revisions"}],"predecessor-version":[{"id":5024,"href":"https:\/\/unescochair-ghe.org\/fa\/wp-json\/wp\/v2\/posts\/3545\/revisions\/5024"}],"wp:featuredmedia":[{"embeddable":true,"href":"https:\/\/unescochair-ghe.org\/fa\/wp-json\/wp\/v2\/media\/4916"}],"wp:attachment":[{"href":"https:\/\/unescochair-ghe.org\/fa\/wp-json\/wp\/v2\/media?parent=3545"}],"wp:term":[{"taxonomy":"category","embeddable":true,"href":"https:\/\/unescochair-ghe.org\/fa\/wp-json\/wp\/v2\/categories?post=3545"},{"taxonomy":"post_tag","embeddable":true,"href":"https:\/\/unescochair-ghe.org\/fa\/wp-json\/wp\/v2\/tags?post=3545"}],"curies":[{"name":"wp","href":"https:\/\/api.w.org\/{rel}","templated":true}]}}