{"id":2091,"date":"2020-10-27T12:50:04","date_gmt":"2020-10-27T12:50:04","guid":{"rendered":"https:\/\/unescochair-ghe.org\/?page_id=2091"},"modified":"2021-05-03T12:20:54","modified_gmt":"2021-05-03T10:20:54","slug":"neoliberal-globalization-and-migrant-childrens-right-to-health-in-latin-america","status":"publish","type":"post","link":"https:\/\/unescochair-ghe.org\/fa\/neoliberal-globalization-and-migrant-childrens-right-to-health-in-latin-america\/","title":{"rendered":"Neoliberal globalization and migrant children\u2019s right to health in Latin America"},"content":{"rendered":"\n<h3 class=\"wp-block-heading\">Global health &amp; Education webinar series<\/h3>\n\n\n\n<h3 class=\"wp-block-heading\">18 November 2020<\/h3>\n\n\n\n<p><a href=\"https:\/\/unescochair-ghe.org\/resources\/global-health-education-webinar-series\/globalizacion-neoliberal-y-el-derecho-a-la-salud-de-la-ninez-migrante-en-latinoamerica\/\" target=\"_blank\" rel=\"noreferrer noopener\">Versi\u00f3n en espa\u00f1ol<\/a><\/p>\n\n\n\n<h4 class=\"wp-block-heading\">Facilitator<\/h4>\n\n\n\n<div class=\"wp-block-image is-style-rounded\"><figure class=\"alignleft size-large is-resized\"><img decoding=\"async\" data-src=\"https:\/\/unescochair-ghe.org\/wp-content\/uploads\/2020\/10\/Foto-de-Dr.-Hiram-V.-Arroyo-cut.png\" alt=\"\" class=\"wp-image-2113 lazyload\" width=\"145\" height=\"149\" src=\"data:image\/svg+xml;base64,PHN2ZyB3aWR0aD0iMSIgaGVpZ2h0PSIxIiB4bWxucz0iaHR0cDovL3d3dy53My5vcmcvMjAwMC9zdmciPjwvc3ZnPg==\" style=\"--smush-placeholder-width: 145px; --smush-placeholder-aspect-ratio: 145\/149;\" \/><\/figure><\/div>\n\n\n\n<p><i class=\"fas fa-microphone\"><\/i><strong>&nbsp;Dr. Hiram V. Arroyo<\/strong>, Puerto Rico. Professor, Director, Department of Social Sciences, Director, World Health Organization (WHO\/PAHO) Collaborating Centre for Training and Research in Health Promotion and Health Education, Faculty of Biosocial Sciences and Graduate School of Public Health, Medical Sciences Campus, University of Puerto Rico.<\/p>\n\n\n\n<div style=\"height:20px\" aria-hidden=\"true\" class=\"wp-block-spacer\"><\/div>\n\n\n\n<h4 class=\"wp-block-heading\">Speakers<\/h4>\n\n\n\n<div class=\"wp-block-image is-style-rounded\"><figure class=\"alignleft\"><a href=\"https:\/\/unescochair-ghe.org\/wp-content\/uploads\/2020\/10\/Marinilda-Rivera-Diaz-1.png\"><img decoding=\"async\" width=\"150\" height=\"150\" data-src=\"https:\/\/unescochair-ghe.org\/wp-content\/uploads\/2020\/10\/Marinilda-Rivera-Diaz-1-150x150.png\" alt=\"\" class=\"wp-image-2084 lazyload\" src=\"data:image\/svg+xml;base64,PHN2ZyB3aWR0aD0iMSIgaGVpZ2h0PSIxIiB4bWxucz0iaHR0cDovL3d3dy53My5vcmcvMjAwMC9zdmciPjwvc3ZnPg==\" style=\"--smush-placeholder-width: 150px; --smush-placeholder-aspect-ratio: 150\/150;\" \/><\/a><\/figure><\/div>\n\n\n\n<p><strong> <i class=\"fas fa-microphone\"><\/i> Dr. Marinilda Rivera D\u00edaz<\/strong>, Puerto Rico.&nbsp;Coordinator of the Doctoral Programme in Social Determinants of Health at the Graduate School of Public Health, Department of Social Sciences, Medical Sciences Campus, University of Puerto Rico. Education Delegate for Latin America and the Caribbean of the International Federation of Social Workers. Coordinator of the Working Group on International Health and Health Sovereignty of the Latin American Council of Social Sciences.<\/p>\n\n\n\n<div style=\"height:20px\" aria-hidden=\"true\" class=\"wp-block-spacer\"><\/div>\n\n\n\n<div class=\"wp-block-image is-style-rounded\"><figure class=\"alignleft\"><a href=\"https:\/\/unescochair-ghe.org\/wp-content\/uploads\/2020\/10\/Antonio-Hernandez.jpg\"><img decoding=\"async\" width=\"150\" height=\"150\" data-src=\"https:\/\/unescochair-ghe.org\/wp-content\/uploads\/2020\/10\/Antonio-Hernandez-150x150.jpg\" alt=\"\" class=\"wp-image-2085 lazyload\" src=\"data:image\/svg+xml;base64,PHN2ZyB3aWR0aD0iMSIgaGVpZ2h0PSIxIiB4bWxucz0iaHR0cDovL3d3dy53My5vcmcvMjAwMC9zdmciPjwvc3ZnPg==\" style=\"--smush-placeholder-width: 150px; --smush-placeholder-aspect-ratio: 150\/150;\" \/><\/a><\/figure><\/div>\n\n\n\n<p><strong><i class=\"fas fa-microphone\"><\/i> Dr. Antonio Hern\u00e1ndez<\/strong>, El Salvador. Physician and coordinator of the Network of Health Systems and Policies of the Latin American Association of Social Medicine (ALAMES). Researcher of the Working Group on International Health and Sanitary Sovereignty of the Latin American Council of Social Sciences (CLACSO).<\/p>\n\n\n\n<div style=\"height:20px\" aria-hidden=\"true\" class=\"wp-block-spacer\"><\/div>\n\n\n\n<p><i class=\"fas fa-globe\"><\/i>&nbsp;Spanish<\/p>\n\n\n\n<hr class=\"wp-block-separator is-style-wide\" \/>\n\n\n\n<div class=\"wp-block-image\"><figure class=\"alignleft size-large is-resized\"><img decoding=\"async\" data-src=\"https:\/\/unescochair-ghe.org\/wp-content\/uploads\/2020\/10\/EP-logo.jpg\" alt=\"\" class=\"wp-image-2100 lazyload\" width=\"156\" height=\"54\" data-srcset=\"https:\/\/unescochair-ghe.org\/wp-content\/uploads\/2020\/10\/EP-logo.jpg 622w, https:\/\/unescochair-ghe.org\/wp-content\/uploads\/2020\/10\/EP-logo-300x105.jpg 300w, https:\/\/unescochair-ghe.org\/wp-content\/uploads\/2020\/10\/EP-logo-373x130.jpg 373w\" data-sizes=\"(max-width: 156px) 100vw, 156px\" src=\"data:image\/svg+xml;base64,PHN2ZyB3aWR0aD0iMSIgaGVpZ2h0PSIxIiB4bWxucz0iaHR0cDovL3d3dy53My5vcmcvMjAwMC9zdmciPjwvc3ZnPg==\" style=\"--smush-placeholder-width: 156px; --smush-placeholder-aspect-ratio: 156\/54;\" \/><\/figure><\/div>\n\n\n\n<p>The Journal <em>Health Education<\/em> is the official journal of our webinar series and aims to support the UNESCO Chair&#8217;s mission of sharing knowledge to support the global community. <\/p>\n\n\n\n<hr class=\"wp-block-separator is-style-wide\" \/>\n\n\n\n<h3 class=\"wp-block-heading\">Summary<\/h3>\n\n\n\n<p>The webinar will present a brief analysis of how globalization, through neoliberal policies, has worsened the living conditions of Latin American children, expelling them massively from their territories in search of survival strategies. Furthermore, the speakers will share with the audience the current state of migrant children in the region and the challenges that arise in the countries of origin, transit and destination to guarantee the right to health of this population.<\/p>\n\n\n\n<hr class=\"wp-block-separator is-style-wide\" \/>\n\n\n\n<h3 class=\"wp-block-heading\">Our speakers&#8217;contributions<\/h3>\n\n\n\n<p>The following three questions were addressed:<\/p>\n\n\n\n<div class=\"wp-block-columns is-layout-flex wp-container-core-columns-is-layout-9d6595d7 wp-block-columns-is-layout-flex\">\n<div class=\"wp-block-column is-layout-flow wp-block-column-is-layout-flow\" style=\"flex-basis:33.33%\">\n<figure class=\"wp-block-embed is-type-video is-provider-youtube wp-block-embed-youtube wp-embed-aspect-16-9 wp-has-aspect-ratio\"><div class=\"wp-block-embed__wrapper\">\n<iframe title=\"Globalizaci\u00f3n Neoliberal y el Derecho a la Salud de la Ni\u00f1ez Migrante en Latinoam\u00e9rica - Q1\" width=\"1233\" height=\"694\" data-src=\"https:\/\/www.youtube.com\/embed\/Csuh4acxaYQ?feature=oembed\" frameborder=\"0\" allow=\"accelerometer; autoplay; clipboard-write; encrypted-media; gyroscope; picture-in-picture; web-share\" referrerpolicy=\"strict-origin-when-cross-origin\" allowfullscreen src=\"data:image\/svg+xml;base64,PHN2ZyB3aWR0aD0iMSIgaGVpZ2h0PSIxIiB4bWxucz0iaHR0cDovL3d3dy53My5vcmcvMjAwMC9zdmciPjwvc3ZnPg==\" class=\"lazyload\" data-load-mode=\"1\"><\/iframe>\n<\/div><\/figure>\n<\/div>\n\n\n\n<div class=\"wp-block-column is-vertically-aligned-center is-layout-flow wp-block-column-is-layout-flow\" style=\"flex-basis:66.66%\">\n<p><strong>How has neoliberal globalization exacerbated migration processes in the Latin American region, particularly among women and children?<\/strong><\/p>\n<\/div>\n<\/div>\n\n\n\n<div class=\"wp-block-columns is-layout-flex wp-container-core-columns-is-layout-9d6595d7 wp-block-columns-is-layout-flex\">\n<div class=\"wp-block-column is-layout-flow wp-block-column-is-layout-flow\" style=\"flex-basis:33.33%\">\n<figure class=\"wp-block-embed is-type-video is-provider-youtube wp-block-embed-youtube wp-embed-aspect-16-9 wp-has-aspect-ratio\"><div class=\"wp-block-embed__wrapper\">\n<iframe title=\"Globalizaci\u00f3n Neoliberal y el Derecho a la Salud de la Ni\u00f1ez Migrante en Latinoam\u00e9rica - Q2\" width=\"1233\" height=\"694\" data-src=\"https:\/\/www.youtube.com\/embed\/n03p3lxOuUk?feature=oembed\" frameborder=\"0\" allow=\"accelerometer; autoplay; clipboard-write; encrypted-media; gyroscope; picture-in-picture; web-share\" referrerpolicy=\"strict-origin-when-cross-origin\" allowfullscreen src=\"data:image\/svg+xml;base64,PHN2ZyB3aWR0aD0iMSIgaGVpZ2h0PSIxIiB4bWxucz0iaHR0cDovL3d3dy53My5vcmcvMjAwMC9zdmciPjwvc3ZnPg==\" class=\"lazyload\" data-load-mode=\"1\"><\/iframe>\n<\/div><\/figure>\n<\/div>\n\n\n\n<div class=\"wp-block-column is-vertically-aligned-center is-layout-flow wp-block-column-is-layout-flow\" style=\"flex-basis:66.66%\">\n<p><strong>What is the status of migrant children in the region? <\/strong><\/p>\n\n\n\n<p><\/p>\n<\/div>\n<\/div>\n\n\n\n<div class=\"wp-block-columns is-layout-flex wp-container-core-columns-is-layout-9d6595d7 wp-block-columns-is-layout-flex\">\n<div class=\"wp-block-column is-layout-flow wp-block-column-is-layout-flow\" style=\"flex-basis:33.33%\">\n<figure class=\"wp-block-embed is-type-video is-provider-youtube wp-block-embed-youtube wp-embed-aspect-16-9 wp-has-aspect-ratio\"><div class=\"wp-block-embed__wrapper\">\n<iframe title=\"Globalizaci\u00f3n Neoliberal y el Derecho a la Salud de la Ni\u00f1ez Migrante en Latinoam\u00e9rica - Q3\" width=\"1233\" height=\"694\" data-src=\"https:\/\/www.youtube.com\/embed\/9_DQzhYRojQ?feature=oembed\" frameborder=\"0\" allow=\"accelerometer; autoplay; clipboard-write; encrypted-media; gyroscope; picture-in-picture; web-share\" referrerpolicy=\"strict-origin-when-cross-origin\" allowfullscreen src=\"data:image\/svg+xml;base64,PHN2ZyB3aWR0aD0iMSIgaGVpZ2h0PSIxIiB4bWxucz0iaHR0cDovL3d3dy53My5vcmcvMjAwMC9zdmciPjwvc3ZnPg==\" class=\"lazyload\" data-load-mode=\"1\"><\/iframe>\n<\/div><\/figure>\n<\/div>\n\n\n\n<div class=\"wp-block-column is-vertically-aligned-center is-layout-flow wp-block-column-is-layout-flow\" style=\"flex-basis:66.66%\">\n<p><strong>What challenges do migrant children in the region face in terms of the right to health? <\/strong><\/p>\n\n\n\n<p><\/p>\n<\/div>\n<\/div>\n\n\n\n<div class=\"wp-block-columns is-layout-flex wp-container-core-columns-is-layout-9d6595d7 wp-block-columns-is-layout-flex\">\n<div class=\"wp-block-column is-layout-flow wp-block-column-is-layout-flow\" style=\"flex-basis:33.33%\">\n<figure class=\"wp-block-embed is-type-video is-provider-youtube wp-block-embed-youtube wp-embed-aspect-16-9 wp-has-aspect-ratio\"><div class=\"wp-block-embed__wrapper\">\n<iframe title=\"Globalizaci\u00f3n Neoliberal y el Derecho a la Salud de la Ni\u00f1ez Migrante  en Latinoam\u00e9rica\" width=\"1233\" height=\"694\" data-src=\"https:\/\/www.youtube.com\/embed\/cxgMMXRNwiA?feature=oembed\" frameborder=\"0\" allow=\"accelerometer; autoplay; clipboard-write; encrypted-media; gyroscope; picture-in-picture; web-share\" referrerpolicy=\"strict-origin-when-cross-origin\" allowfullscreen src=\"data:image\/svg+xml;base64,PHN2ZyB3aWR0aD0iMSIgaGVpZ2h0PSIxIiB4bWxucz0iaHR0cDovL3d3dy53My5vcmcvMjAwMC9zdmciPjwvc3ZnPg==\" class=\"lazyload\" data-load-mode=\"1\"><\/iframe>\n<\/div><\/figure>\n<\/div>\n\n\n\n<div class=\"wp-block-column is-layout-flow wp-block-column-is-layout-flow\" style=\"flex-basis:66.66%\">\n<p><strong><a rel=\"noreferrer noopener\" href=\"https:\/\/unescochair-ghe.org\/wp-content\/uploads\/2020\/11\/Webinar-18-November-2020-Globalizacion-neoliberal-salud-y-nin%CC%83ez-migrante-def.pdf\" target=\"_blank\">The ppt of the webinar<\/a><\/strong> (in Spanish)<\/p>\n<\/div>\n<\/div>\n\n\n\n<p><\/p>\n\n\n\n<hr class=\"wp-block-separator is-style-wide\" \/>\n\n\n\n<h3 class=\"wp-block-heading\">Resources<\/h3>\n\n\n\n<p>Mesa Melgarejo, L. &amp; Espinel, M. (2020). Movimientos migratorios Sur Sur: condiciones socio-sanitarias de las mujeres migrantes en situaci\u00f3n de prostituci\u00f3n en el espacio fronterizo de Colombia-Venezuela. IDEP Salud FLACSO Rep\u00fablica Dominicana.&nbsp;<a href=\"http:\/\/biblioteca.clacso.edu.ar\/clacso\/gt\/20200908053817\/MovimientosMigratoriosSurSur.pdf\">http:\/\/biblioteca.clacso.edu.ar\/clacso\/gt\/20200908053817\/MovimientosMigratoriosSurSur.pdf<\/a><\/p>\n\n\n\n<p>VIH, migraciones y derechos humanos : perspectivas internacionales \/ Natalie \u00c1lamo \u2026 [et al.] ; compilado por Marinilda Rivera D\u00edaz\u2026 [et al.].- 1a ed.- Ciudad Aut\u00f3noma de Buenos Aires: CLACSO, 2019. Libro digital, PDF \u2013 (Grupo de Trabajo Salud Internacional y Soberan\u00eda Sanitaria coords. Gonzalo Basile y Marinilda Rivera D\u00edaz).&nbsp;<a href=\"http:\/\/biblioteca.clacso.edu.ar\/clacso\/gt\/20191202102019\/VIH-Migraciones-y-Derechos-Humanos.pdf\">http:\/\/biblioteca.clacso.edu.ar\/clacso\/gt\/20191202102019\/VIH-Migraciones-y-Derechos-Humanos.pdf<\/a><\/p>\n\n\n\n<p>Collantes, S. (2014). La infancia y las migraciones, un verdadero c\u00f3ctel de vulnerabilidades.&nbsp;<em>Revista Cr\u00edtica<\/em>.&nbsp;<a href=\"http:\/\/www.revista-critica.com\/la-revista\/monografico\/analisis\/589-la-infancia-y-las-migraciones-un-verdadero-coctel-de-vulnerabilidades\">http:\/\/www.revista-critica.com\/la-revista\/monografico\/analisis\/589-la-infancia-y-las-migraciones-un-verdadero-coctel-de-vulnerabilidades<\/a><\/p>\n\n\n\n<p>Pavez-Soto, I. (2016). La ni\u00f1ez en las migraciones globales: perspectivas te\u00f3ricas para analizar su participaci\u00f3n \/ Children in global migrations: theoretical perspectives to analyze their participation. Tla-Melaua. Mexico.&nbsp;<a href=\"http:\/\/www.scielo.org.mx\/pdf\/tla\/v10n41\/1870-6916-tla-10-41-00096.pdf\">http:\/\/www.scielo.org.mx\/pdf\/tla\/v10n41\/1870-6916-tla-10-41-00096.pdf<\/a><\/p>\n\n\n\n<p>Comunicado de prensa (2018). UNICEF pide garantizar los derechos de los ni\u00f1os y ni\u00f1as migrantes y refugiados en todo momento y en todo lugar. UNICEF.&nbsp;<a href=\"https:\/\/www.unicef.org\/lac\/comunicados-prensa\/unicef-pide-garantizar-los-derechos-de-los-ni%C3%B1os-y-ni%C3%B1as-migrantes-y-refugiados\">https:\/\/www.unicef.org\/lac\/comunicados-prensa\/unicef-pide-garantizar-los-derechos-de-los-ni%C3%B1os-y-ni%C3%B1as-migrantes-y-refugiados<\/a><\/p>\n\n\n\n<div class=\"wp-block-image\"><figure class=\"alignleft size-large is-resized\"><img decoding=\"async\" data-src=\"https:\/\/unescochair-ghe.org\/wp-content\/uploads\/2020\/10\/Webinar-18-November-EN-1-1024x698.png\" alt=\"\" class=\"wp-image-2127 lazyload\" width=\"512\" height=\"349\" data-srcset=\"https:\/\/unescochair-ghe.org\/wp-content\/uploads\/2020\/10\/Webinar-18-November-EN-1-1024x698.png 1024w, https:\/\/unescochair-ghe.org\/wp-content\/uploads\/2020\/10\/Webinar-18-November-EN-1-300x205.png 300w, https:\/\/unescochair-ghe.org\/wp-content\/uploads\/2020\/10\/Webinar-18-November-EN-1-768x524.png 768w, https:\/\/unescochair-ghe.org\/wp-content\/uploads\/2020\/10\/Webinar-18-November-EN-1-373x254.png 373w, https:\/\/unescochair-ghe.org\/wp-content\/uploads\/2020\/10\/Webinar-18-November-EN-1.png 1087w\" data-sizes=\"(max-width: 512px) 100vw, 512px\" src=\"data:image\/svg+xml;base64,PHN2ZyB3aWR0aD0iMSIgaGVpZ2h0PSIxIiB4bWxucz0iaHR0cDovL3d3dy53My5vcmcvMjAwMC9zdmciPjwvc3ZnPg==\" style=\"--smush-placeholder-width: 512px; --smush-placeholder-aspect-ratio: 512\/349;\" \/><\/figure><\/div>\n\n\n\n<div class=\"wp-block-image\"><figure class=\"alignright size-large is-resized\"><img decoding=\"async\" data-src=\"https:\/\/unescochair-ghe.org\/wp-content\/uploads\/2020\/10\/50-aniversario.png\" alt=\"\" class=\"wp-image-2082 lazyload\" width=\"480\" height=\"270\" data-srcset=\"https:\/\/unescochair-ghe.org\/wp-content\/uploads\/2020\/10\/50-aniversario.png 960w, https:\/\/unescochair-ghe.org\/wp-content\/uploads\/2020\/10\/50-aniversario-300x169.png 300w, https:\/\/unescochair-ghe.org\/wp-content\/uploads\/2020\/10\/50-aniversario-768x432.png 768w, https:\/\/unescochair-ghe.org\/wp-content\/uploads\/2020\/10\/50-aniversario-373x210.png 373w\" data-sizes=\"(max-width: 480px) 100vw, 480px\" src=\"data:image\/svg+xml;base64,PHN2ZyB3aWR0aD0iMSIgaGVpZ2h0PSIxIiB4bWxucz0iaHR0cDovL3d3dy53My5vcmcvMjAwMC9zdmciPjwvc3ZnPg==\" style=\"--smush-placeholder-width: 480px; --smush-placeholder-aspect-ratio: 480\/270;\" \/><\/figure><\/div>\n\n\n\n<p><\/p>\n","protected":false},"excerpt":{"rendered":"<p>Global health &amp; Education webinar series 18 November 2020 Versi\u00f3n en espa\u00f1ol Facilitator &nbsp;Dr. Hiram V. Arroyo, Puerto Rico. Professor, Director, Department of Social Sciences, Director, World Health Organization (WHO\/PAHO) &hellip;<\/p>","protected":false},"author":1,"featured_media":2759,"comment_status":"closed","ping_status":"closed","sticky":false,"template":"","format":"standard","meta":{"footnotes":"","_links_to":"","_links_to_target":""},"categories":[48],"tags":[],"class_list":["post-2091","post","type-post","status-publish","format-standard","has-post-thumbnail","hentry","category-webinar"],"_links":{"self":[{"href":"https:\/\/unescochair-ghe.org\/fa\/wp-json\/wp\/v2\/posts\/2091","targetHints":{"allow":["GET"]}}],"collection":[{"href":"https:\/\/unescochair-ghe.org\/fa\/wp-json\/wp\/v2\/posts"}],"about":[{"href":"https:\/\/unescochair-ghe.org\/fa\/wp-json\/wp\/v2\/types\/post"}],"author":[{"embeddable":true,"href":"https:\/\/unescochair-ghe.org\/fa\/wp-json\/wp\/v2\/users\/1"}],"replies":[{"embeddable":true,"href":"https:\/\/unescochair-ghe.org\/fa\/wp-json\/wp\/v2\/comments?post=2091"}],"version-history":[{"count":19,"href":"https:\/\/unescochair-ghe.org\/fa\/wp-json\/wp\/v2\/posts\/2091\/revisions"}],"predecessor-version":[{"id":3738,"href":"https:\/\/unescochair-ghe.org\/fa\/wp-json\/wp\/v2\/posts\/2091\/revisions\/3738"}],"wp:featuredmedia":[{"embeddable":true,"href":"https:\/\/unescochair-ghe.org\/fa\/wp-json\/wp\/v2\/media\/2759"}],"wp:attachment":[{"href":"https:\/\/unescochair-ghe.org\/fa\/wp-json\/wp\/v2\/media?parent=2091"}],"wp:term":[{"taxonomy":"category","embeddable":true,"href":"https:\/\/unescochair-ghe.org\/fa\/wp-json\/wp\/v2\/categories?post=2091"},{"taxonomy":"post_tag","embeddable":true,"href":"https:\/\/unescochair-ghe.org\/fa\/wp-json\/wp\/v2\/tags?post=2091"}],"curies":[{"name":"wp","href":"https:\/\/api.w.org\/{rel}","templated":true}]}}