{"id":1751,"date":"2020-07-03T12:04:42","date_gmt":"2020-07-03T12:04:42","guid":{"rendered":"https:\/\/unescochair-ghe.org\/?p=1751"},"modified":"2021-01-14T10:52:32","modified_gmt":"2021-01-14T10:52:32","slug":"webinar-the-covid-19-pandemic-better-aligning-education-and-health-on-13-july-2020","status":"publish","type":"post","link":"https:\/\/unescochair-ghe.org\/fa\/webinar-the-covid-19-pandemic-better-aligning-education-and-health-on-13-july-2020\/","title":{"rendered":"Webinar: The COVID-19 pandemic: better aligning education and health"},"content":{"rendered":"<p>Join our interactive webinar \u201cThe COVID-19 pandemic: better aligning education and health\u201d on Monday, 13 July 2020 from 14:00 to 15.00 (CEST). This webinar will be an opportunity to discuss the case for greater alignment between education and health in the perspective of the COVID-19 pandemic with Nicola Gray (UNESCO Chair GHE and IAAH), Sean Slade (ASCD) and Antonia Wulff (EI).<\/p>\n<p>In this webinar, we will present the results of a global survey on the reopening of schools, as well as the new EI Guidance on Reopening Schools and Education Institutions. The following three questions will be answered:<\/p>\n<ul>\n<li>What have we learned from the field about the successes and challenges of re-opening schools?<\/li>\n<li>How is Covid-19 affecting or changing education?<\/li>\n<li>What is the perspective of the teacher\u2019s profession on the pandemic?<\/li>\n<\/ul>\n<p>The webinar will be held in English with simultaneous translation in French (fran\u00e7ais) and Spanish (espa\u00f1ol).<\/p>\n<p><a href=\"https:\/\/bit.ly\/aligning_education_health.\">More information<\/a>.<\/p>\n<h3><strong>Seminario web \u201c La pandemia de COVID-19: alinear educaci\u00f3n y salud \u201d<\/strong><strong> el 13 de julio de 2020<\/strong><\/h3>\n<p>\u00danase a nuestro seminario interactivo &#8220;La pandemia de COVID-19: alinear educaci\u00f3n y salud&#8221; el lunes 13 de julio de 2020 de 14:00 a 15.00 (CEST). Este seminario web ser\u00e1 una oportunidad para discutir el caso de una mayor alineaci\u00f3n entre educaci\u00f3n y salud en la perspectiva de la pandemia de COVID-19 con Nicola Gray (C\u00e1tedra UNESCO GHE y IAAH), Sean Slade (ASCD) y Antonia Wulff (EI).<\/p>\n<p>En este seminario web, presentaremos los resultados de una encuesta mundial sobre la reapertura de las escuelas, as\u00ed como una nueva herramienta de apoyo para la orientaci\u00f3n global de las escuelas. Se responder\u00e1 a las tres preguntas siguientes:<\/p>\n<ul>\n<li>\u00bfQu\u00e9 hemos aprendido sobre el terreno acerca de los \u00e9xitos y desaf\u00edos de la reapertura de las escuelas?<\/li>\n<li>\u00bf C\u00f3mo la Covid-19 est\u00e1 afectando o cambiando la educaci\u00f3n ?<\/li>\n<li>\u00bfCu\u00e1l es la perspectiva de la profesi\u00f3n de profesor\/a sobre la pandemia?<\/li>\n<\/ul>\n<p>Este webinario se desarrollar\u00e1 en ingl\u00e9s, con traducci\u00f3n simult\u00e1nea al franc\u00e9s y al espa\u00f1ol.<\/p>\n<p><a href=\"https:\/\/bit.ly\/aligning_education_health.\">M\u00e1s informaci\u00f3n<\/a><\/p>\n<p><a href=\"https:\/\/unescochair-ghe.org\/wp-content\/uploads\/2020\/07\/Image-webinar-13-July-1.png\"><img decoding=\"async\" class=\"aligncenter wp-image-1746 size-large lazyload\" data-src=\"https:\/\/unescochair-ghe.org\/wp-content\/uploads\/2020\/07\/Image-webinar-13-July-1-1024x692.png\" alt=\"\" width=\"961\" height=\"649\" data-srcset=\"https:\/\/unescochair-ghe.org\/wp-content\/uploads\/2020\/07\/Image-webinar-13-July-1-1024x692.png 1024w, https:\/\/unescochair-ghe.org\/wp-content\/uploads\/2020\/07\/Image-webinar-13-July-1-300x203.png 300w, https:\/\/unescochair-ghe.org\/wp-content\/uploads\/2020\/07\/Image-webinar-13-July-1-768x519.png 768w, https:\/\/unescochair-ghe.org\/wp-content\/uploads\/2020\/07\/Image-webinar-13-July-1-373x252.png 373w, https:\/\/unescochair-ghe.org\/wp-content\/uploads\/2020\/07\/Image-webinar-13-July-1.png 1091w\" data-sizes=\"(max-width: 961px) 100vw, 961px\" src=\"data:image\/svg+xml;base64,PHN2ZyB3aWR0aD0iMSIgaGVpZ2h0PSIxIiB4bWxucz0iaHR0cDovL3d3dy53My5vcmcvMjAwMC9zdmciPjwvc3ZnPg==\" style=\"--smush-placeholder-width: 961px; --smush-placeholder-aspect-ratio: 961\/649;\" \/><\/a><\/p>","protected":false},"excerpt":{"rendered":"<p>Join our interactive webinar \u201cThe COVID-19 pandemic: better aligning education and health\u201d on Monday, 13 July 2020 from 14:00 to 15.00 (CEST). This webinar will be an opportunity to discuss &hellip;<\/p>","protected":false},"author":1,"featured_media":1746,"comment_status":"closed","ping_status":"closed","sticky":false,"template":"","format":"standard","meta":{"footnotes":"","_links_to":"","_links_to_target":""},"categories":[1],"tags":[16,9,31,27],"class_list":["post-1751","post","type-post","status-publish","format-standard","has-post-thumbnail","hentry","category-news","tag-covid-19","tag-education","tag-health","tag-webinar"],"_links":{"self":[{"href":"https:\/\/unescochair-ghe.org\/fa\/wp-json\/wp\/v2\/posts\/1751","targetHints":{"allow":["GET"]}}],"collection":[{"href":"https:\/\/unescochair-ghe.org\/fa\/wp-json\/wp\/v2\/posts"}],"about":[{"href":"https:\/\/unescochair-ghe.org\/fa\/wp-json\/wp\/v2\/types\/post"}],"author":[{"embeddable":true,"href":"https:\/\/unescochair-ghe.org\/fa\/wp-json\/wp\/v2\/users\/1"}],"replies":[{"embeddable":true,"href":"https:\/\/unescochair-ghe.org\/fa\/wp-json\/wp\/v2\/comments?post=1751"}],"version-history":[{"count":7,"href":"https:\/\/unescochair-ghe.org\/fa\/wp-json\/wp\/v2\/posts\/1751\/revisions"}],"predecessor-version":[{"id":2895,"href":"https:\/\/unescochair-ghe.org\/fa\/wp-json\/wp\/v2\/posts\/1751\/revisions\/2895"}],"wp:featuredmedia":[{"embeddable":true,"href":"https:\/\/unescochair-ghe.org\/fa\/wp-json\/wp\/v2\/media\/1746"}],"wp:attachment":[{"href":"https:\/\/unescochair-ghe.org\/fa\/wp-json\/wp\/v2\/media?parent=1751"}],"wp:term":[{"taxonomy":"category","embeddable":true,"href":"https:\/\/unescochair-ghe.org\/fa\/wp-json\/wp\/v2\/categories?post=1751"},{"taxonomy":"post_tag","embeddable":true,"href":"https:\/\/unescochair-ghe.org\/fa\/wp-json\/wp\/v2\/tags?post=1751"}],"curies":[{"name":"wp","href":"https:\/\/api.w.org\/{rel}","templated":true}]}}