{"id":1721,"date":"2020-07-02T15:31:29","date_gmt":"2020-07-02T15:31:29","guid":{"rendered":"https:\/\/unescochair-ghe.org\/?page_id=1721"},"modified":"2021-01-14T10:59:38","modified_gmt":"2021-01-14T10:59:38","slug":"the-covid-19-pandemic-better-aligning-education-and-health","status":"publish","type":"post","link":"https:\/\/unescochair-ghe.org\/fa\/the-covid-19-pandemic-better-aligning-education-and-health\/","title":{"rendered":"The COVID-19 pandemic: better aligning education and health"},"content":{"rendered":"<h3 class=\"wp-block-heading\">\u0633\u0631\u06cc \u0648\u0628\u06cc\u0646\u0627\u0631 \u0647\u0627\u06cc \u06a9\u0631\u0633\u06cc \u062c\u0647\u0627\u0646\u06cc \u0633\u0644\u0627\u0645\u062a \u0648 \u0622\u0645\u0648\u0632\u0634<\/h3>\n\n\n\n<h3 class=\"wp-block-heading\">13 July 2020<\/h3>\n\n\n\n<div class=\"wp-block-image is-style-rounded\"><figure class=\"alignleft\"><a href=\"https:\/\/unescochair-ghe.org\/wp-content\/uploads\/2020\/07\/NicolaFinal1-6798-resize.jpg\"><img decoding=\"async\" width=\"150\" height=\"150\" data-src=\"https:\/\/unescochair-ghe.org\/wp-content\/uploads\/2020\/07\/NicolaFinal1-6798-resize-150x150.jpg\" alt=\"\" class=\"wp-image-1728 lazyload\" src=\"data:image\/svg+xml;base64,PHN2ZyB3aWR0aD0iMSIgaGVpZ2h0PSIxIiB4bWxucz0iaHR0cDovL3d3dy53My5vcmcvMjAwMC9zdmciPjwvc3ZnPg==\" style=\"--smush-placeholder-width: 150px; --smush-placeholder-aspect-ratio: 150\/150;\" \/><\/a><\/figure><\/div>\n\n\n\n<p><i class=\"fas fa-microphone\"><\/i> <strong>Nicola Gray<\/strong>, on behalf of UNESCO Chair Global Health &amp; Education and International Association for Adolescent Health (IAAH)<\/p>\n\n\n\n<div style=\"height:20px\" aria-hidden=\"true\" class=\"wp-block-spacer\"><\/div>\n\n\n\n<div class=\"wp-block-image is-style-rounded\"><figure class=\"alignleft size-thumbnail\"><img decoding=\"async\" width=\"150\" height=\"150\" data-src=\"https:\/\/unescochair-ghe.org\/wp-content\/uploads\/2020\/07\/Sean-Slade-1200-1-150x150.jpg\" alt=\"\" class=\"wp-image-1731 lazyload\" data-srcset=\"https:\/\/unescochair-ghe.org\/wp-content\/uploads\/2020\/07\/Sean-Slade-1200-1-150x150.jpg 150w, https:\/\/unescochair-ghe.org\/wp-content\/uploads\/2020\/07\/Sean-Slade-1200-1-300x300.jpg 300w, https:\/\/unescochair-ghe.org\/wp-content\/uploads\/2020\/07\/Sean-Slade-1200-1-1024x1024.jpg 1024w, https:\/\/unescochair-ghe.org\/wp-content\/uploads\/2020\/07\/Sean-Slade-1200-1-768x768.jpg 768w, https:\/\/unescochair-ghe.org\/wp-content\/uploads\/2020\/07\/Sean-Slade-1200-1-373x373.jpg 373w, https:\/\/unescochair-ghe.org\/wp-content\/uploads\/2020\/07\/Sean-Slade-1200-1.jpg 1200w\" data-sizes=\"(max-width: 150px) 100vw, 150px\" src=\"data:image\/svg+xml;base64,PHN2ZyB3aWR0aD0iMSIgaGVpZ2h0PSIxIiB4bWxucz0iaHR0cDovL3d3dy53My5vcmcvMjAwMC9zdmciPjwvc3ZnPg==\" style=\"--smush-placeholder-width: 150px; --smush-placeholder-aspect-ratio: 150\/150;\" \/><\/figure><\/div>\n\n\n\n<p><i class=\"fas fa-microphone\"><\/i> <strong>Sean Slade<\/strong>, Senior Director of Global Outreach ASCD<\/p>\n\n\n\n<div style=\"height:20px\" aria-hidden=\"true\" class=\"wp-block-spacer\"><\/div>\n\n\n\n<div class=\"wp-block-image is-style-rounded\"><figure class=\"alignleft size-thumbnail\"><img decoding=\"async\" width=\"150\" height=\"150\" data-src=\"https:\/\/unescochair-ghe.org\/wp-content\/uploads\/2020\/07\/Antonia-150x150.jpg\" alt=\"\" class=\"wp-image-1745 lazyload\" src=\"data:image\/svg+xml;base64,PHN2ZyB3aWR0aD0iMSIgaGVpZ2h0PSIxIiB4bWxucz0iaHR0cDovL3d3dy53My5vcmcvMjAwMC9zdmciPjwvc3ZnPg==\" style=\"--smush-placeholder-width: 150px; --smush-placeholder-aspect-ratio: 150\/150;\" \/><\/figure><\/div>\n\n\n\n<p><i class=\"fas fa-microphone\"><\/i> <strong>Antonia Wulff<\/strong>, COVID 19 Policy Co-ordinator Education International (EI)<\/p>\n\n\n\n<div style=\"height:20px\" aria-hidden=\"true\" class=\"wp-block-spacer\"><\/div>\n\n\n\n<div class=\"wp-block-group\"><div class=\"wp-block-group__inner-container is-layout-flow wp-block-group-is-layout-flow\">\n<p><i class=\"fas fa-globe\"><\/i> English, simultaneous translation in French (francais) and Spanish (espa\u00f1ol).<\/p>\n<\/div><\/div>\n\n\n\n<hr class=\"wp-block-separator is-style-wide\" \/>\n\n\n\n<div class=\"wp-block-image\"><figure class=\"alignleft size-large is-resized\"><img decoding=\"async\" data-src=\"https:\/\/unescochair-ghe.org\/wp-content\/uploads\/2020\/07\/EP-logo.jpg\" alt=\"\" class=\"wp-image-1883 lazyload\" width=\"156\" height=\"54\" data-srcset=\"https:\/\/unescochair-ghe.org\/wp-content\/uploads\/2020\/07\/EP-logo.jpg 622w, https:\/\/unescochair-ghe.org\/wp-content\/uploads\/2020\/07\/EP-logo-300x105.jpg 300w, https:\/\/unescochair-ghe.org\/wp-content\/uploads\/2020\/07\/EP-logo-373x130.jpg 373w\" data-sizes=\"(max-width: 156px) 100vw, 156px\" src=\"data:image\/svg+xml;base64,PHN2ZyB3aWR0aD0iMSIgaGVpZ2h0PSIxIiB4bWxucz0iaHR0cDovL3d3dy53My5vcmcvMjAwMC9zdmciPjwvc3ZnPg==\" style=\"--smush-placeholder-width: 156px; --smush-placeholder-aspect-ratio: 156\/54;\" \/><\/figure><\/div>\n\n\n\n<p>The journal&nbsp;<a href=\"https:\/\/www.emeraldgrouppublishing.com\/journal\/he\"><em>Health Education<\/em><\/a>&nbsp;is the official journal of our webinar series and aims to support UNESCO\u2019s mission of sharing knowledge to support the global community.<\/p>\n\n\n\n<hr class=\"wp-block-separator is-style-wide\" \/>\n\n\n\n<h3 class=\"wp-block-heading\">Introduction<\/h3>\n\n\n\n<p>Ninety percent of the world\u2019s student population, i.e. 1.57 billion children and young people in 190 countries, were deprived of school. It is the dizzying impact of the closure due to the Covid-19 crisis. It was an unprepared decision, schools closed in haste. School teams were expected to create a virtual learning environment for their students while they waited to see when and how their schools might re-open.<\/p>\n\n\n\n<p>The closure and re-opening of schools during the COVID-19 pandemic has thrown a sharp focus on inequalities, the resourcing of the education sector and the impact of this crisis on the physical and mental health of students and staff. It has also led to rapid innovation and development in remote teaching and learning methods.<\/p>\n\n\n\n<p>Re-opening schools after a closure is a major challenge. Stefania Giannini, the UNESCO ADG, said mid-May 2020 \u00ab&nbsp;<em>When and how to reopen schools is one of the toughest and most sensitive decisions on political agendas today. Is it safe to reopen schools or is there a risk of reigniting infections? What are the consequences to children\u2019s mental health and to the social development of young children? Are students engaged in remote learning actually learning? And when the time comes, how will schools ensure students return and help learners who have fallen behind during school closures?<\/em>&nbsp;\u00bb (Giannini et al., 2020).<\/p>\n\n\n\n<p>United Nations organizations (UNESCO, UNICEF, WFP and World Bank) published guidelines on the safe reopening of schools (UNESCO, 2020b), many countries issued national guidelines. Because the pandemic evolves in an unpredictable manner and also because schools re-opening was part of a wider process of restart of the whole society, the instructions given to schools have varied over time, there&#8217;s been a lot of back and forth. These guidelines ranged from very detailed instructions that were difficult to implement (ref) to open documents that left most of the responsibility on the shoulders of local school officials (CDC, 2020).<\/p>\n\n\n\n<p>But taking a political decision is one thing, reopening schools in the field, overcoming one&#8217;s own fears, welcoming children, dialoguing with parents, reassuring the community, settling all logistical and organizational issues is another. What do people in the field think and do, how to support them concretely are the key questions!<\/p>\n\n\n\n<p>The community of the UNESCO chair and WHO collaborating centre \u201cGlobal Health &amp; Education\u201d is made of people involved in the fields of education, social work and health and interested in health in schools. In May 2020, voices were raised within the community to highlight the difficulties encountered by students, families and professionals in the field. Rumours, fears, questions, technical challenges, at the local level, schools and communities appeared to be in trouble. It seemed that depending on the context, school staffs &amp; local health authorities they cope with situation in different ways and have different understandings of the situation and guidelines. The implementation mechanism of the measures did not seem to be linear.<\/p>\n\n\n\n<p>Disputes between national governments and education stakeholders highlight fundamental debates about the balance of risks to personal safety and the need to close widening educational gaps. Closer co-operation between health and education policymakers and practitioners, supported by evidence from multi-disciplinary research teams, can improve the conditions of closure and re-opening of schools. That\u2019s why, together with ASCD and EI we organized the webinar in order to share what we know about the re-opening process, what we know about the challenges, obstacles, enablers, successes at the school level.<\/p>\n\n\n\n<p>In this webinar, we will present the results of a global survey on the reopening of schools, as well as a new support tool for global guidance of schools called \u201cFORWARD TO SCHOOL, Guidance, Considerations and Resources for and from Education Unions to Inform Decision-Making in Times of Covid-19\u201d.<\/p>\n\n\n\n<p>The following three questions will be answered:<\/p>\n\n\n\n<ul class=\"wp-block-list\"><li>What have we learned from the field about the successes and challenges of re-opening schools?<\/li><li>How is Covid-19 affecting or changing education?<\/li><li>What is the perspective of the teacher\u2019s profession on the pandemic?<\/li><\/ul>\n\n\n\n<p>It is an interactive webinar; your point of view is precious because:<\/p>\n\n\n\n<blockquote class=\"wp-block-quote is-layout-flow wp-block-quote-is-layout-flow\"><p>Women and men are the only form of wealth &#8211; Sixteenth-century writer Jean Bodin<\/p><\/blockquote>\n\n\n\n<p><strong>Introduction by Prof. Didier Jourdan, Chair holder UNESCO Chair and WHO Collaborating Centre in Global Health &amp; Education<\/strong><\/p>\n\n\n\n<hr class=\"wp-block-separator is-style-wide\" \/>\n\n\n\n<h3 class=\"wp-block-heading\">\u0633\u062e\u0646\u0631\u0627\u0646\u06cc \u0647\u0627<\/h3>\n\n\n\n<p>In this webinar, the results of a global survey on the reopening of schools, as well as the EI Guidance on Reopening Schools and Educational Institutions were presented. The following three questions were answered:<\/p>\n\n\n\n<p><strong>What have we learned from the field about the successes and challenges of re-opening schools?<\/strong><\/p>\n\n\n\n<p><em>La r\u00e9ouverture des \u00e9coles du point de vue du terrain : quel cadre, quels d\u00e9fis, quelles difficult\u00e9s, quelles solutions ?<\/em><\/p>\n\n\n\n<p><em>\u00bfQu\u00e9 hemos aprendido sobre el terreno acerca de los \u00e9xitos y desaf\u00edos de la reapertura de las escuelas?<\/em><\/p>\n\n\n\n<figure class=\"wp-block-embed alignleft is-type-video is-provider-youtube wp-block-embed-youtube wp-embed-aspect-16-9 wp-has-aspect-ratio\"><div class=\"wp-block-embed__wrapper\">\n<iframe title=\"The COVID-19 pandemic: better aligning education and health. Part 1: Nicola Gray.\" width=\"1233\" height=\"694\" data-src=\"https:\/\/www.youtube.com\/embed\/Y8GlqHx_2F8?feature=oembed\" frameborder=\"0\" allow=\"accelerometer; autoplay; clipboard-write; encrypted-media; gyroscope; picture-in-picture; web-share\" referrerpolicy=\"strict-origin-when-cross-origin\" allowfullscreen src=\"data:image\/svg+xml;base64,PHN2ZyB3aWR0aD0iMSIgaGVpZ2h0PSIxIiB4bWxucz0iaHR0cDovL3d3dy53My5vcmcvMjAwMC9zdmciPjwvc3ZnPg==\" class=\"lazyload\" data-load-mode=\"1\"><\/iframe>\n<\/div><\/figure>\n\n\n\n<p><a href=\"https:\/\/unescochair-ghe.org\/wp-content\/uploads\/2020\/07\/Nicola-Gray-13-July-2020.pdf\" target=\"_blank\" rel=\"noreferrer noopener\"><strong>The ppt from Nicola Gray<\/strong><\/a><\/p>\n\n\n\n<div style=\"height:20px\" aria-hidden=\"true\" class=\"wp-block-spacer\"><\/div>\n\n\n\n<p><strong>How is Covid-19 affecting or changing education?<\/strong><\/p>\n\n\n\n<p><em>En quoi l\u2019\u00e9ducation a-t-elle \u00e9t\u00e9 impact\u00e9e, modifi\u00e9e et transform\u00e9e par la pand\u00e9mie de Covid-19 ?<\/em><\/p>\n\n\n\n<p><em>\u00bf C\u00f3mo la Covid-19 est\u00e1 afectando o cambiando la educaci\u00f3n ?<\/em><\/p>\n\n\n\n<figure class=\"wp-block-embed alignleft is-type-video is-provider-youtube wp-block-embed-youtube wp-embed-aspect-16-9 wp-has-aspect-ratio\"><div class=\"wp-block-embed__wrapper\">\n<iframe title=\"The COVID-19 pandemic: better aligning education and health. Part 2 : Sean Slade\" width=\"1233\" height=\"694\" data-src=\"https:\/\/www.youtube.com\/embed\/3SJ11K2_WFw?feature=oembed\" frameborder=\"0\" allow=\"accelerometer; autoplay; clipboard-write; encrypted-media; gyroscope; picture-in-picture; web-share\" referrerpolicy=\"strict-origin-when-cross-origin\" allowfullscreen src=\"data:image\/svg+xml;base64,PHN2ZyB3aWR0aD0iMSIgaGVpZ2h0PSIxIiB4bWxucz0iaHR0cDovL3d3dy53My5vcmcvMjAwMC9zdmciPjwvc3ZnPg==\" class=\"lazyload\" data-load-mode=\"1\"><\/iframe>\n<\/div><\/figure>\n\n\n\n<p><a href=\"https:\/\/unescochair-ghe.org\/wp-content\/uploads\/2020\/07\/Sean-Slade-13-July-2020.pdf\" target=\"_blank\" rel=\"noreferrer noopener\"><strong>The ppt from Sean Slade<\/strong><\/a><\/p>\n\n\n\n<div style=\"height:20px\" aria-hidden=\"true\" class=\"wp-block-spacer\"><\/div>\n\n\n\n<p><strong>What is the perspective of the teacher\u2019s profession on the pandemic?<\/strong><\/p>\n\n\n\n<p><em>Quel est le point de vue de la communaut\u00e9 des enseignants sur la pand\u00e9mie?<\/em><\/p>\n\n\n\n<p><em>\u00bfCu\u00e1l es la perspectiva de la profesi\u00f3n de profesor\/a sobre la pandemia?<\/em><\/p>\n\n\n\n<figure class=\"wp-block-embed alignleft is-type-video is-provider-youtube wp-block-embed-youtube wp-embed-aspect-16-9 wp-has-aspect-ratio\"><div class=\"wp-block-embed__wrapper\">\n<iframe title=\"The COVID-19 pandemic: better aligning education and health. Part 3: Antonia Wulff\" width=\"1233\" height=\"694\" data-src=\"https:\/\/www.youtube.com\/embed\/UWBVy-IPtC8?feature=oembed\" frameborder=\"0\" allow=\"accelerometer; autoplay; clipboard-write; encrypted-media; gyroscope; picture-in-picture; web-share\" referrerpolicy=\"strict-origin-when-cross-origin\" allowfullscreen src=\"data:image\/svg+xml;base64,PHN2ZyB3aWR0aD0iMSIgaGVpZ2h0PSIxIiB4bWxucz0iaHR0cDovL3d3dy53My5vcmcvMjAwMC9zdmciPjwvc3ZnPg==\" class=\"lazyload\" data-load-mode=\"1\"><\/iframe>\n<\/div><\/figure>\n\n\n\n<p><strong><a href=\"https:\/\/unescochair-ghe.org\/wp-content\/uploads\/2020\/07\/Antonia-Wulff-13-July-2020.pdf\" target=\"_blank\" rel=\"noreferrer noopener\">The ppt from Antonia Wulff<\/a><\/strong><\/p>\n\n\n\n<div style=\"height:20px\" aria-hidden=\"true\" class=\"wp-block-spacer\"><\/div>\n\n\n\n<p>Full video of the webinar<\/p>\n\n\n\n<figure class=\"wp-block-embed alignleft is-type-video is-provider-youtube wp-block-embed-youtube wp-embed-aspect-16-9 wp-has-aspect-ratio\"><div class=\"wp-block-embed__wrapper\">\n<iframe title=\"The COVID-19 pandemic: better aligning education and health. Integral webinar.\" width=\"1233\" height=\"694\" data-src=\"https:\/\/www.youtube.com\/embed\/sS1rhu1wANk?feature=oembed\" frameborder=\"0\" allow=\"accelerometer; autoplay; clipboard-write; encrypted-media; gyroscope; picture-in-picture; web-share\" referrerpolicy=\"strict-origin-when-cross-origin\" allowfullscreen src=\"data:image\/svg+xml;base64,PHN2ZyB3aWR0aD0iMSIgaGVpZ2h0PSIxIiB4bWxucz0iaHR0cDovL3d3dy53My5vcmcvMjAwMC9zdmciPjwvc3ZnPg==\" class=\"lazyload\" data-load-mode=\"1\"><\/iframe>\n<\/div><\/figure>\n\n\n\n<p><strong><a href=\"https:\/\/unescochair-ghe.org\/wp-content\/uploads\/2020\/07\/Full-ppt-webinar-13-July-2020.pdf\" target=\"_blank\" rel=\"noreferrer noopener\">Full ppt of the webinar<\/a><\/strong><\/p>\n\n\n\n<div style=\"height:20px\" aria-hidden=\"true\" class=\"wp-block-spacer\"><\/div>\n\n\n\n<hr class=\"wp-block-separator is-style-wide\" \/>\n\n\n\n<h3 class=\"wp-block-heading\">Participants&#8217; contributions<\/h3>\n\n\n\n<h4 class=\"wp-block-heading\">The questions<\/h4>\n\n\n\n<p><strong>How do you rate the co-operation between health and education on the re-opening of schools?<\/strong><\/p>\n\n\n\n<figure class=\"wp-block-image size-large\"><img decoding=\"async\" width=\"1024\" height=\"211\" data-src=\"https:\/\/unescochair-ghe.org\/wp-content\/uploads\/2020\/07\/Wooclap-question-1-1-1024x211.png\" alt=\"\" class=\"wp-image-1815 lazyload\" data-srcset=\"https:\/\/unescochair-ghe.org\/wp-content\/uploads\/2020\/07\/Wooclap-question-1-1-1024x211.png 1024w, https:\/\/unescochair-ghe.org\/wp-content\/uploads\/2020\/07\/Wooclap-question-1-1-300x62.png 300w, https:\/\/unescochair-ghe.org\/wp-content\/uploads\/2020\/07\/Wooclap-question-1-1-768x158.png 768w, https:\/\/unescochair-ghe.org\/wp-content\/uploads\/2020\/07\/Wooclap-question-1-1-1536x316.png 1536w, https:\/\/unescochair-ghe.org\/wp-content\/uploads\/2020\/07\/Wooclap-question-1-1-373x77.png 373w, https:\/\/unescochair-ghe.org\/wp-content\/uploads\/2020\/07\/Wooclap-question-1-1.png 1763w\" data-sizes=\"(max-width: 1024px) 100vw, 1024px\" src=\"data:image\/svg+xml;base64,PHN2ZyB3aWR0aD0iMSIgaGVpZ2h0PSIxIiB4bWxucz0iaHR0cDovL3d3dy53My5vcmcvMjAwMC9zdmciPjwvc3ZnPg==\" style=\"--smush-placeholder-width: 1024px; --smush-placeholder-aspect-ratio: 1024\/211;\" \/><\/figure>\n\n\n\n<p>The participants of the webinar rate the cooperation between health and education on the reopening of schools 5.9 on a scale from 0-10: the alignment between health and education can certainly be improved.<\/p>\n\n\n\n<p><strong>In 2 keywords: what are the best levers to improve cooperation between education and health?<\/strong><\/p>\n\n\n\n<figure class=\"wp-block-image size-large\"><img decoding=\"async\" width=\"1024\" height=\"466\" data-src=\"https:\/\/unescochair-ghe.org\/wp-content\/uploads\/2020\/07\/Wooclap-question-2-word-cloud-2-1024x466.png\" alt=\"\" class=\"wp-image-1814 lazyload\" data-srcset=\"https:\/\/unescochair-ghe.org\/wp-content\/uploads\/2020\/07\/Wooclap-question-2-word-cloud-2-1024x466.png 1024w, https:\/\/unescochair-ghe.org\/wp-content\/uploads\/2020\/07\/Wooclap-question-2-word-cloud-2-300x136.png 300w, https:\/\/unescochair-ghe.org\/wp-content\/uploads\/2020\/07\/Wooclap-question-2-word-cloud-2-768x349.png 768w, https:\/\/unescochair-ghe.org\/wp-content\/uploads\/2020\/07\/Wooclap-question-2-word-cloud-2-1536x699.png 1536w, https:\/\/unescochair-ghe.org\/wp-content\/uploads\/2020\/07\/Wooclap-question-2-word-cloud-2-373x170.png 373w, https:\/\/unescochair-ghe.org\/wp-content\/uploads\/2020\/07\/Wooclap-question-2-word-cloud-2.png 1721w\" data-sizes=\"(max-width: 1024px) 100vw, 1024px\" src=\"data:image\/svg+xml;base64,PHN2ZyB3aWR0aD0iMSIgaGVpZ2h0PSIxIiB4bWxucz0iaHR0cDovL3d3dy53My5vcmcvMjAwMC9zdmciPjwvc3ZnPg==\" style=\"--smush-placeholder-width: 1024px; --smush-placeholder-aspect-ratio: 1024\/466;\" \/><\/figure>\n\n\n\n<p>Some of the keywords that stand out as levers to improve cooperation between health and education are dialogue, accountability, trust and local action.<\/p>\n\n\n\n<p><strong>How much attention did each of the 5 pillars in the Guidance on Reopening Schools and Education Institutions receive?<\/strong><\/p>\n\n\n\n<figure class=\"wp-block-image size-large\"><img decoding=\"async\" width=\"1024\" height=\"494\" data-src=\"https:\/\/unescochair-ghe.org\/wp-content\/uploads\/2020\/07\/Wooclap-question-3-2-1024x494.png\" alt=\"\" class=\"wp-image-1813 lazyload\" data-srcset=\"https:\/\/unescochair-ghe.org\/wp-content\/uploads\/2020\/07\/Wooclap-question-3-2-1024x494.png 1024w, https:\/\/unescochair-ghe.org\/wp-content\/uploads\/2020\/07\/Wooclap-question-3-2-300x145.png 300w, https:\/\/unescochair-ghe.org\/wp-content\/uploads\/2020\/07\/Wooclap-question-3-2-768x370.png 768w, https:\/\/unescochair-ghe.org\/wp-content\/uploads\/2020\/07\/Wooclap-question-3-2-1536x741.png 1536w, https:\/\/unescochair-ghe.org\/wp-content\/uploads\/2020\/07\/Wooclap-question-3-2-373x180.png 373w, https:\/\/unescochair-ghe.org\/wp-content\/uploads\/2020\/07\/Wooclap-question-3-2.png 1765w\" data-sizes=\"(max-width: 1024px) 100vw, 1024px\" src=\"data:image\/svg+xml;base64,PHN2ZyB3aWR0aD0iMSIgaGVpZ2h0PSIxIiB4bWxucz0iaHR0cDovL3d3dy53My5vcmcvMjAwMC9zdmciPjwvc3ZnPg==\" style=\"--smush-placeholder-width: 1024px; --smush-placeholder-aspect-ratio: 1024\/494;\" \/><\/figure>\n\n\n\n<p>As you can see each of the 5 pillars of Ei\/IE on guiding the reopening of schools received average attention. There is room for improvement here for the next period.<\/p>\n\n\n\n<h4 class=\"wp-block-heading\">The participants&#8217; comments<\/h4>\n\n\n\n<figure class=\"wp-block-image size-large\"><img decoding=\"async\" width=\"1024\" height=\"694\" data-src=\"https:\/\/unescochair-ghe.org\/wp-content\/uploads\/2020\/07\/QA-for-website-1024x694.png\" alt=\"\" class=\"wp-image-1810 lazyload\" data-srcset=\"https:\/\/unescochair-ghe.org\/wp-content\/uploads\/2020\/07\/QA-for-website-1024x694.png 1024w, https:\/\/unescochair-ghe.org\/wp-content\/uploads\/2020\/07\/QA-for-website-300x203.png 300w, https:\/\/unescochair-ghe.org\/wp-content\/uploads\/2020\/07\/QA-for-website-768x520.png 768w, https:\/\/unescochair-ghe.org\/wp-content\/uploads\/2020\/07\/QA-for-website-373x253.png 373w, https:\/\/unescochair-ghe.org\/wp-content\/uploads\/2020\/07\/QA-for-website.png 1117w\" data-sizes=\"(max-width: 1024px) 100vw, 1024px\" src=\"data:image\/svg+xml;base64,PHN2ZyB3aWR0aD0iMSIgaGVpZ2h0PSIxIiB4bWxucz0iaHR0cDovL3d3dy53My5vcmcvMjAwMC9zdmciPjwvc3ZnPg==\" style=\"--smush-placeholder-width: 1024px; --smush-placeholder-aspect-ratio: 1024\/694;\" \/><\/figure>\n\n\n\n<h4 class=\"wp-block-heading\">Let&#8217;s continue the discussion!<\/h4>\n\n\n\n<p>Send us your comments, suggestions and share your resources at webinar@unescochair-ghe.org. We will be happy to publish them on this webpage to continue the discussion together.<\/p>\n\n\n\n<hr class=\"wp-block-separator is-style-wide\" \/>\n\n\n\n<h3 class=\"wp-block-heading\">\u0645\u0646\u0627\u0628\u0639<\/h3>\n\n\n\n<h4 class=\"wp-block-heading\">\u0645\u0642\u0627\u0644\u0627\u062a<\/h4>\n\n\n\n<p>Jourdan, D., Gray, N., Slade, S. &amp; Marmot, M. (2020). Reopening schools: What knowledge can we rely upon? <em>UNESCO Chair Global Health &amp; Education<\/em>. English version: <a href=\"https:\/\/inservice.ascd.org\/reopening-schools-what-knowledge-can-we-rely-upon\/\">https:\/\/inservice.ascd.org\/reopening-schools-what-knowledge-can-we-rely-upon\/<\/a> French version: <a href=\"https:\/\/chaireunesco-es.org\/2020\/04\/22\/reouverture-des-ecoles-sur-quels-savoirs-sappuyer\/\">https:\/\/chaireunesco-es.org\/2020\/04\/22\/reouverture-des-ecoles-sur-quels-savoirs-sappuyer\/<\/a> Dutch version: <a href=\"https:\/\/unescochair-ghe.org\/wp-content\/uploads\/2020\/05\/De-heropening-van-scholen-op-basis-van-welke-kennis-1.pdf\">https:\/\/unescochair-ghe.org\/wp-content\/uploads\/2020\/05\/De-heropening-van-scholen-op-basis-van-welke-kennis-1.pdf<\/a><\/p>\n\n\n\n<p>Merrill, S. &amp; Gonser, S. (2020). Teachers Around the World Tell Us Reopening Is Tough, but Joyful. <em>Edutopia<\/em>. <a href=\"https:\/\/www.edutopia.org\/article\/teachers-around-world-tell-us-reopening-tough-joyful\">https:\/\/www.edutopia.org\/article\/teachers-around-world-tell-us-reopening-tough-joyful<\/a><\/p>\n\n\n\n<p>Slade, S. (2020). How Covid-19 will force education into the future. <em>ASCD<\/em>. <a href=\"https:\/\/inservice.ascd.org\/how-covid-19-will-force-education-into-the-future\/\">https:\/\/inservice.ascd.org\/how-covid-19-will-force-education-into-the-future\/<\/a><\/p>\n\n\n\n<h4 class=\"wp-block-heading\">Guidelines \/ recommendations<\/h4>\n\n\n\n<p>Education International (2020). <em>EI Guidance on Reopening Schools and Education Institutions.<\/em> <a rel=\"noreferrer noopener\" href=\"https:\/\/unescochair-ghe.org\/wp-content\/uploads\/2020\/07\/EI-Guidance-on-Reopening-Schools-and-Education-Institutions.pdf\" target=\"_blank\">EI-Guidance-on-Reopening-Schools-and-Education-Institutions.pdf<\/a><\/p>\n\n\n\n<p>Education International (2020). <em>Forward to school. Guidance, Considerations and Resources for and from Education Unions to Inform Decision-Making in Times of Covid-19<\/em>. <a href=\"https:\/\/unescochair-ghe.org\/wp-content\/uploads\/2020\/07\/2020_EI_ForwardToSchool_EN_Final-1.pdf\" target=\"_blank\" rel=\"noreferrer noopener\">EI-Forward-To-School.pdf<\/a><\/p>\n\n\n\n<p>Education International (2020). <em>Education International\u2019s response to the Covid-19 crisis in education<\/em>. <a rel=\"noreferrer noopener\" href=\"https:\/\/unescochair-ghe.org\/wp-content\/uploads\/2020\/07\/Overview-EI-response-to-Covid-19.pdf\" target=\"_blank\">Overview-EI-response-to-Covid-19.pdf<\/a><\/p>\n\n\n\n<p>Reimers, F.M., &amp; Schleicher, A. (2020). A framework to guide an education response to the COVID-19 Pandemic of 2020. OECD. <a href=\"https:\/\/read.oecd-ilibrary.org\/view\/?ref=126_126988-t63lxosohs&amp;title=A-framework-to-guide-an-education-response-to-the-Covid-19-Pandemic-of-2020\">https:\/\/read.oecd-ilibrary.org\/view\/?ref=126_126988-t63lxosohs&amp;title=A-framework-to-guide-an-education-response-to-the-Covid-19-Pandemic-of-2020<\/a><\/p>\n\n\n\n<p>WASH in Schools Network (2020). Knowledge Map: WASH in Schools and Coronavirus. <a href=\"https:\/\/www.susana.org\/en\/knowledge-hub\/resources-and-publications\/library\/details\/3831\">https:\/\/www.susana.org\/en\/knowledge-hub\/resources-and-publications\/library\/details\/3831<\/a><\/p>\n\n\n\n<h4 class=\"wp-block-heading\">Sites<\/h4>\n\n\n\n<p>Coronavirus Crisis and Schools &#8211; ASCD resources page: <a href=\"http:\/\/www.ascd.org\/research-a-topic\/coronavirus-crisis-resources.aspx\">http:\/\/www.ascd.org\/research-a-topic\/coronavirus-crisis-resources.aspx<\/a><\/p>\n\n\n\n<p>Education International information hub for educators and their unions during the COVID-19 crisis.&nbsp;<a href=\"https:\/\/www.ei-ie.org\/en\/dossierdetail\/16670\/covid-19-education-unions-stand-united-and-mobilise\">https:\/\/www.ei-ie.org\/en\/dossierdetail\/16670\/covid-19-education-unions-stand-united-and-mobilise<\/a><\/p>\n\n\n\n<p>Preliminary results of the survey on school reopening. English version: <a href=\"https:\/\/unescochair-ghe.org\/fa\/resources\/themes-covid-19\/preview-survey-school-reopening\/\">https:\/\/unescochair-ghe.org\/resources\/themes-covid-19\/preview-survey-school-reopening\/<\/a> French version: <a href=\"https:\/\/chaireunesco-es.org\/ressources\/theme-covid-19\/rapport-preliminaire-sur-la-reouverture-des-ecoles\/\">https:\/\/chaireunesco-es.org\/ressources\/theme-covid-19\/rapport-preliminaire-sur-la-reouverture-des-ecoles\/<\/a><\/p>\n\n\n\n<p>R\u00e9ussir, Etre bien, Etre ensemble (REBEE) (Succeed, Be Well, Be Together). Resources to ensure educational continuity. English version: <a href=\"https:\/\/unescochair-ghe.org\/fa\/resources\/themes-covid-19\/ensuring-educational-continuity-during-school-closures\/\">https:\/\/unescochair-ghe.org\/resources\/themes-covid-19\/ensuring-educational-continuity-during-school-closures\/<\/a> French version: <a href=\"https:\/\/covid19.rebee.chaireunesco-es.org\/\">https:\/\/covid19.rebee.chaireunesco-es.org\/<\/a> &nbsp;<\/p>\n\n\n\n<p>UNESCO COVID-19 Education issue notes. <a href=\"https:\/\/en.unesco.org\/covid19\/educationresponse\/issuenotes\">https:\/\/en.unesco.org\/covid19\/educationresponse\/issuenotes<\/a><\/p>\n\n\n\n<hr class=\"wp-block-separator is-style-wide\" \/>\n\n\n\n<p>This webinar is supported by the International Association for Adolescent Health (IAAH), ASCD, Education International (EI), Emerald Publishing, and the University of Clermont Auvergne (UCA).<\/p>\n\n\n\n<div class=\"wp-block-image\"><figure class=\"aligncenter size-large\"><a href=\"https:\/\/unescochair-ghe.org\/wp-content\/uploads\/2020\/07\/Image-webinar-13-July.png\"><img decoding=\"async\" width=\"1024\" height=\"692\" data-src=\"https:\/\/unescochair-ghe.org\/wp-content\/uploads\/2020\/07\/Image-webinar-13-July-1-1024x692.png\" alt=\"\" class=\"wp-image-1746 lazyload\" data-srcset=\"https:\/\/unescochair-ghe.org\/wp-content\/uploads\/2020\/07\/Image-webinar-13-July-1-1024x692.png 1024w, https:\/\/unescochair-ghe.org\/wp-content\/uploads\/2020\/07\/Image-webinar-13-July-1-300x203.png 300w, https:\/\/unescochair-ghe.org\/wp-content\/uploads\/2020\/07\/Image-webinar-13-July-1-768x519.png 768w, https:\/\/unescochair-ghe.org\/wp-content\/uploads\/2020\/07\/Image-webinar-13-July-1-373x252.png 373w, https:\/\/unescochair-ghe.org\/wp-content\/uploads\/2020\/07\/Image-webinar-13-July-1.png 1091w\" data-sizes=\"(max-width: 1024px) 100vw, 1024px\" src=\"data:image\/svg+xml;base64,PHN2ZyB3aWR0aD0iMSIgaGVpZ2h0PSIxIiB4bWxucz0iaHR0cDovL3d3dy53My5vcmcvMjAwMC9zdmciPjwvc3ZnPg==\" style=\"--smush-placeholder-width: 1024px; --smush-placeholder-aspect-ratio: 1024\/692;\" \/><\/a><\/figure><\/div>","protected":false},"excerpt":{"rendered":"<p>Global Health &amp; Education webinar series 13 July 2020 Nicola Gray, on behalf of UNESCO Chair Global Health &amp; Education and International Association for Adolescent Health (IAAH) Sean Slade, Senior &hellip;<\/p>","protected":false},"author":1,"featured_media":1746,"comment_status":"closed","ping_status":"closed","sticky":false,"template":"","format":"standard","meta":{"footnotes":"","_links_to":"","_links_to_target":""},"categories":[48],"tags":[],"class_list":["post-1721","post","type-post","status-publish","format-standard","has-post-thumbnail","hentry","category-webinar"],"_links":{"self":[{"href":"https:\/\/unescochair-ghe.org\/fa\/wp-json\/wp\/v2\/posts\/1721","targetHints":{"allow":["GET"]}}],"collection":[{"href":"https:\/\/unescochair-ghe.org\/fa\/wp-json\/wp\/v2\/posts"}],"about":[{"href":"https:\/\/unescochair-ghe.org\/fa\/wp-json\/wp\/v2\/types\/post"}],"author":[{"embeddable":true,"href":"https:\/\/unescochair-ghe.org\/fa\/wp-json\/wp\/v2\/users\/1"}],"replies":[{"embeddable":true,"href":"https:\/\/unescochair-ghe.org\/fa\/wp-json\/wp\/v2\/comments?post=1721"}],"version-history":[{"count":40,"href":"https:\/\/unescochair-ghe.org\/fa\/wp-json\/wp\/v2\/posts\/1721\/revisions"}],"predecessor-version":[{"id":2897,"href":"https:\/\/unescochair-ghe.org\/fa\/wp-json\/wp\/v2\/posts\/1721\/revisions\/2897"}],"wp:featuredmedia":[{"embeddable":true,"href":"https:\/\/unescochair-ghe.org\/fa\/wp-json\/wp\/v2\/media\/1746"}],"wp:attachment":[{"href":"https:\/\/unescochair-ghe.org\/fa\/wp-json\/wp\/v2\/media?parent=1721"}],"wp:term":[{"taxonomy":"category","embeddable":true,"href":"https:\/\/unescochair-ghe.org\/fa\/wp-json\/wp\/v2\/categories?post=1721"},{"taxonomy":"post_tag","embeddable":true,"href":"https:\/\/unescochair-ghe.org\/fa\/wp-json\/wp\/v2\/tags?post=1721"}],"curies":[{"name":"wp","href":"https:\/\/api.w.org\/{rel}","templated":true}]}}