{"id":1570,"date":"2020-06-18T14:19:28","date_gmt":"2020-06-18T14:19:28","guid":{"rendered":"https:\/\/unescochair-ghe.org\/?page_id=1570"},"modified":"2021-01-14T10:59:04","modified_gmt":"2021-01-14T10:59:04","slug":"health-promotion-responses-to-the-covid-19-pandemic","status":"publish","type":"post","link":"https:\/\/unescochair-ghe.org\/fa\/health-promotion-responses-to-the-covid-19-pandemic\/","title":{"rendered":"Health promotion responses to the COVID-19 pandemic"},"content":{"rendered":"<h3 class=\"wp-block-heading\">\u0633\u0631\u06cc \u0648\u0628\u06cc\u0646\u0627\u0631 \u0647\u0627\u06cc \u06a9\u0631\u0633\u06cc \u062c\u0647\u0627\u0646\u06cc \u0633\u0644\u0627\u0645\u062a \u0648 \u0622\u0645\u0648\u0632\u0634<\/h3>\n\n\n\n<h3 class=\"wp-block-heading\">22 June 2020<\/h3>\n\n\n\n<div class=\"wp-block-image is-style-rounded\"><figure class=\"alignleft\"><a href=\"https:\/\/unescochair-ghe.org\/wp-content\/uploads\/2020\/06\/Stephan-VdB-pic-300x291-1.png\"><img decoding=\"async\" width=\"150\" height=\"150\" data-src=\"https:\/\/unescochair-ghe.org\/wp-content\/uploads\/2020\/06\/Stephan-VdB-pic-300x291-1-150x150.png\" alt=\"\" class=\"wp-image-1571 lazyload\" src=\"data:image\/svg+xml;base64,PHN2ZyB3aWR0aD0iMSIgaGVpZ2h0PSIxIiB4bWxucz0iaHR0cDovL3d3dy53My5vcmcvMjAwMC9zdmciPjwvc3ZnPg==\" style=\"--smush-placeholder-width: 150px; --smush-placeholder-aspect-ratio: 150\/150;\" \/><\/a><\/figure><\/div>\n\n\n\n<p><i class=\"fas fa-microphone\"> <\/i> <strong>Stephan Van den Broucke<\/strong>, Vice-Dean of the Catholic University of Leuven and Vice-President for Scientific Affairs of the International Union for Health Promotion and Education (IUHPE)<\/p>\n\n\n\n<p> <i class=\"fas fa-globe\"><\/i> English<\/p>\n\n\n\n<p><\/p>\n\n\n\n<hr class=\"wp-block-separator is-style-wide\" \/>\n\n\n\n<div class=\"wp-block-group is-layout-flow wp-block-group-is-layout-flow\"><div class=\"wp-block-group__inner-container\"><\/div><\/div>\n\n\n\n<p><strong>\u062e\u0644\u0627\u0635\u0647<\/strong>:&nbsp;In response to the current pandemic, governments around the world have taken unprecedented actions. Health (or more precisely the threat of disease) has become the primary concern, taking precedence over other political, economic or social issues.<\/p>\n\n\n\n<p>Facing responses that are now mostly focused on disease prevention, health promotion needs to make its specific perspective heard. We need to remind everyone that health depends on a number of political, economic, social and environmental determinants. All these have an impact to everyone in the world in various levels. This is why health promotion always consists of two inseparable components: action on the ecosystem of people and action on the development of people&#8217;s capacities. Now more than ever, the current situation is reminding us of how health literacy &#8211; the ability of individuals to access and understand health information so that they can use it in a sensible way &#8211; is decisive in the implementation of preventive measures and the development of the epidemic. What can the appropriate responses be to the COVID-19 pandemic from a health promotion perspective?<\/p>\n\n\n\n<hr class=\"wp-block-separator is-style-wide\" \/>\n\n\n\n<h3 class=\"wp-block-heading\">Our speakers&#8217; contribution<\/h3>\n\n\n\n<p>The purpose of this webinar is to highlight the contribution of health promotion to the COVID-19 pandemic by answering the following three questions:<\/p>\n\n\n\n<div class=\"wp-block-group\"><div class=\"wp-block-group__inner-container is-layout-flow wp-block-group-is-layout-flow\">\n<p><strong>What can health promotion contribute in terms of management of the pandemic?<\/strong><\/p>\n\n\n\n<figure class=\"wp-block-embed alignleft is-type-video is-provider-youtube wp-block-embed-youtube wp-embed-aspect-16-9 wp-has-aspect-ratio\"><div class=\"wp-block-embed__wrapper\">\n<iframe title=\"Webinar Stephan Van den Broucke : Health promotion responses to the COVID-19 pandemic - Question 1\" width=\"1233\" height=\"694\" data-src=\"https:\/\/www.youtube.com\/embed\/gs0tAw3KZVA?feature=oembed\" frameborder=\"0\" allow=\"accelerometer; autoplay; clipboard-write; encrypted-media; gyroscope; picture-in-picture; web-share\" referrerpolicy=\"strict-origin-when-cross-origin\" allowfullscreen src=\"data:image\/svg+xml;base64,PHN2ZyB3aWR0aD0iMSIgaGVpZ2h0PSIxIiB4bWxucz0iaHR0cDovL3d3dy53My5vcmcvMjAwMC9zdmciPjwvc3ZnPg==\" class=\"lazyload\" data-load-mode=\"1\"><\/iframe>\n<\/div><\/figure>\n<\/div><\/div>\n\n\n\n<div style=\"height:20px\" aria-hidden=\"true\" class=\"wp-block-spacer\"><\/div>\n\n\n\n<p><strong>Fake news, understanding complex issues, health knowledge: how to develop the capacity of each individual to take charge of their own health?<\/strong><\/p>\n\n\n\n<figure class=\"wp-block-embed alignleft is-type-video is-provider-youtube wp-block-embed-youtube wp-embed-aspect-16-9 wp-has-aspect-ratio\"><div class=\"wp-block-embed__wrapper\">\n<iframe title=\"Webinar Stephan Van den Broucke : Health promotion responses to the COVID-19 pandemic - Question 2\" width=\"1233\" height=\"694\" data-src=\"https:\/\/www.youtube.com\/embed\/EtQ81WWRb6g?feature=oembed\" frameborder=\"0\" allow=\"accelerometer; autoplay; clipboard-write; encrypted-media; gyroscope; picture-in-picture; web-share\" referrerpolicy=\"strict-origin-when-cross-origin\" allowfullscreen src=\"data:image\/svg+xml;base64,PHN2ZyB3aWR0aD0iMSIgaGVpZ2h0PSIxIiB4bWxucz0iaHR0cDovL3d3dy53My5vcmcvMjAwMC9zdmciPjwvc3ZnPg==\" class=\"lazyload\" data-load-mode=\"1\"><\/iframe>\n<\/div><\/figure>\n\n\n\n<div style=\"height:20px\" aria-hidden=\"true\" class=\"wp-block-spacer\"><\/div>\n\n\n\n<p class=\"has-text-align-left\"><strong>There will probably be several waves of COVID-19 outbreaks or other pandemics.<\/strong> <strong>What are the health promotion recommendations for a sustainable response to the pandemic and for the future?<\/strong><\/p>\n\n\n\n<figure class=\"wp-block-embed alignleft is-type-video is-provider-youtube wp-block-embed-youtube wp-embed-aspect-16-9 wp-has-aspect-ratio\"><div class=\"wp-block-embed__wrapper\">\n<iframe title=\"Webinar Stephan Van den Broucke : Health promotion responses to the COVID-19 pandemic - Question 3\" width=\"1233\" height=\"694\" data-src=\"https:\/\/www.youtube.com\/embed\/vtj7fECdBeg?feature=oembed\" frameborder=\"0\" allow=\"accelerometer; autoplay; clipboard-write; encrypted-media; gyroscope; picture-in-picture; web-share\" referrerpolicy=\"strict-origin-when-cross-origin\" allowfullscreen src=\"data:image\/svg+xml;base64,PHN2ZyB3aWR0aD0iMSIgaGVpZ2h0PSIxIiB4bWxucz0iaHR0cDovL3d3dy53My5vcmcvMjAwMC9zdmciPjwvc3ZnPg==\" class=\"lazyload\" data-load-mode=\"1\"><\/iframe>\n<\/div><\/figure>\n\n\n\n<div style=\"height:20px\" aria-hidden=\"true\" class=\"wp-block-spacer\"><\/div>\n\n\n\n<p>Full video of the webinar<\/p>\n\n\n\n<figure class=\"wp-block-embed alignleft is-type-video is-provider-youtube wp-block-embed-youtube wp-embed-aspect-16-9 wp-has-aspect-ratio\"><div class=\"wp-block-embed__wrapper\">\n<iframe title=\"Webinar Stephan Van den Broucke : Health promotion responses to the COVID-19 pandemic\" width=\"1233\" height=\"694\" data-src=\"https:\/\/www.youtube.com\/embed\/9JQ_ldNKlng?feature=oembed\" frameborder=\"0\" allow=\"accelerometer; autoplay; clipboard-write; encrypted-media; gyroscope; picture-in-picture; web-share\" referrerpolicy=\"strict-origin-when-cross-origin\" allowfullscreen src=\"data:image\/svg+xml;base64,PHN2ZyB3aWR0aD0iMSIgaGVpZ2h0PSIxIiB4bWxucz0iaHR0cDovL3d3dy53My5vcmcvMjAwMC9zdmciPjwvc3ZnPg==\" class=\"lazyload\" data-load-mode=\"1\"><\/iframe>\n<\/div><\/figure>\n\n\n\n<div style=\"height:20px\" aria-hidden=\"true\" class=\"wp-block-spacer\"><\/div>\n\n\n\n<p><strong><a href=\"https:\/\/unescochair-ghe.org\/wp-content\/uploads\/2020\/06\/Webinaire-COVID19-Global-Health-Education_ENG-incl-slides-Chair.pdf\">The ppt presentation of the webinar<\/a><\/strong><\/p>\n\n\n\n<hr class=\"wp-block-separator is-style-wide\" \/>\n\n\n\n<h3 class=\"wp-block-heading\">Participants&#8217; contributions<\/h3>\n\n\n\n<p><strong>What are your key words to describe the contribution of health promotion in managing the pandemic?<\/strong><\/p>\n\n\n\n<figure class=\"wp-block-image size-large\"><img decoding=\"async\" width=\"1024\" height=\"311\" data-src=\"https:\/\/unescochair-ghe.org\/wp-content\/uploads\/2020\/06\/Word-cloud-1024x311.png\" alt=\"\" class=\"wp-image-1660 lazyload\" data-srcset=\"https:\/\/unescochair-ghe.org\/wp-content\/uploads\/2020\/06\/Word-cloud-1024x311.png 1024w, https:\/\/unescochair-ghe.org\/wp-content\/uploads\/2020\/06\/Word-cloud-300x91.png 300w, https:\/\/unescochair-ghe.org\/wp-content\/uploads\/2020\/06\/Word-cloud-768x233.png 768w, https:\/\/unescochair-ghe.org\/wp-content\/uploads\/2020\/06\/Word-cloud-1536x466.png 1536w, https:\/\/unescochair-ghe.org\/wp-content\/uploads\/2020\/06\/Word-cloud-373x113.png 373w, https:\/\/unescochair-ghe.org\/wp-content\/uploads\/2020\/06\/Word-cloud.png 1757w\" data-sizes=\"(max-width: 1024px) 100vw, 1024px\" src=\"data:image\/svg+xml;base64,PHN2ZyB3aWR0aD0iMSIgaGVpZ2h0PSIxIiB4bWxucz0iaHR0cDovL3d3dy53My5vcmcvMjAwMC9zdmciPjwvc3ZnPg==\" style=\"--smush-placeholder-width: 1024px; --smush-placeholder-aspect-ratio: 1024\/311;\" \/><\/figure>\n\n\n\n<p><strong>Do you think the people have the necessary skills to deal with the COVID-19 pandemic?<\/strong><\/p>\n\n\n\n<figure class=\"wp-block-image size-large\"><img decoding=\"async\" width=\"1024\" height=\"405\" data-src=\"https:\/\/unescochair-ghe.org\/wp-content\/uploads\/2020\/06\/Vraag-2-1024x405.png\" alt=\"\" class=\"wp-image-1662 lazyload\" data-srcset=\"https:\/\/unescochair-ghe.org\/wp-content\/uploads\/2020\/06\/Vraag-2-1024x405.png 1024w, https:\/\/unescochair-ghe.org\/wp-content\/uploads\/2020\/06\/Vraag-2-300x119.png 300w, https:\/\/unescochair-ghe.org\/wp-content\/uploads\/2020\/06\/Vraag-2-768x303.png 768w, https:\/\/unescochair-ghe.org\/wp-content\/uploads\/2020\/06\/Vraag-2-1536x607.png 1536w, https:\/\/unescochair-ghe.org\/wp-content\/uploads\/2020\/06\/Vraag-2-373x147.png 373w, https:\/\/unescochair-ghe.org\/wp-content\/uploads\/2020\/06\/Vraag-2.png 1769w\" data-sizes=\"(max-width: 1024px) 100vw, 1024px\" src=\"data:image\/svg+xml;base64,PHN2ZyB3aWR0aD0iMSIgaGVpZ2h0PSIxIiB4bWxucz0iaHR0cDovL3d3dy53My5vcmcvMjAwMC9zdmciPjwvc3ZnPg==\" style=\"--smush-placeholder-width: 1024px; --smush-placeholder-aspect-ratio: 1024\/405;\" \/><\/figure>\n\n\n\n<p><strong>Will health promotion be widely implemented in managing future pandemics?<\/strong><\/p>\n\n\n\n<div class=\"wp-block-group is-layout-flow wp-block-group-is-layout-flow\"><div class=\"wp-block-group__inner-container\"><\/div><\/div>\n\n\n\n<figure class=\"wp-block-image size-large\"><img decoding=\"async\" width=\"1024\" height=\"451\" data-src=\"https:\/\/unescochair-ghe.org\/wp-content\/uploads\/2020\/06\/Vraag-3-1024x451.png\" alt=\"\" class=\"wp-image-1665 lazyload\" data-srcset=\"https:\/\/unescochair-ghe.org\/wp-content\/uploads\/2020\/06\/Vraag-3-1024x451.png 1024w, https:\/\/unescochair-ghe.org\/wp-content\/uploads\/2020\/06\/Vraag-3-300x132.png 300w, https:\/\/unescochair-ghe.org\/wp-content\/uploads\/2020\/06\/Vraag-3-768x338.png 768w, https:\/\/unescochair-ghe.org\/wp-content\/uploads\/2020\/06\/Vraag-3-1536x676.png 1536w, https:\/\/unescochair-ghe.org\/wp-content\/uploads\/2020\/06\/Vraag-3-373x164.png 373w, https:\/\/unescochair-ghe.org\/wp-content\/uploads\/2020\/06\/Vraag-3.png 1765w\" data-sizes=\"(max-width: 1024px) 100vw, 1024px\" src=\"data:image\/svg+xml;base64,PHN2ZyB3aWR0aD0iMSIgaGVpZ2h0PSIxIiB4bWxucz0iaHR0cDovL3d3dy53My5vcmcvMjAwMC9zdmciPjwvc3ZnPg==\" style=\"--smush-placeholder-width: 1024px; --smush-placeholder-aspect-ratio: 1024\/451;\" \/><\/figure>\n\n\n\n<hr class=\"wp-block-separator is-style-wide\" \/>\n\n\n\n<h3 class=\"wp-block-heading\">\u0645\u0646\u0627\u0628\u0639<\/h3>\n\n\n\n<h4 class=\"wp-block-heading\">\u0645\u0642\u0627\u0644\u0627\u062a<\/h4>\n\n\n\n<ul class=\"wp-block-list\"><li>Van den Broucke, S. (2020). Why health promotion matters to the COVID-19 pandemic, and vice versa.&nbsp;<em>Health Promotion International, daaa042.&nbsp;<\/em><a href=\"https:\/\/doi.org\/10.1093\/heapro\/daaa042\">https:\/\/doi.org\/10.1093\/heapro\/daaa042<\/a><\/li><li>Michie, S. West, R. Aml\u00f4t, R. Rubin, J. (2020). Slowing down the covid-19 outbrea<em>k: changing behaviour by understanding it.<\/em>&nbsp;<em>thebmjopinion.&nbsp;<\/em><a href=\"https:\/\/blogs.bmj.com\/bmj\/2020\/03\/11\/slowing-down-the-covid-19-outbreak-changing-behaviour-by-understanding-it\/\">https:\/\/blogs.bmj.com\/bmj\/2020\/03\/11\/slowing-down-the-covid-19-outbreak-changing-behaviour-by-understanding-it\/<\/a><\/li><li>S\u00f8rensen, K., Messer, M., &amp; Okan, O. (s.&nbsp;d.). (2020, mars 19). COVID-19\u202f: A guide to good practice on keeping people well informed.&nbsp;<em>The Conversation.&nbsp;<\/em><a href=\"http:\/\/theconversation.com\/covid-19-a-guide-to-good-practice-on-keeping-people-well-informed-134046\">http:\/\/theconversation.com\/covid-19-a-guide-to-good-practice-on-keeping-people-well-informed-134046<\/a><\/li><li>Betsch, C., Wieler, L. H., &amp; Habersaat, K. (2020). Monitoring behavioural insights related to COVID-19.&nbsp;<em>The Lancet<\/em>,&nbsp;<em>395<\/em>(10232), 1255\u20111256.&nbsp;<a href=\"https:\/\/doi.org\/10.1016\/S0140-6736(20)30729-7\">https:\/\/doi.org\/10.1016\/S0140-6736(20)30729-7<\/a><\/li><li>Saboga-Nunes, L. Jourdan, D. Van den Broucke, D. Barry, B. Levin-Zamir, D. Bittlingmayer, U. Contu, P. Pinheiro; P. Ivassenko, V. Orkan Okan, Comeau, L. (2020). A Health Promotion Focus on COVID-19: Keep the Trojan horse out of our health systems.&nbsp;<em>EUPHA-HP, IUHPE, UNESCO Chair Global Health &amp; Education<\/em>. English version :&nbsp;<a href=\"https:\/\/www.iuhpe.org\/images\/IUHPE\/Advocacy\/COVID19_HealthPromotion.pdf\">https:\/\/www.iuhpe.org\/images\/IUHPE\/Advocacy\/COVID19_HealthPromotion.pdf<\/a>. French version :&nbsp;<a href=\"https:\/\/chaireunesco-es.org\/wp-content\/uploads\/2020\/05\/A-Health-Promotion-Focus-on-COVID-19-FR.pdf\">https:\/\/chaireunesco-es.org\/wp-content\/uploads\/2020\/05\/A-Health-Promotion-Focus-on-COVID-19-FR.pdf<\/a><\/li><li>FNES. (2020). Tribune \u00ab \u00c9pid\u00e9mie, crise sanitaire et COVID-19 : le pouvoir d\u2019agir de la promotion de la sant\u00e9 \u00bb.&nbsp;<a href=\"https:\/\/www.fnes.fr\/publications-des-ireps\/tribune-epidemie-crise-sanitaire-et-covid-19-le-pouvoir-dagir-de-la-promotion-de-la-sante\">https:\/\/www.fnes.fr\/publications-des-ireps\/tribune-epidemie-crise-sanitaire-et-covid-19-le-pouvoir-dagir-de-la-promotion-de-la-sante<\/a><\/li><li>Lopes, H., McKay, V. Adult learning and education as a tool to contain pandemics: The COVID-19 experience.&nbsp;<em>Int Rev Educ<\/em>&nbsp;(2020). <a href=\"https:\/\/doi.org\/10.1007\/s11159-020-09843-0\" target=\"_blank\" rel=\"noreferrer noopener\">https:\/\/doi.org\/10.1007\/s11159-020-09843-0<\/a><\/li><\/ul>\n\n\n\n<h4 class=\"wp-block-heading\">Dossiers \/ guides \/ recommendations<\/h4>\n\n\n\n<ul class=\"wp-block-list\"><li>World Health Organisation for Europe. (2020). Survey tool and guidance.&nbsp;<a href=\"http:\/\/www.euro.who.int\/__data\/assets\/pdf_file\/0007\/436705\/COVID-19-survey-tool-and-guidance.pdf?ua=1\">http:\/\/www.euro.who.int\/__data\/assets\/pdf_file\/0007\/436705\/COVID-19-survey-tool-and-guidance.pdf?ua=1<\/a><\/li><li>FNES. (2017). La litt\u00e9ratie en sant\u00e9. Synth\u00e8se bibliographique.&nbsp;<a href=\"https:\/\/www.fnes.fr\/wp-content\/uploads\/2018\/01\/Litt%C3%A9ratie-en-sant%C3%A9-Synth-biblio-Fnes_VDEF2.pdf\">https:\/\/www.fnes.fr\/wp-content\/uploads\/2018\/01\/Litt%C3%A9ratie-en-sant%C3%A9-Synth-biblio-Fnes_VDEF2.pdf<\/a><\/li><li>Van den Broucke, S. (2017). La litt\u00e9ratie en sant\u00e9. Un concept critique pour la sant\u00e9 publique. La sant\u00e9 en action, n\u00b0 440, p11-13.&nbsp;<a href=\"https:\/\/www.santepubliquefrance.fr\/docs\/la-litteratie-en-sante-un-concept-critique-pour-la-sante-publique\">https:\/\/www.santepubliquefrance.fr\/docs\/la-litteratie-en-sante-un-concept-critique-pour-la-sante-publique<\/a><\/li><li>Cultures&amp;Sant\u00e9 (2020). Infographie : Covid-19 : Comment r\u00e9agir face \u00e0 l\u2019info ?&nbsp;<a rel=\"noreferrer noopener\" href=\"https:\/\/www.cultures-sante.be\/nos-outils\/outils-promotion-sante\/item\/546-covid-19-comment-reagir-face-a-l-info.html\" target=\"_blank\">https:\/\/www.cultures-sante.be\/nos-outils\/outils-promotion-sante\/item\/546-covid-19-comment-reagir-face-a-l-info.html<\/a><\/li><\/ul>\n\n\n\n<h4 class=\"wp-block-heading\">Sites<\/h4>\n\n\n\n<ul class=\"wp-block-list\"><li>EFPA\u2019s psychologist\u2019s support hub for COVID-19 crisis :&nbsp;<a href=\"https:\/\/efpa.magzmaker.com\/covid_19\">https:\/\/efpa.magzmaker.com\/covid_19<\/a><\/li><li>R\u00e9ussir, \u00catre bien, \u00catre ensemble. Ressources pour assurer la continuit\u00e9 p\u00e9dagogique :&nbsp;<a href=\"https:\/\/covid19.rebee.chaireunesco-es.org\/\">https:\/\/covid19.rebee.chaireunesco-es.org\/<\/a><\/li><\/ul>\n\n\n\n<hr class=\"wp-block-separator is-style-wide\" \/>\n\n\n\n<p>This webinar is supported by the International Union for Health Promotion (IUHPE), the European Public Health Association (EUPHA) Health Promotion section, ASCD, Emerald Publishing,&nbsp;the Society of State Leaders of Health and Physical Education, the International Alliance for Health, Physical Education, Dance and Sport (IAHPEDS)&nbsp;and the University of Clermont Auvergne (UCA).&nbsp;<\/p>\n\n\n\n<figure class=\"wp-block-image size-large\"><img decoding=\"async\" width=\"1024\" height=\"690\" data-src=\"https:\/\/unescochair-ghe.org\/wp-content\/uploads\/2020\/06\/Image-webinar-Stephan-1024x690.png\" alt=\"\" class=\"wp-image-1553 lazyload\" data-srcset=\"https:\/\/unescochair-ghe.org\/wp-content\/uploads\/2020\/06\/Image-webinar-Stephan-1024x690.png 1024w, https:\/\/unescochair-ghe.org\/wp-content\/uploads\/2020\/06\/Image-webinar-Stephan-300x202.png 300w, https:\/\/unescochair-ghe.org\/wp-content\/uploads\/2020\/06\/Image-webinar-Stephan-768x518.png 768w, https:\/\/unescochair-ghe.org\/wp-content\/uploads\/2020\/06\/Image-webinar-Stephan-373x252.png 373w, https:\/\/unescochair-ghe.org\/wp-content\/uploads\/2020\/06\/Image-webinar-Stephan-272x182.png 272w, https:\/\/unescochair-ghe.org\/wp-content\/uploads\/2020\/06\/Image-webinar-Stephan.png 1265w\" data-sizes=\"(max-width: 1024px) 100vw, 1024px\" src=\"data:image\/svg+xml;base64,PHN2ZyB3aWR0aD0iMSIgaGVpZ2h0PSIxIiB4bWxucz0iaHR0cDovL3d3dy53My5vcmcvMjAwMC9zdmciPjwvc3ZnPg==\" style=\"--smush-placeholder-width: 1024px; --smush-placeholder-aspect-ratio: 1024\/690;\" \/><\/figure>","protected":false},"excerpt":{"rendered":"<p>Global Health &amp; Education webinar series 22 June 2020 Stephan Van den Broucke, Vice-Dean of the Catholic University of Leuven and Vice-President for Scientific Affairs of the International Union for &hellip;<\/p>","protected":false},"author":1,"featured_media":1496,"comment_status":"closed","ping_status":"closed","sticky":false,"template":"","format":"standard","meta":{"footnotes":"","_links_to":"","_links_to_target":""},"categories":[48],"tags":[],"class_list":["post-1570","post","type-post","status-publish","format-standard","has-post-thumbnail","hentry","category-webinar"],"_links":{"self":[{"href":"https:\/\/unescochair-ghe.org\/fa\/wp-json\/wp\/v2\/posts\/1570","targetHints":{"allow":["GET"]}}],"collection":[{"href":"https:\/\/unescochair-ghe.org\/fa\/wp-json\/wp\/v2\/posts"}],"about":[{"href":"https:\/\/unescochair-ghe.org\/fa\/wp-json\/wp\/v2\/types\/post"}],"author":[{"embeddable":true,"href":"https:\/\/unescochair-ghe.org\/fa\/wp-json\/wp\/v2\/users\/1"}],"replies":[{"embeddable":true,"href":"https:\/\/unescochair-ghe.org\/fa\/wp-json\/wp\/v2\/comments?post=1570"}],"version-history":[{"count":36,"href":"https:\/\/unescochair-ghe.org\/fa\/wp-json\/wp\/v2\/posts\/1570\/revisions"}],"predecessor-version":[{"id":2896,"href":"https:\/\/unescochair-ghe.org\/fa\/wp-json\/wp\/v2\/posts\/1570\/revisions\/2896"}],"wp:featuredmedia":[{"embeddable":true,"href":"https:\/\/unescochair-ghe.org\/fa\/wp-json\/wp\/v2\/media\/1496"}],"wp:attachment":[{"href":"https:\/\/unescochair-ghe.org\/fa\/wp-json\/wp\/v2\/media?parent=1570"}],"wp:term":[{"taxonomy":"category","embeddable":true,"href":"https:\/\/unescochair-ghe.org\/fa\/wp-json\/wp\/v2\/categories?post=1570"},{"taxonomy":"post_tag","embeddable":true,"href":"https:\/\/unescochair-ghe.org\/fa\/wp-json\/wp\/v2\/tags?post=1570"}],"curies":[{"name":"wp","href":"https:\/\/api.w.org\/{rel}","templated":true}]}}