{"id":10178,"date":"2026-04-07T11:31:25","date_gmt":"2026-04-07T09:31:25","guid":{"rendered":"https:\/\/unescochair-ghe.org\/?p=10178"},"modified":"2026-04-07T11:34:37","modified_gmt":"2026-04-07T09:34:37","slug":"15-april-2026-empowering-communities-the-experience-of-saint-louis-senegal","status":"publish","type":"post","link":"https:\/\/unescochair-ghe.org\/fa\/15-april-2026-empowering-communities-the-experience-of-saint-louis-senegal\/","title":{"rendered":"15 April 2026 \u2013 Empowering communities: the experience of Saint-Louis (Senegal)"},"content":{"rendered":"<p><strong>Time<\/strong>: 1.00\u20133.00 pm (Dakar) 3.00\u20134.00 pm (Paris)<\/p>\n\n\n\n<p><strong>Language<\/strong>: This webinar will be held in French<\/p>\n\n\n\n<p><strong>Registration<\/strong>: https:\/\/y.uca.fr\/sante.communautaire<\/p>\n\n\n\n<figure class=\"wp-block-image size-thumbnail\"><img decoding=\"async\" width=\"150\" height=\"150\" data-src=\"https:\/\/unescochair-ghe.org\/wp-content\/uploads\/2026\/04\/image-150x150.png\" alt=\"\" class=\"wp-image-10179 lazyload\" data-srcset=\"https:\/\/unescochair-ghe.org\/wp-content\/uploads\/2026\/04\/image-150x150.png 150w, https:\/\/unescochair-ghe.org\/wp-content\/uploads\/2026\/04\/image-12x12.png 12w, https:\/\/unescochair-ghe.org\/wp-content\/uploads\/2026\/04\/image.png 300w\" data-sizes=\"(max-width: 150px) 100vw, 150px\" src=\"data:image\/svg+xml;base64,PHN2ZyB3aWR0aD0iMSIgaGVpZ2h0PSIxIiB4bWxucz0iaHR0cDovL3d3dy53My5vcmcvMjAwMC9zdmciPjwvc3ZnPg==\" style=\"--smush-placeholder-width: 150px; --smush-placeholder-aspect-ratio: 150\/150;\" \/><\/figure>\n\n\n\n<hr class=\"wp-block-separator has-alpha-channel-opacity is-style-wide\" \/>\n\n\n\n<h2 class=\"wp-block-heading\">Description<\/h2>\n\n\n\n<p>Public health is shaped at the local level, at the intersection of social and cultural dynamics and the practices of those working on the ground. In this context, community-based approaches play a central role in addressing the determinants of health in a sustainable manner, by recognising communities as active agents in the changes that affect them.<\/p>\n\n\n\n<p>This webinar will focus on sharing experiences from a community health initiative in Saint-Louis (Senegal), led by Abdou Khaly Mbodj and the D\u00ebkkandoo consortium. Focusing on nutrition, women\u2019s empowerment and local development, this initiative draws on a broad network of community stakeholders and combines on-the-ground activities (gardens, income-generating activities, monitoring children\u2019s growth) with local capacity-building, based on a philosophy of working with and through communities.<\/p>\n\n\n\n<p>Through this initiative, we will explore, in a practical and operational way, how community-led initiatives are developed and implemented, particularly with regard to empowering communities.<\/p>\n\n\n\n<p>Two panellists will provide insights into the challenges, implementation conditions and lessons that can be applied to other contexts, with a view to promoting health.<\/p>\n\n\n\n<p>The discussions will be structured around three questions:<\/p>\n\n\n\n<ul class=\"wp-block-list\">\n<li>How can we work effectively with communities in specific local contexts?<\/li>\n\n\n\n<li>What factors \u2013 as well as what challenges or difficulties \u2013 are involved in implementing a community-based approach to health?<\/li>\n\n\n\n<li>What lessons can be drawn from this experience for action and practice in other contexts?<\/li>\n<\/ul>\n\n\n\n<hr class=\"wp-block-separator has-alpha-channel-opacity is-style-wide\" \/>\n\n\n\n<h2 class=\"wp-block-heading\">Our guest<\/h2>\n\n\n\n<div class=\"wp-block-columns are-vertically-aligned-center is-layout-flex wp-container-core-columns-is-layout-9d6595d7 wp-block-columns-is-layout-flex\">\n<div class=\"wp-block-column is-vertically-aligned-center is-layout-flow wp-block-column-is-layout-flow\" style=\"flex-basis:33.33%\"><div class=\"wp-block-image is-style-rounded\">\n<figure class=\"aligncenter size-full is-resized\"><img decoding=\"async\" width=\"481\" height=\"481\" data-src=\"https:\/\/unescochair-ghe.org\/wp-content\/uploads\/2026\/04\/Abdou-Khaly-Mbodj-edited.jpg\" alt=\"\" class=\"wp-image-10182 lazyload\" style=\"--smush-placeholder-width: 481px; --smush-placeholder-aspect-ratio: 481\/481;object-fit:cover;width:250px;height:250px\" data-srcset=\"https:\/\/unescochair-ghe.org\/wp-content\/uploads\/2026\/04\/Abdou-Khaly-Mbodj-edited.jpg 481w, https:\/\/unescochair-ghe.org\/wp-content\/uploads\/2026\/04\/Abdou-Khaly-Mbodj-edited-300x300.jpg 300w, https:\/\/unescochair-ghe.org\/wp-content\/uploads\/2026\/04\/Abdou-Khaly-Mbodj-edited-150x150.jpg 150w, https:\/\/unescochair-ghe.org\/wp-content\/uploads\/2026\/04\/Abdou-Khaly-Mbodj-edited-12x12.jpg 12w\" data-sizes=\"(max-width: 481px) 100vw, 481px\" src=\"data:image\/svg+xml;base64,PHN2ZyB3aWR0aD0iMSIgaGVpZ2h0PSIxIiB4bWxucz0iaHR0cDovL3d3dy53My5vcmcvMjAwMC9zdmciPjwvc3ZnPg==\" \/><\/figure>\n<\/div><\/div>\n\n\n\n<div class=\"wp-block-column is-vertically-aligned-center is-layout-flow wp-block-column-is-layout-flow\" style=\"flex-basis:66.66%\">\n<p><strong>Abdou Khaly Mbodj<\/strong> is a PhD student in community health at Alioune Diop University in Bambey, Senegal. He is the coordinator of the D\u00ebkkandoo consortium, through which he oversees the implementation of the Saint-Louis Nutrition Strengthening Project (PRN2S), an initiative rooted in local community dynamics that combines nutrition, development and community empowerment. Working at the interface between research and practice, he is also an associate lecturer on the professional bachelor\u2019s degree programme in health education and promotion at Cheikh Anta Diop University in Dakar, run in partnership with the UNESCO Chair in Global Health &amp; Education.<\/p>\n<\/div>\n<\/div>\n\n\n\n<h3 class=\"wp-block-heading\">Panellists<\/h3>\n\n\n\n<div class=\"wp-block-columns are-vertically-aligned-center is-layout-flex wp-container-core-columns-is-layout-9d6595d7 wp-block-columns-is-layout-flex\">\n<div class=\"wp-block-column is-vertically-aligned-center is-layout-flow wp-block-column-is-layout-flow\" style=\"flex-basis:33.33%\"><div class=\"wp-block-image is-style-rounded\">\n<figure class=\"aligncenter size-full is-resized\"><img decoding=\"async\" width=\"352\" height=\"352\" data-src=\"https:\/\/unescochair-ghe.org\/wp-content\/uploads\/2026\/04\/Julie-Sackou-edited.png\" alt=\"\" class=\"wp-image-10184 lazyload\" style=\"--smush-placeholder-width: 352px; --smush-placeholder-aspect-ratio: 352\/352;object-fit:cover;width:250px;height:250px\" data-srcset=\"https:\/\/unescochair-ghe.org\/wp-content\/uploads\/2026\/04\/Julie-Sackou-edited.png 352w, https:\/\/unescochair-ghe.org\/wp-content\/uploads\/2026\/04\/Julie-Sackou-edited-300x300.png 300w, https:\/\/unescochair-ghe.org\/wp-content\/uploads\/2026\/04\/Julie-Sackou-edited-150x150.png 150w, https:\/\/unescochair-ghe.org\/wp-content\/uploads\/2026\/04\/Julie-Sackou-edited-12x12.png 12w\" data-sizes=\"(max-width: 352px) 100vw, 352px\" src=\"data:image\/svg+xml;base64,PHN2ZyB3aWR0aD0iMSIgaGVpZ2h0PSIxIiB4bWxucz0iaHR0cDovL3d3dy53My5vcmcvMjAwMC9zdmciPjwvc3ZnPg==\" \/><\/figure>\n<\/div><\/div>\n\n\n\n<div class=\"wp-block-column is-vertically-aligned-center is-layout-flow wp-block-column-is-layout-flow\" style=\"flex-basis:66.66%\">\n<p><strong>Julie Sackou<\/strong> is a pharmacist and full professor of hygiene and public health at the Faculty of Pharmaceutical and Biological Sciences at F\u00e9lix Houphou\u00ebt-Boigny University (C\u00f4te d\u2019Ivoire). Holder of a University Diploma in Health Education from Sorbonne Paris Nord University, she develops training and research activities focused on public health and community health. She is responsible for community health placements within her faculty, contributing to the practical training of students in line with real-world conditions. She also holds institutional responsibilities as Head of Department at the Centre for Research and Studies in Population Health, Health Policies and Health Systems at the National Institute of Public Health of C\u00f4te d\u2019Ivoire. She is also Editor-in-Chief of the C\u00f4te d\u2019Ivoire Public Health Bulletin.<\/p>\n<\/div>\n<\/div>\n\n\n\n<div class=\"wp-block-columns is-layout-flex wp-container-core-columns-is-layout-9d6595d7 wp-block-columns-is-layout-flex\">\n<div class=\"wp-block-column is-layout-flow wp-block-column-is-layout-flow\" style=\"flex-basis:33.33%\"><div class=\"wp-block-image is-style-rounded\">\n<figure class=\"aligncenter size-full is-resized\"><img decoding=\"async\" width=\"779\" height=\"779\" data-src=\"https:\/\/unescochair-ghe.org\/wp-content\/uploads\/2021\/07\/BRETON_Eric_web-2-edited.jpg\" alt=\"\" class=\"wp-image-4167 lazyload\" style=\"--smush-placeholder-width: 779px; --smush-placeholder-aspect-ratio: 779\/779;object-fit:cover;width:250px;height:250px\" data-srcset=\"https:\/\/unescochair-ghe.org\/wp-content\/uploads\/2021\/07\/BRETON_Eric_web-2-edited.jpg 779w, https:\/\/unescochair-ghe.org\/wp-content\/uploads\/2021\/07\/BRETON_Eric_web-2-edited-300x300.jpg 300w, https:\/\/unescochair-ghe.org\/wp-content\/uploads\/2021\/07\/BRETON_Eric_web-2-edited-150x150.jpg 150w, https:\/\/unescochair-ghe.org\/wp-content\/uploads\/2021\/07\/BRETON_Eric_web-2-edited-768x768.jpg 768w, https:\/\/unescochair-ghe.org\/wp-content\/uploads\/2021\/07\/BRETON_Eric_web-2-edited-12x12.jpg 12w, https:\/\/unescochair-ghe.org\/wp-content\/uploads\/2021\/07\/BRETON_Eric_web-2-edited-512x512.jpg 512w\" data-sizes=\"(max-width: 779px) 100vw, 779px\" src=\"data:image\/svg+xml;base64,PHN2ZyB3aWR0aD0iMSIgaGVpZ2h0PSIxIiB4bWxucz0iaHR0cDovL3d3dy53My5vcmcvMjAwMC9zdmciPjwvc3ZnPg==\" \/><\/figure>\n<\/div><\/div>\n\n\n\n<div class=\"wp-block-column is-layout-flow wp-block-column-is-layout-flow\" style=\"flex-basis:66.66%\">\n<p><strong>Eric Breton <\/strong>is Chair of the Health Promotion Section of EUPHA. He is a professor of health promotion at the \u00c9cole des hautes \u00e9tudes en sant\u00e9 publique (EHESP). Before settling in France, he gained extensive international research experience in Canada, Australia and the United Arab Emirates. His research focuses primarily on strategies for promoting policies to prevent non-communicable diseases, the evaluation of complex community interventions, and strategies for building local capacity in health and equity. He is an affiliated researcher with the UNESCO Chair Global Health &amp; Education and sits on various national and regional expert groups. In 2020, he co-edited with three other editors the second edition of the first health promotion handbook in French, a publication that drew on contributions from 40 authors across six countries.<\/p>\n<\/div>\n<\/div>\n\n\n\n<h2 class=\"wp-block-heading\">Moderator<\/h2>\n\n\n\n<div class=\"wp-block-columns is-layout-flex wp-container-core-columns-is-layout-9d6595d7 wp-block-columns-is-layout-flex\">\n<div class=\"wp-block-column is-layout-flow wp-block-column-is-layout-flow\" style=\"flex-basis:33.33%\"><div class=\"wp-block-image is-style-rounded\">\n<figure class=\"aligncenter size-full is-resized\"><img decoding=\"async\" width=\"383\" height=\"383\" data-src=\"https:\/\/unescochair-ghe.org\/wp-content\/uploads\/2026\/04\/Photo-ID-JC-Azorin-edited.jpg\" alt=\"\" class=\"wp-image-10186 lazyload\" style=\"--smush-placeholder-width: 383px; --smush-placeholder-aspect-ratio: 383\/383;object-fit:cover;width:250px;height:250px\" data-srcset=\"https:\/\/unescochair-ghe.org\/wp-content\/uploads\/2026\/04\/Photo-ID-JC-Azorin-edited.jpg 383w, https:\/\/unescochair-ghe.org\/wp-content\/uploads\/2026\/04\/Photo-ID-JC-Azorin-edited-300x300.jpg 300w, https:\/\/unescochair-ghe.org\/wp-content\/uploads\/2026\/04\/Photo-ID-JC-Azorin-edited-150x150.jpg 150w, https:\/\/unescochair-ghe.org\/wp-content\/uploads\/2026\/04\/Photo-ID-JC-Azorin-edited-12x12.jpg 12w\" data-sizes=\"(max-width: 383px) 100vw, 383px\" src=\"data:image\/svg+xml;base64,PHN2ZyB3aWR0aD0iMSIgaGVpZ2h0PSIxIiB4bWxucz0iaHR0cDovL3d3dy53My5vcmcvMjAwMC9zdmciPjwvc3ZnPg==\" \/><\/figure>\n<\/div><\/div>\n\n\n\n<div class=\"wp-block-column is-vertically-aligned-center is-layout-flow wp-block-column-is-layout-flow\" style=\"flex-basis:66.66%\">\n<p>Jean-Christophe Azorin is an associate professor off the UNESCO Chair Global Health &amp; Education. He works with various organisations focusing on community health, particularly in sub-Saharan Africa and Vietnam. He advises local authorities on the implementation of public health programmes aimed at the general population. Jean-Christophe Azorin is the founder and President of Participe Sant\u00e9 and Editor-in-Chief of the Revue Sant\u00e9 Scolaire et Universitaire, published by Elsevier.<\/p>\n<\/div>\n<\/div>\n\n\n\n<hr class=\"wp-block-separator has-alpha-channel-opacity is-style-wide\" \/>\n\n\n\n<figure class=\"wp-block-image size-full\"><img decoding=\"async\" width=\"1024\" height=\"536\" data-src=\"https:\/\/unescochair-ghe.org\/wp-content\/uploads\/2026\/04\/Flyer-webinaire-sante-communautaire-1024x536-1.png\" alt=\"\" class=\"wp-image-10187 lazyload\" data-srcset=\"https:\/\/unescochair-ghe.org\/wp-content\/uploads\/2026\/04\/Flyer-webinaire-sante-communautaire-1024x536-1.png 1024w, https:\/\/unescochair-ghe.org\/wp-content\/uploads\/2026\/04\/Flyer-webinaire-sante-communautaire-1024x536-1-300x157.png 300w, https:\/\/unescochair-ghe.org\/wp-content\/uploads\/2026\/04\/Flyer-webinaire-sante-communautaire-1024x536-1-768x402.png 768w, https:\/\/unescochair-ghe.org\/wp-content\/uploads\/2026\/04\/Flyer-webinaire-sante-communautaire-1024x536-1-18x9.png 18w, https:\/\/unescochair-ghe.org\/wp-content\/uploads\/2026\/04\/Flyer-webinaire-sante-communautaire-1024x536-1-494x259.png 494w\" data-sizes=\"(max-width: 1024px) 100vw, 1024px\" src=\"data:image\/svg+xml;base64,PHN2ZyB3aWR0aD0iMSIgaGVpZ2h0PSIxIiB4bWxucz0iaHR0cDovL3d3dy53My5vcmcvMjAwMC9zdmciPjwvc3ZnPg==\" style=\"--smush-placeholder-width: 1024px; --smush-placeholder-aspect-ratio: 1024\/536;\" \/><\/figure>","protected":false},"excerpt":{"rendered":"<p>Time: 1.00\u20133.00 pm (Dakar) 3.00\u20134.00 pm (Paris) Language: This webinar will be held in French Registration: https:\/\/y.uca.fr\/sante.communautaire Description Public health is shaped at the local level, at the intersection of &hellip;<\/p>","protected":false},"author":1115,"featured_media":10187,"comment_status":"closed","ping_status":"closed","sticky":false,"template":"","format":"standard","meta":{"footnotes":"","_links_to":"","_links_to_target":""},"categories":[1,48],"tags":[141,18,238,12,27],"class_list":["post-10178","post","type-post","status-publish","format-standard","has-post-thumbnail","hentry","category-news","category-webinar","tag-capacity-developement","tag-community","tag-community-health","tag-health-promotion","tag-webinar"],"_links":{"self":[{"href":"https:\/\/unescochair-ghe.org\/fa\/wp-json\/wp\/v2\/posts\/10178","targetHints":{"allow":["GET"]}}],"collection":[{"href":"https:\/\/unescochair-ghe.org\/fa\/wp-json\/wp\/v2\/posts"}],"about":[{"href":"https:\/\/unescochair-ghe.org\/fa\/wp-json\/wp\/v2\/types\/post"}],"author":[{"embeddable":true,"href":"https:\/\/unescochair-ghe.org\/fa\/wp-json\/wp\/v2\/users\/1115"}],"replies":[{"embeddable":true,"href":"https:\/\/unescochair-ghe.org\/fa\/wp-json\/wp\/v2\/comments?post=10178"}],"version-history":[{"count":3,"href":"https:\/\/unescochair-ghe.org\/fa\/wp-json\/wp\/v2\/posts\/10178\/revisions"}],"predecessor-version":[{"id":10189,"href":"https:\/\/unescochair-ghe.org\/fa\/wp-json\/wp\/v2\/posts\/10178\/revisions\/10189"}],"wp:featuredmedia":[{"embeddable":true,"href":"https:\/\/unescochair-ghe.org\/fa\/wp-json\/wp\/v2\/media\/10187"}],"wp:attachment":[{"href":"https:\/\/unescochair-ghe.org\/fa\/wp-json\/wp\/v2\/media?parent=10178"}],"wp:term":[{"taxonomy":"category","embeddable":true,"href":"https:\/\/unescochair-ghe.org\/fa\/wp-json\/wp\/v2\/categories?post=10178"},{"taxonomy":"post_tag","embeddable":true,"href":"https:\/\/unescochair-ghe.org\/fa\/wp-json\/wp\/v2\/tags?post=10178"}],"curies":[{"name":"wp","href":"https:\/\/api.w.org\/{rel}","templated":true}]}}